{"id":11238,"date":"2021-11-25T23:33:21","date_gmt":"2021-11-26T02:33:21","guid":{"rendered":"https:\/\/radiorevelacionfm.cl\/?p=11238"},"modified":"2021-11-25T23:33:21","modified_gmt":"2021-11-26T02:33:21","slug":"mas-de-26-mil-personas-aun-no-se-vacunan-con-dosis-de-refuerzo-en-aysen","status":"publish","type":"post","link":"https:\/\/radiorevelacionfm.cl\/?p=11238","title":{"rendered":"M\u00e1s de 26 mil personas a\u00fan no se vacunan con dosis de refuerzo en Ays\u00e9n"},"content":{"rendered":"<div class=\"flex_column av_one_full  flex_column_div av-zero-column-padding first  avia-builder-el-0  el_before_av_one_full  avia-builder-el-first  \" style='border-radius:0px; '><div  class='avia-image-container  av-styling-    avia-builder-el-1  avia-builder-el-no-sibling  avia-align-center '  itemprop=\"image\" itemscope=\"itemscope\" itemtype=\"https:\/\/schema.org\/ImageObject\"  ><div class='avia-image-container-inner'><div class='avia-image-overlay-wrap'><img decoding=\"async\" class='wp-image-11240 avia-img-lazy-loading-not-11240 avia_image' src=\"https:\/\/radiorevelacionfm.cl\/wp-content\/uploads\/2021\/11\/vacuna-foto-2-1.jpg\" alt='' title='vacuna - foto (2) (1)' height=\"600\" width=\"818\"  itemprop=\"thumbnailUrl\" srcset=\"https:\/\/radiorevelacionfm.cl\/wp-content\/uploads\/2021\/11\/vacuna-foto-2-1.jpg 818w, https:\/\/radiorevelacionfm.cl\/wp-content\/uploads\/2021\/11\/vacuna-foto-2-1-300x220.jpg 300w, https:\/\/radiorevelacionfm.cl\/wp-content\/uploads\/2021\/11\/vacuna-foto-2-1-768x563.jpg 768w, https:\/\/radiorevelacionfm.cl\/wp-content\/uploads\/2021\/11\/vacuna-foto-2-1-705x517.jpg 705w, https:\/\/radiorevelacionfm.cl\/wp-content\/uploads\/2021\/11\/vacuna-foto-2-1-600x440.jpg 600w\" sizes=\"(max-width: 818px) 100vw, 818px\" \/><\/div><\/div><\/div><\/div><div class=\"flex_column av_one_full  flex_column_div av-zero-column-padding first  avia-builder-el-2  el_after_av_one_full  el_before_av_one_full  column-top-margin\" style='border-radius:0px; '><section class=\"av_textblock_section \"  itemscope=\"itemscope\" itemtype=\"https:\/\/schema.org\/BlogPosting\" itemprop=\"blogPost\" ><div class='avia_textblock  '   itemprop=\"text\" ><p style=\"text-align: center;\"><strong><span style=\"font-size: 18pt;\">M\u00e1s de 26 mil personas a\u00fan no se vacunan con dosis de refuerzo en Ays\u00e9n<\/span><\/strong><\/p>\n<div id=\"gtx-trans\" style=\"position: absolute; left: -50px; top: 4.31534px;\">\n<div class=\"gtx-trans-icon\"><\/div>\n<\/div>\n<\/div><\/section><\/div><div class=\"flex_column av_one_full  flex_column_div av-zero-column-padding first  avia-builder-el-4  el_after_av_one_full  el_before_av_hr  column-top-margin\" style='border-radius:0px; '><section class=\"av_textblock_section \"  itemscope=\"itemscope\" itemtype=\"https:\/\/schema.org\/BlogPosting\" itemprop=\"blogPost\" ><div class='avia_textblock  '   itemprop=\"text\" ><p style=\"text-align: justify;\">Pese a la puesta en marcha de horarios especiales y de extensi\u00f3n en centros de vacunaci\u00f3n de la regi\u00f3n, el n\u00famero de personas que a\u00fan no recibe la dosis de refuerzo se presenta como uno de las mayores preocupaciones para los equipos de salud, debido al aumento de casos por COVID-19 que se han registrado en las \u00faltimas semanas, donde incluso han aumentado las hospitalizaciones producto de esta enfermedad.<\/p>\n<p style=\"text-align: justify;\">La informaci\u00f3n la dio a conocer la Seremi de Salud (s), Gloria Beecher, quien hizo un llamado a la comunidad para que se acerque a los centros de vacunaci\u00f3n para recibir la dosis de refuerzo. \u201cA la fecha, se estima que 26 mil 163 personas de la regi\u00f3n de Ays\u00e9n, por causas que desconocemos, no han acudido a los puntos de vacunaci\u00f3n que se han habilitado en todos los puntos de la regi\u00f3n, para recibir su dosis de refuerzo. Una situaci\u00f3n que necesitamos revertir entre todos, porque no solo se trata de una persona, sino que de la salud p\u00fablica de todas nuestras comunidades, ya que debemos cuidar a nuestros enfermos cr\u00f3nicos, nuestros adultos mayores y nuestros ni\u00f1os, porque el COVID-19 no se ha ido de la regi\u00f3n de Ays\u00e9n; al contrario, siempre estar\u00e1 a la espera de una oportunidad para generar brotes comunitarios que podr\u00edan provocar situaciones dif\u00edciles en nuestra red de salud\u201d.<\/p>\n<p style=\"text-align: justify;\">En el caso de adolescentes, de 12 a 17 a\u00f1os, se estima que el n\u00famero de personas de este segmento que no cuentan con su dosis de refuerzo alcanza a mil 441 personas.\u00a0 Mientras que en el grupo de ni\u00f1os de entre 06 a 11 a\u00f1os, las cifras indicar\u00edan que alrededor de 5 mil 466 adolescentes a\u00fan no reciben esta vacuna.<\/p>\n<p style=\"text-align: justify;\">Frente a este escenario, el Epidemi\u00f3logo Marco Acu\u00f1a, junto con hacer un llamado a la poblaci\u00f3n para que se acerque a recibir su dosis de refuerzo, fue enf\u00e1tico en se\u00f1alar que \u2013 independiente de que existan personas con esquema completo- se requiere mejorar nuestro sistema inmunol\u00f3gico. \u201cHoy debemos ser responsables, y debemos actuar todos juntos para evitar la proliferaci\u00f3n del COVID-19 en Ays\u00e9n. La dosis de refuerzo es necesaria para mejoras nuestros sistema inmunol\u00f3gico, y as\u00ed proteger a nuestras propias familias, es por eso que hacemos un llamado a la comunidad para que acuda a los centros de vacunaci\u00f3n porque el COVID-19 no se ha ido de la regi\u00f3n, prueba de ello son los m\u00e1s de veinte pacientes que est\u00e1n internados en el Hospital Regional, donde cerca del 44% de ellos no cuenta con ninguna vacuna\u201d.<\/p>\n<p style=\"text-align: justify;\">Finalmente, cabe se\u00f1alar que el punto de vacunaci\u00f3n del Gimnasio Municipal de calle Sim\u00f3n Bolivar N\u00ba400, ampli\u00f3 su horario de atenci\u00f3n de lunes a viernes, 09:30 a 19:30hrs. Mientras que los d\u00edas s\u00e1bado, atender\u00e1 de 09:30 a 13:30hrs. Conoce el calendario de vacunaci\u00f3n regional en <a href=\"http:\/\/www.saludaysen.cl\">www.saludaysen.cl<\/a><\/p>\n<\/div><\/section><\/div><div  style='height:50px' class='hr hr-invisible   avia-builder-el-6  el_after_av_one_full  el_before_av_social_share '><span class='hr-inner ' ><span class='hr-inner-style'><\/span><\/span><\/div><\/p>\n<div  class='av-social-sharing-box  avia-builder-el-7  el_after_av_hr  el_before_av_hr  '><div class='av-share-box'><h5 class='av-share-link-description av-no-toc '>Compartir esta noticia<\/h5><ul class='av-share-box-list noLightbox'><li class='av-share-link av-social-link-facebook' ><a target=\"_blank\" aria-label=\"Compartir en Facebook\" href='https:\/\/www.facebook.com\/sharer.php?u=https:\/\/radiorevelacionfm.cl\/?p=11238&#038;t=M%C3%A1s%20de%2026%20mil%20personas%20a%C3%BAn%20no%20se%20vacunan%20con%20dosis%20de%20refuerzo%20en%20Ays%C3%A9n' aria-hidden='false' data-av_icon='\ue8f3' data-av_iconfont='entypo-fontello' title='' data-avia-related-tooltip='Compartir en Facebook' rel=\"noopener\"><span class='avia_hidden_link_text'>Compartir en Facebook<\/span><\/a><\/li><li class='av-share-link av-social-link-twitter' ><a target=\"_blank\" aria-label=\"Compartir en Twitter\" href='https:\/\/twitter.com\/share?text=M%C3%A1s%20de%2026%20mil%20personas%20a%C3%BAn%20no%20se%20vacunan%20con%20dosis%20de%20refuerzo%20en%20Ays%C3%A9n&#038;url=https:\/\/radiorevelacionfm.cl\/?p=11238' aria-hidden='false' data-av_icon='\ue8f1' data-av_iconfont='entypo-fontello' title='' data-avia-related-tooltip='Compartir en Twitter' rel=\"noopener\"><span class='avia_hidden_link_text'>Compartir en Twitter<\/span><\/a><\/li><li class='av-share-link av-social-link-whatsapp' ><a target=\"_blank\" aria-label=\"Compartir en Whatsapp\" href='https:\/\/api.whatsapp.com\/send?text=https:\/\/radiorevelacionfm.cl\/?p=11238' aria-hidden='false' data-av_icon='\uf232' data-av_iconfont='entypo-fontello' title='' data-avia-related-tooltip='Compartir en Whatsapp' rel=\"noopener\"><span class='avia_hidden_link_text'>Compartir en Whatsapp<\/span><\/a><\/li><li class='av-share-link av-social-link-linkedin' ><a target=\"_blank\" aria-label=\"Compartir en LinkedIn\" href='https:\/\/linkedin.com\/shareArticle?mini=true&#038;title=M%C3%A1s%20de%2026%20mil%20personas%20a%C3%BAn%20no%20se%20vacunan%20con%20dosis%20de%20refuerzo%20en%20Ays%C3%A9n&#038;url=https:\/\/radiorevelacionfm.cl\/?p=11238' aria-hidden='false' data-av_icon='\ue8fc' data-av_iconfont='entypo-fontello' title='' data-avia-related-tooltip='Compartir en LinkedIn' rel=\"noopener\"><span class='avia_hidden_link_text'>Compartir en LinkedIn<\/span><\/a><\/li><li class='av-share-link av-social-link-mail' ><a  aria-label=\"Compartir por correo\" href='mailto:?subject=M%C3%A1s%20de%2026%20mil%20personas%20a%C3%BAn%20no%20se%20vacunan%20con%20dosis%20de%20refuerzo%20en%20Ays%C3%A9n&#038;body=https:\/\/radiorevelacionfm.cl\/?p=11238' aria-hidden='false' data-av_icon='\ue805' data-av_iconfont='entypo-fontello' title='' data-avia-related-tooltip='Compartir por correo'><span class='avia_hidden_link_text'>Compartir por correo<\/span><\/a><\/li><\/ul><\/div><\/div>\n<div  style='height:50px' class='hr hr-invisible   avia-builder-el-8  el_after_av_social_share  el_before_av_comments_list '><span class='hr-inner ' ><span class='hr-inner-style'><\/span><\/span><\/div>\n<div  class='av-buildercomment  av-blog-meta-html-info-disabled av-blog-meta-tag-disabled  '><\/div>\n","protected":false},"excerpt":{"rendered":"","protected":false},"author":1,"featured_media":11240,"comment_status":"open","ping_status":"open","sticky":false,"template":"","format":"standard","meta":{"footnotes":""},"categories":[46],"tags":[],"class_list":["post-11238","post","type-post","status-publish","format-standard","has-post-thumbnail","hentry","category-salud"],"jetpack_featured_media_url":"https:\/\/radiorevelacionfm.cl\/wp-content\/uploads\/2021\/11\/vacuna-foto-2-1.jpg","_links":{"self":[{"href":"https:\/\/radiorevelacionfm.cl\/index.php?rest_route=\/wp\/v2\/posts\/11238","targetHints":{"allow":["GET"]}}],"collection":[{"href":"https:\/\/radiorevelacionfm.cl\/index.php?rest_route=\/wp\/v2\/posts"}],"about":[{"href":"https:\/\/radiorevelacionfm.cl\/index.php?rest_route=\/wp\/v2\/types\/post"}],"author":[{"embeddable":true,"href":"https:\/\/radiorevelacionfm.cl\/index.php?rest_route=\/wp\/v2\/users\/1"}],"replies":[{"embeddable":true,"href":"https:\/\/radiorevelacionfm.cl\/index.php?rest_route=%2Fwp%2Fv2%2Fcomments&post=11238"}],"version-history":[{"count":2,"href":"https:\/\/radiorevelacionfm.cl\/index.php?rest_route=\/wp\/v2\/posts\/11238\/revisions"}],"predecessor-version":[{"id":11242,"href":"https:\/\/radiorevelacionfm.cl\/index.php?rest_route=\/wp\/v2\/posts\/11238\/revisions\/11242"}],"wp:featuredmedia":[{"embeddable":true,"href":"https:\/\/radiorevelacionfm.cl\/index.php?rest_route=\/wp\/v2\/media\/11240"}],"wp:attachment":[{"href":"https:\/\/radiorevelacionfm.cl\/index.php?rest_route=%2Fwp%2Fv2%2Fmedia&parent=11238"}],"wp:term":[{"taxonomy":"category","embeddable":true,"href":"https:\/\/radiorevelacionfm.cl\/index.php?rest_route=%2Fwp%2Fv2%2Fcategories&post=11238"},{"taxonomy":"post_tag","embeddable":true,"href":"https:\/\/radiorevelacionfm.cl\/index.php?rest_route=%2Fwp%2Fv2%2Ftags&post=11238"}],"curies":[{"name":"wp","href":"https:\/\/api.w.org\/{rel}","templated":true}]}}