{"id":11229,"date":"2021-11-26T10:36:45","date_gmt":"2021-11-26T13:36:45","guid":{"rendered":"https:\/\/radiorevelacionfm.cl\/?p=11229"},"modified":"2021-11-26T10:36:45","modified_gmt":"2021-11-26T13:36:45","slug":"anid-y-reuna-se-unen-para-el-desarrollo-del-proyecto-patagonia","status":"publish","type":"post","link":"https:\/\/radiorevelacionfm.cl\/?p=11229","title":{"rendered":"ANID y REUNA se unen para el desarrollo del \u201cProyecto Patagonia\u201d"},"content":{"rendered":"<div class=\"flex_column av_one_full  flex_column_div av-zero-column-padding first  avia-builder-el-0  el_before_av_one_full  avia-builder-el-first  \" style='border-radius:0px; '><div  class='avia-image-container  av-styling-    avia-builder-el-1  avia-builder-el-no-sibling  avia-align-center '  itemprop=\"image\" itemscope=\"itemscope\" itemtype=\"https:\/\/schema.org\/ImageObject\"  ><div class='avia-image-container-inner'><div class='avia-image-overlay-wrap'><img decoding=\"async\" class='wp-image-11230 avia-img-lazy-loading-not-11230 avia_image' src=\"https:\/\/radiorevelacionfm.cl\/wp-content\/uploads\/2021\/11\/proyecto-patagonia-1-1_optimized.jpg\" alt='' title='proyecto-patagonia-(1)-(1)_optimized' height=\"600\" width=\"800\"  itemprop=\"thumbnailUrl\" srcset=\"https:\/\/radiorevelacionfm.cl\/wp-content\/uploads\/2021\/11\/proyecto-patagonia-1-1_optimized.jpg 800w, https:\/\/radiorevelacionfm.cl\/wp-content\/uploads\/2021\/11\/proyecto-patagonia-1-1_optimized-300x225.jpg 300w, https:\/\/radiorevelacionfm.cl\/wp-content\/uploads\/2021\/11\/proyecto-patagonia-1-1_optimized-768x576.jpg 768w, https:\/\/radiorevelacionfm.cl\/wp-content\/uploads\/2021\/11\/proyecto-patagonia-1-1_optimized-705x529.jpg 705w, https:\/\/radiorevelacionfm.cl\/wp-content\/uploads\/2021\/11\/proyecto-patagonia-1-1_optimized-600x450.jpg 600w\" sizes=\"(max-width: 800px) 100vw, 800px\" \/><\/div><\/div><\/div><\/div><div class=\"flex_column av_one_full  flex_column_div av-zero-column-padding first  avia-builder-el-2  el_after_av_one_full  el_before_av_one_full  column-top-margin\" style='border-radius:0px; '><section class=\"av_textblock_section \"  itemscope=\"itemscope\" itemtype=\"https:\/\/schema.org\/BlogPosting\" itemprop=\"blogPost\" ><div class='avia_textblock  '   itemprop=\"text\" ><p style=\"text-align: center;\"><span style=\"font-size: 18pt;\"><strong>ANID y REUNA se unen para el desarrollo del \u201cProyecto Patagonia\u201d<\/strong><\/span><\/p>\n<div id=\"gtx-trans\" style=\"position: absolute; left: -50px; top: 4.31534px;\">\n<div class=\"gtx-trans-icon\"><\/div>\n<\/div>\n<\/div><\/section><\/div><div class=\"flex_column av_one_full  flex_column_div av-zero-column-padding first  avia-builder-el-4  el_after_av_one_full  el_before_av_hr  column-top-margin\" style='border-radius:0px; '><section class=\"av_textblock_section \"  itemscope=\"itemscope\" itemtype=\"https:\/\/schema.org\/BlogPosting\" itemprop=\"blogPost\" ><div class='avia_textblock  '   itemprop=\"text\" ><p style=\"text-align: justify;\">El convenio entre la Agencia Nacional de Investigaci\u00f3n y Desarrollo (ANID) y la Red Universitaria Nacional (Reuna) para la ejecuci\u00f3n del proyecto Patagonia resuelve la necesidad hist\u00f3rica de conectar a trav\u00e9s de red de fibra \u00f3ptica, para fines de investigaci\u00f3n a todas las instituciones de CTCI de la Macrozona Austral.<\/p>\n<p style=\"text-align: justify;\">La Macrozona Austral es un tercio de la superficie del pa\u00eds, tiene un alto potencial cient\u00edfico con impacto nacional y mundial, cumple un rol estrat\u00e9gico para enfrentar la Crisis Clim\u00e1tica y tiene ventajas comparativas mundiales (Campos de Hielo, Ant\u00e1rtica, territorio subant\u00e1rtico y pr\u00edstino); sin embargo, es una de las pocas \u00e1reas geogr\u00e1ficas del planeta que se encuentra desconectada digitalmente, sin que sea posible realizar tr\u00e1fico de datos con la velocidad necesaria.<\/p>\n<p style=\"text-align: justify;\">Esto ha frenado el desarrollo integral y estrat\u00e9gico del sistema CTCI en el territorio, perdiendo oportunidades de crecimiento, competitividad, desarrollo, uso de supercomputadores, transferencia de datos clim\u00e1ticos y actividad cient\u00edfica en general. Por lo tanto, es evidente e imperativa la necesidad de Infraestructura Habilitante Digital, eje que es parte de la nueva Pol\u00edtica Nacional CTCI.<\/p>\n<p style=\"text-align: justify;\">En este contexto, y para lograr la conectividad nacional e internacional de la MZ Austral a la red de fibra \u00f3ptica para fines de investigaci\u00f3n, el 24 de noviembre, ANID y REUNA, organizaci\u00f3n l\u00edder en servicios de conectividad e infraestructura digital para el desarrollo de la CTCI, dieron inicio al \u00abProyecto Patagonia\u201d, el que busca entregar las herramientas digitales necesarias y conectar al ecosistema de CTCI de la MZ Austral con el resto del pa\u00eds y el mundo.<\/p>\n<p style=\"text-align: justify;\">El convenio contempla una inversi\u00f3n de 800 millones de pesos para infraestructura habilitante que permita la conexi\u00f3n de las instituciones generadoras de conocimiento de la MZ Austral con los servicios tecnol\u00f3gicos que ofrece REUNA &#8211; conformado por 45 instituciones del sistema de ciencia, cultura, educaci\u00f3n superior, investigaci\u00f3n y tecnolog\u00eda, integrando digitalmente a las regiones de Ays\u00e9n y de Magallanes con el resto del pa\u00eds y el mundo.<\/p>\n<p style=\"text-align: justify;\">Para Ais\u00e9n Etcheverry, Directora Nacional de ANID, \u201ccuando pensamos en Magallanes, y vemos este potencial cient\u00edfico, pero tambi\u00e9n el potencial humano, que es una de las cosas que uno lee en documentos pero que cuando viene ac\u00e1 lo ve, hay un grupo de personas comprometidas con el desarrollo cient\u00edfico de esta regi\u00f3n, en la universidad, en el CADI, en la gobernaci\u00f3n, en la delegaci\u00f3n, en la seremia, hay una comunidad que se empieza a sentir identificada con este concepto de ciudad cient\u00edfica, y eso tiene un valor gigantesco\u201d.<\/p>\n<p style=\"text-align: justify;\">La seremi de Ciencia de la Macrozona Austral, Pamela Santib\u00e1\u00f1ez, se\u00f1al\u00f3 que, \u00abel eje tres de la Pol\u00edtica Nacional de Ciencia, Tecnolog\u00eda, Conocimiento e Innovaci\u00f3n, es el fortalecimiento del sistema CTCI, y uno de sus objetivos es implementar infraestructura habilitante. Hasta ahora, nuestra \u00e1rea geogr\u00e1fica no est\u00e1 conectada al tr\u00e1fico digital de investigaci\u00f3n y desarrollo nacional y mundial, y esta firma de convenio entre ANID y REUNA es el primer paso para que en un futuro podamos contar con las herramientas digitales necesarias, como el uso de supercomputadora, que no solo ir\u00e1n en beneficio del sistema CTCI, sino que tambi\u00e9n para los habitantes de estos territorios\u201d.<\/p>\n<p style=\"text-align: justify;\">Por su parte, Paola Arellano, Directora Ejecutiva de REUNA, coment\u00f3 que \u201cunir la Macrozona Austral a la Red Nacional para Investigaci\u00f3n y Educaci\u00f3n es un sue\u00f1o que REUNA ha perseguido desde que su formaci\u00f3n, como proyecto Fondef, a inicio de los 90&#8242;. Hoy, en la era del Big Data, el Proyecto Patagonia es el primer paso para que la zona cuente con una infraestructura digital de excelencia, dedicada exclusivamente a la ciencia y educaci\u00f3n, interconectada nacional e internacionalmente, que consolide a la Macrozona Austral como un polo de desarrollo y creaci\u00f3n de conocimiento a nivel mundial, y con un fuerte sentido territorial\u201d.<\/p>\n<\/div><\/section><\/div><div  style='height:50px' class='hr hr-invisible   avia-builder-el-6  el_after_av_one_full  el_before_av_social_share '><span class='hr-inner ' ><span class='hr-inner-style'><\/span><\/span><\/div><\/p>\n<div  class='av-social-sharing-box  avia-builder-el-7  el_after_av_hr  el_before_av_hr  '><div class='av-share-box'><h5 class='av-share-link-description av-no-toc '>Compartir esta noticia<\/h5><ul class='av-share-box-list noLightbox'><li class='av-share-link av-social-link-facebook' ><a target=\"_blank\" aria-label=\"Compartir en Facebook\" href='https:\/\/www.facebook.com\/sharer.php?u=https:\/\/radiorevelacionfm.cl\/?p=11229&#038;t=ANID%20y%20REUNA%20se%20unen%20para%20el%20desarrollo%20del%20%E2%80%9CProyecto%20Patagonia%E2%80%9D' aria-hidden='false' data-av_icon='\ue8f3' data-av_iconfont='entypo-fontello' title='' data-avia-related-tooltip='Compartir en Facebook' rel=\"noopener\"><span class='avia_hidden_link_text'>Compartir en Facebook<\/span><\/a><\/li><li class='av-share-link av-social-link-twitter' ><a target=\"_blank\" aria-label=\"Compartir en Twitter\" href='https:\/\/twitter.com\/share?text=ANID%20y%20REUNA%20se%20unen%20para%20el%20desarrollo%20del%20%E2%80%9CProyecto%20Patagonia%E2%80%9D&#038;url=https:\/\/radiorevelacionfm.cl\/?p=11229' aria-hidden='false' data-av_icon='\ue8f1' data-av_iconfont='entypo-fontello' title='' data-avia-related-tooltip='Compartir en Twitter' rel=\"noopener\"><span class='avia_hidden_link_text'>Compartir en Twitter<\/span><\/a><\/li><li class='av-share-link av-social-link-whatsapp' ><a target=\"_blank\" aria-label=\"Compartir en Whatsapp\" href='https:\/\/api.whatsapp.com\/send?text=https:\/\/radiorevelacionfm.cl\/?p=11229' aria-hidden='false' data-av_icon='\uf232' data-av_iconfont='entypo-fontello' title='' data-avia-related-tooltip='Compartir en Whatsapp' rel=\"noopener\"><span class='avia_hidden_link_text'>Compartir en Whatsapp<\/span><\/a><\/li><li class='av-share-link av-social-link-linkedin' ><a target=\"_blank\" aria-label=\"Compartir en LinkedIn\" href='https:\/\/linkedin.com\/shareArticle?mini=true&#038;title=ANID%20y%20REUNA%20se%20unen%20para%20el%20desarrollo%20del%20%E2%80%9CProyecto%20Patagonia%E2%80%9D&#038;url=https:\/\/radiorevelacionfm.cl\/?p=11229' aria-hidden='false' data-av_icon='\ue8fc' data-av_iconfont='entypo-fontello' title='' data-avia-related-tooltip='Compartir en LinkedIn' rel=\"noopener\"><span class='avia_hidden_link_text'>Compartir en LinkedIn<\/span><\/a><\/li><li class='av-share-link av-social-link-mail' ><a  aria-label=\"Compartir por correo\" href='mailto:?subject=ANID%20y%20REUNA%20se%20unen%20para%20el%20desarrollo%20del%20%E2%80%9CProyecto%20Patagonia%E2%80%9D&#038;body=https:\/\/radiorevelacionfm.cl\/?p=11229' aria-hidden='false' data-av_icon='\ue805' data-av_iconfont='entypo-fontello' title='' data-avia-related-tooltip='Compartir por correo'><span class='avia_hidden_link_text'>Compartir por correo<\/span><\/a><\/li><\/ul><\/div><\/div>\n<div  style='height:50px' class='hr hr-invisible   avia-builder-el-8  el_after_av_social_share  el_before_av_comments_list '><span class='hr-inner ' ><span class='hr-inner-style'><\/span><\/span><\/div>\n<div  class='av-buildercomment  av-blog-meta-html-info-disabled av-blog-meta-tag-disabled  '><\/div>\n","protected":false},"excerpt":{"rendered":"","protected":false},"author":1,"featured_media":11230,"comment_status":"open","ping_status":"open","sticky":false,"template":"","format":"standard","meta":{"footnotes":""},"categories":[41],"tags":[],"class_list":["post-11229","post","type-post","status-publish","format-standard","has-post-thumbnail","hentry","category-tecnologia"],"jetpack_featured_media_url":"https:\/\/radiorevelacionfm.cl\/wp-content\/uploads\/2021\/11\/proyecto-patagonia-1-1_optimized.jpg","_links":{"self":[{"href":"https:\/\/radiorevelacionfm.cl\/index.php?rest_route=\/wp\/v2\/posts\/11229","targetHints":{"allow":["GET"]}}],"collection":[{"href":"https:\/\/radiorevelacionfm.cl\/index.php?rest_route=\/wp\/v2\/posts"}],"about":[{"href":"https:\/\/radiorevelacionfm.cl\/index.php?rest_route=\/wp\/v2\/types\/post"}],"author":[{"embeddable":true,"href":"https:\/\/radiorevelacionfm.cl\/index.php?rest_route=\/wp\/v2\/users\/1"}],"replies":[{"embeddable":true,"href":"https:\/\/radiorevelacionfm.cl\/index.php?rest_route=%2Fwp%2Fv2%2Fcomments&post=11229"}],"version-history":[{"count":2,"href":"https:\/\/radiorevelacionfm.cl\/index.php?rest_route=\/wp\/v2\/posts\/11229\/revisions"}],"predecessor-version":[{"id":11246,"href":"https:\/\/radiorevelacionfm.cl\/index.php?rest_route=\/wp\/v2\/posts\/11229\/revisions\/11246"}],"wp:featuredmedia":[{"embeddable":true,"href":"https:\/\/radiorevelacionfm.cl\/index.php?rest_route=\/wp\/v2\/media\/11230"}],"wp:attachment":[{"href":"https:\/\/radiorevelacionfm.cl\/index.php?rest_route=%2Fwp%2Fv2%2Fmedia&parent=11229"}],"wp:term":[{"taxonomy":"category","embeddable":true,"href":"https:\/\/radiorevelacionfm.cl\/index.php?rest_route=%2Fwp%2Fv2%2Fcategories&post=11229"},{"taxonomy":"post_tag","embeddable":true,"href":"https:\/\/radiorevelacionfm.cl\/index.php?rest_route=%2Fwp%2Fv2%2Ftags&post=11229"}],"curies":[{"name":"wp","href":"https:\/\/api.w.org\/{rel}","templated":true}]}}