{"id":11226,"date":"2021-11-26T10:14:04","date_gmt":"2021-11-26T13:14:04","guid":{"rendered":"https:\/\/radiorevelacionfm.cl\/?p=11226"},"modified":"2021-11-26T10:14:04","modified_gmt":"2021-11-26T13:14:04","slug":"mineduc-completa-plan-de-modernizacion-de-textos-escolares-que-beneficiara-a-casi-3-millones-de-estudiantes-en-2022","status":"publish","type":"post","link":"https:\/\/radiorevelacionfm.cl\/?p=11226","title":{"rendered":"Mineduc completa plan de modernizaci\u00f3n de Textos Escolares que beneficiar\u00e1 a casi 3 millones de estudiantes en 2022"},"content":{"rendered":"<div class=\"flex_column av_one_full  flex_column_div av-zero-column-padding first  avia-builder-el-0  el_before_av_one_full  avia-builder-el-first  \" style='border-radius:0px; '><div  class='avia-image-container  av-styling-    avia-builder-el-1  avia-builder-el-no-sibling  avia-align-center '  itemprop=\"image\" itemscope=\"itemscope\" itemtype=\"https:\/\/schema.org\/ImageObject\"  ><div class='avia-image-container-inner'><div class='avia-image-overlay-wrap'><img decoding=\"async\" class='wp-image-11227 avia-img-lazy-loading-not-11227 avia_image' src=\"https:\/\/radiorevelacionfm.cl\/wp-content\/uploads\/2021\/11\/textos-escolares-1-1.jpg\" alt='' title='textos escolares (1) (1)' height=\"600\" width=\"900\"  itemprop=\"thumbnailUrl\" srcset=\"https:\/\/radiorevelacionfm.cl\/wp-content\/uploads\/2021\/11\/textos-escolares-1-1.jpg 900w, https:\/\/radiorevelacionfm.cl\/wp-content\/uploads\/2021\/11\/textos-escolares-1-1-300x200.jpg 300w, https:\/\/radiorevelacionfm.cl\/wp-content\/uploads\/2021\/11\/textos-escolares-1-1-768x512.jpg 768w, https:\/\/radiorevelacionfm.cl\/wp-content\/uploads\/2021\/11\/textos-escolares-1-1-705x470.jpg 705w, https:\/\/radiorevelacionfm.cl\/wp-content\/uploads\/2021\/11\/textos-escolares-1-1-600x400.jpg 600w\" sizes=\"(max-width: 900px) 100vw, 900px\" \/><\/div><\/div><\/div><\/div><div class=\"flex_column av_one_full  flex_column_div av-zero-column-padding first  avia-builder-el-2  el_after_av_one_full  el_before_av_one_full  column-top-margin\" style='border-radius:0px; '><section class=\"av_textblock_section \"  itemscope=\"itemscope\" itemtype=\"https:\/\/schema.org\/BlogPosting\" itemprop=\"blogPost\" ><div class='avia_textblock  '   itemprop=\"text\" ><p style=\"text-align: center;\"><strong><span style=\"font-size: 18pt;\">Mineduc completa plan de modernizaci\u00f3n de Textos Escolares que beneficiar\u00e1 a casi 3 millones de estudiantes en 2022<\/span><\/strong><\/p>\n<div id=\"gtx-trans\" style=\"position: absolute; left: -50px; top: 4.31534px;\">\n<div class=\"gtx-trans-icon\"><\/div>\n<\/div>\n<\/div><\/section><\/div><div class=\"flex_column av_one_full  flex_column_div av-zero-column-padding first  avia-builder-el-4  el_after_av_one_full  el_before_av_hr  column-top-margin\" style='border-radius:0px; '><section class=\"av_textblock_section \"  itemscope=\"itemscope\" itemtype=\"https:\/\/schema.org\/BlogPosting\" itemprop=\"blogPost\" ><div class='avia_textblock  '   itemprop=\"text\" ><p class=\"v1MsoNormal\" style=\"text-align: justify;\"><span lang=\"ES\">Luego de realizar una supervisi\u00f3n en la imprenta A-Impresores, el ministro de Educaci\u00f3n, Ra\u00fal Figueroa, destac\u00f3 el resultado del Plan de Modernizaci\u00f3n de Textos Escolares que permitir\u00e1 entregar casi 18 millones de textos a cerca de 3 millones de alumnos de colegios p\u00fablicos y subvencionados que reciben financiamiento del Estado.<\/span><\/p>\n<p class=\"v1MsoNormal\" style=\"text-align: justify;\"><span lang=\"ES\">\u201cHemos impulsado un enorme trabajo para modernizar y mejorar la calidad de los Textos Escolares que entrega el Ministerio de Educaci\u00f3n y estamos muy contentos porque el pr\u00f3ximo a\u00f1o los textos ya contar\u00e1n con todas las mejoras que consider\u00f3 el plan. Tal como lo ha se\u00f1alado un estudio de la Fiscal\u00eda Nacional Econ\u00f3mica, los textos del Mineduc son igual de buenos que los que se venden en el mercado, con material de alta calidad para el aprendizaje de los ni\u00f1os y totalmente gratuitos para alumnos de colegios que reciben financiamiento del Estado. Por eso el llamado a los apoderados y colegios es a elegir los textos del Mineduc\u201d, destac\u00f3 el ministro Figueroa.<\/span><\/p>\n<p class=\"v1MsoNormal\" style=\"text-align: justify;\"><span lang=\"ES\">Entre las principales mejoras que se incorporaron en los textos est\u00e1n:<\/span><\/p>\n<p class=\"v1MsoNormal\" style=\"text-align: justify;\"><span lang=\"ES\">1. Cobertura completa y alineamiento con las Bases Curriculares.<\/span><\/p>\n<p class=\"v1MsoNormal\" style=\"text-align: justify;\"><span lang=\"ES\">2. Ajuste del nivel de lectura (extensi\u00f3n y dificultad) seg\u00fan la edad de los estudiantes.<\/span><\/p>\n<p class=\"v1MsoNormal\" style=\"text-align: justify;\"><span lang=\"ES\">3. Nuevas im\u00e1genes atractivas, motivadoras, grandes, y contextualizadas.<\/span><\/p>\n<p class=\"v1MsoNormal\" style=\"text-align: justify;\"><span lang=\"ES\">4. Extensi\u00f3n adecuada de los textos en relaci\u00f3n a la cantidad de horas anuales de la asignatura.<\/span><\/p>\n<p class=\"v1MsoNormal\" style=\"text-align: justify;\"><span lang=\"ES\">5. Incorporaci\u00f3n de nuevas preguntas motivadoras para diferentes niveles de aprendizaje.<\/span><\/p>\n<p class=\"v1MsoNormal\" style=\"text-align: justify;\"><span lang=\"ES\">6. Incorporaci\u00f3n de cuaderno de actividades para escribir, colorear, dibujar y recortar.<\/span><\/p>\n<p class=\"v1MsoNormal\" style=\"text-align: justify;\"><span lang=\"ES\">7. Gu\u00eda para el Docente con planificaciones clase a clase, orientaciones did\u00e1cticas, etc.<\/span><\/p>\n<p class=\"v1MsoNormal\" style=\"text-align: justify;\"><span lang=\"ES\">8. Cuadernillo de ejercicios separado de los textos, que permite que los textos puedan reutilizarse si el establecimiento as\u00ed lo define voluntariamente, promoviendo una cultura sostenible de este material.<\/span><\/p>\n<p class=\"v1MsoNormal\" style=\"text-align: justify;\"><b><span lang=\"ES\">Mayor elegibilidad<\/span><\/b><\/p>\n<p class=\"v1MsoNormal\" style=\"text-align: justify;\"><span lang=\"ES\">Adicionalmente, para 12 niveles educativos se abri\u00f3 la oferta en Lenguaje, Matem\u00e1ticas y Ciencias, por lo que los colegios podr\u00e1n elegir entre dos opciones de textos, sumando los de los programas Leo Primero de 1\u00b0 y 4\u00b0 b\u00e1sico y Sumo Primero de 1\u00b0 a 6\u00b0 b\u00e1sico. El plazo para seleccionar los textos termina el 15 de diciembre a trav\u00e9s de la plataforma SIGE del Mineduc.<\/span><\/p>\n<p class=\"v1MsoNormal\" style=\"text-align: justify;\"><b><span lang=\"ES\">Plataforma para conocer oferta de textos privados<\/span><\/b><\/p>\n<p class=\"v1MsoNormal\" style=\"text-align: justify;\"><span lang=\"ES\">Siguiendo las recomendaciones de la Fiscal\u00eda Nacional Econ\u00f3mica, en 2020 se hicieron cambios al proceso de licitaci\u00f3n, aumentando los plazos y separando el contenido de la impresi\u00f3n para aumentar la participaci\u00f3n de las editoriales y tener un mejor desarrollo de los textos, pero adem\u00e1s se cre\u00f3 una plataforma especial para las comunidades educativas de colegios particulares. En el portal aprendoenlinea.mineduc.cl, podr\u00e1n encontrar la plataforma \u201c<\/span><a href=\"https:\/\/nam02.safelinks.protection.outlook.com\/?url=https%3A%2F%2Fwww.curriculumnacional.cl%2Fportal%2FTipo%2FTextos-escolares-oficiales%2FTextos-escolares-disponibles-en-el-mercado%2F&amp;data=04%7C01%7Ccamilo.gomez%40mineduc.cl%7Ce5759db498a049f432e708d9b02a0de5%7C2e4cfe500580414093874ecde39def60%7C0%7C0%7C637734516957192334%7CUnknown%7CTWFpbGZsb3d8eyJWIjoiMC4wLjAwMDAiLCJQIjoiV2luMzIiLCJBTiI6Ik1haWwiLCJXVCI6Mn0%3D%7C3000&amp;sdata=niC5P6xV1vUSHJZHKMIrTeYPSWANe5Bhcxs9%2BQ%2Fpslk%3D&amp;reserved=0\" target=\"_blank\" rel=\"noopener noreferrer\"><span lang=\"ES\">Textos escolares para particulares<\/span><\/a><span lang=\"ES\">\u201d en que podr\u00e1n conocer la oferta de textos que se comercializa en el sector privado y contactar a las m\u00e1s de 20 editoriales que participan del proyecto. \u201cLo que estamos entregando a trav\u00e9s de este buscador es una herramienta para que las comunidades educativas cuenten con mayor informaci\u00f3n, la posibilidad de contactar a las editoriales y as\u00ed puedan elegir la mejor alternativa tanto en precio como en calidad que se ajuste mejor a su proyecto educativo\u201d, sostuvo el ministro.<\/span><\/p>\n<\/div><\/section><\/div><div  style='height:50px' class='hr hr-invisible   avia-builder-el-6  el_after_av_one_full  el_before_av_social_share '><span class='hr-inner ' ><span class='hr-inner-style'><\/span><\/span><\/div><\/p>\n<div  class='av-social-sharing-box  avia-builder-el-7  el_after_av_hr  el_before_av_hr  '><div class='av-share-box'><h5 class='av-share-link-description av-no-toc '>Compartir esta noticia<\/h5><ul class='av-share-box-list noLightbox'><li class='av-share-link av-social-link-facebook' ><a target=\"_blank\" aria-label=\"Compartir en Facebook\" href='https:\/\/www.facebook.com\/sharer.php?u=https:\/\/radiorevelacionfm.cl\/?p=11226&#038;t=Mineduc%20completa%20plan%20de%20modernizaci%C3%B3n%20de%20Textos%20Escolares%20que%20beneficiar%C3%A1%20a%20casi%203%20millones%20de%20estudiantes%20en%202022' aria-hidden='false' data-av_icon='\ue8f3' data-av_iconfont='entypo-fontello' title='' data-avia-related-tooltip='Compartir en Facebook' rel=\"noopener\"><span class='avia_hidden_link_text'>Compartir en Facebook<\/span><\/a><\/li><li class='av-share-link av-social-link-twitter' ><a target=\"_blank\" aria-label=\"Compartir en Twitter\" href='https:\/\/twitter.com\/share?text=Mineduc%20completa%20plan%20de%20modernizaci%C3%B3n%20de%20Textos%20Escolares%20que%20beneficiar%C3%A1%20a%20casi%203%20millones%20de%20estudiantes%20en%202022&#038;url=https:\/\/radiorevelacionfm.cl\/?p=11226' aria-hidden='false' data-av_icon='\ue8f1' data-av_iconfont='entypo-fontello' title='' data-avia-related-tooltip='Compartir en Twitter' rel=\"noopener\"><span class='avia_hidden_link_text'>Compartir en Twitter<\/span><\/a><\/li><li class='av-share-link av-social-link-whatsapp' ><a target=\"_blank\" aria-label=\"Compartir en Whatsapp\" href='https:\/\/api.whatsapp.com\/send?text=https:\/\/radiorevelacionfm.cl\/?p=11226' aria-hidden='false' data-av_icon='\uf232' data-av_iconfont='entypo-fontello' title='' data-avia-related-tooltip='Compartir en Whatsapp' rel=\"noopener\"><span class='avia_hidden_link_text'>Compartir en Whatsapp<\/span><\/a><\/li><li class='av-share-link av-social-link-linkedin' ><a target=\"_blank\" aria-label=\"Compartir en LinkedIn\" href='https:\/\/linkedin.com\/shareArticle?mini=true&#038;title=Mineduc%20completa%20plan%20de%20modernizaci%C3%B3n%20de%20Textos%20Escolares%20que%20beneficiar%C3%A1%20a%20casi%203%20millones%20de%20estudiantes%20en%202022&#038;url=https:\/\/radiorevelacionfm.cl\/?p=11226' aria-hidden='false' data-av_icon='\ue8fc' data-av_iconfont='entypo-fontello' title='' data-avia-related-tooltip='Compartir en LinkedIn' rel=\"noopener\"><span class='avia_hidden_link_text'>Compartir en LinkedIn<\/span><\/a><\/li><li class='av-share-link av-social-link-mail' ><a  aria-label=\"Compartir por correo\" href='mailto:?subject=Mineduc%20completa%20plan%20de%20modernizaci%C3%B3n%20de%20Textos%20Escolares%20que%20beneficiar%C3%A1%20a%20casi%203%20millones%20de%20estudiantes%20en%202022&#038;body=https:\/\/radiorevelacionfm.cl\/?p=11226' aria-hidden='false' data-av_icon='\ue805' data-av_iconfont='entypo-fontello' title='' data-avia-related-tooltip='Compartir por correo'><span class='avia_hidden_link_text'>Compartir por correo<\/span><\/a><\/li><\/ul><\/div><\/div>\n<div  style='height:50px' class='hr hr-invisible   avia-builder-el-8  el_after_av_social_share  el_before_av_comments_list '><span class='hr-inner ' ><span class='hr-inner-style'><\/span><\/span><\/div>\n<div  class='av-buildercomment  av-blog-meta-html-info-disabled av-blog-meta-tag-disabled  '><\/div>\n","protected":false},"excerpt":{"rendered":"","protected":false},"author":1,"featured_media":11227,"comment_status":"open","ping_status":"open","sticky":false,"template":"","format":"standard","meta":{"footnotes":""},"categories":[49],"tags":[],"class_list":["post-11226","post","type-post","status-publish","format-standard","has-post-thumbnail","hentry","category-educacion"],"jetpack_featured_media_url":"https:\/\/radiorevelacionfm.cl\/wp-content\/uploads\/2021\/11\/textos-escolares-1-1.jpg","_links":{"self":[{"href":"https:\/\/radiorevelacionfm.cl\/index.php?rest_route=\/wp\/v2\/posts\/11226","targetHints":{"allow":["GET"]}}],"collection":[{"href":"https:\/\/radiorevelacionfm.cl\/index.php?rest_route=\/wp\/v2\/posts"}],"about":[{"href":"https:\/\/radiorevelacionfm.cl\/index.php?rest_route=\/wp\/v2\/types\/post"}],"author":[{"embeddable":true,"href":"https:\/\/radiorevelacionfm.cl\/index.php?rest_route=\/wp\/v2\/users\/1"}],"replies":[{"embeddable":true,"href":"https:\/\/radiorevelacionfm.cl\/index.php?rest_route=%2Fwp%2Fv2%2Fcomments&post=11226"}],"version-history":[{"count":2,"href":"https:\/\/radiorevelacionfm.cl\/index.php?rest_route=\/wp\/v2\/posts\/11226\/revisions"}],"predecessor-version":[{"id":11245,"href":"https:\/\/radiorevelacionfm.cl\/index.php?rest_route=\/wp\/v2\/posts\/11226\/revisions\/11245"}],"wp:featuredmedia":[{"embeddable":true,"href":"https:\/\/radiorevelacionfm.cl\/index.php?rest_route=\/wp\/v2\/media\/11227"}],"wp:attachment":[{"href":"https:\/\/radiorevelacionfm.cl\/index.php?rest_route=%2Fwp%2Fv2%2Fmedia&parent=11226"}],"wp:term":[{"taxonomy":"category","embeddable":true,"href":"https:\/\/radiorevelacionfm.cl\/index.php?rest_route=%2Fwp%2Fv2%2Fcategories&post=11226"},{"taxonomy":"post_tag","embeddable":true,"href":"https:\/\/radiorevelacionfm.cl\/index.php?rest_route=%2Fwp%2Fv2%2Ftags&post=11226"}],"curies":[{"name":"wp","href":"https:\/\/api.w.org\/{rel}","templated":true}]}}