{"id":11220,"date":"2021-11-25T22:18:17","date_gmt":"2021-11-26T01:18:17","guid":{"rendered":"https:\/\/radiorevelacionfm.cl\/?p=11220"},"modified":"2021-11-25T22:18:17","modified_gmt":"2021-11-26T01:18:17","slug":"mas-de-60-ninos-y-ninas-fueron-parte-del-taller-municipal-promesas-de-cisnes","status":"publish","type":"post","link":"https:\/\/radiorevelacionfm.cl\/?p=11220","title":{"rendered":"M\u00e1s de 60 ni\u00f1os y ni\u00f1as fueron parte del taller municipal \u201cpromesas de Cisnes\u201d"},"content":{"rendered":"<div class=\"flex_column av_one_full  flex_column_div av-zero-column-padding first  avia-builder-el-0  el_before_av_one_full  avia-builder-el-first  \" style='border-radius:0px; '><div  class='avia-image-container  av-styling-    avia-builder-el-1  avia-builder-el-no-sibling  avia-align-center '  itemprop=\"image\" itemscope=\"itemscope\" itemtype=\"https:\/\/schema.org\/ImageObject\"  ><div class='avia-image-container-inner'><div class='avia-image-overlay-wrap'><img decoding=\"async\" class='wp-image-11221 avia-img-lazy-loading-not-11221 avia_image' src=\"https:\/\/radiorevelacionfm.cl\/wp-content\/uploads\/2021\/11\/PROMESAS-6-1-1.jpeg\" alt='' title='PROMESAS 6 (1) (1)' height=\"600\" width=\"900\"  itemprop=\"thumbnailUrl\" srcset=\"https:\/\/radiorevelacionfm.cl\/wp-content\/uploads\/2021\/11\/PROMESAS-6-1-1.jpeg 900w, https:\/\/radiorevelacionfm.cl\/wp-content\/uploads\/2021\/11\/PROMESAS-6-1-1-300x200.jpeg 300w, https:\/\/radiorevelacionfm.cl\/wp-content\/uploads\/2021\/11\/PROMESAS-6-1-1-768x512.jpeg 768w, https:\/\/radiorevelacionfm.cl\/wp-content\/uploads\/2021\/11\/PROMESAS-6-1-1-705x470.jpeg 705w, https:\/\/radiorevelacionfm.cl\/wp-content\/uploads\/2021\/11\/PROMESAS-6-1-1-600x400.jpeg 600w\" sizes=\"(max-width: 900px) 100vw, 900px\" \/><\/div><\/div><\/div><\/div><div class=\"flex_column av_one_full  flex_column_div av-zero-column-padding first  avia-builder-el-2  el_after_av_one_full  el_before_av_one_full  column-top-margin\" style='border-radius:0px; '><section class=\"av_textblock_section \"  itemscope=\"itemscope\" itemtype=\"https:\/\/schema.org\/BlogPosting\" itemprop=\"blogPost\" ><div class='avia_textblock  '   itemprop=\"text\" ><p style=\"text-align: center;\"><strong><span style=\"font-size: 18pt;\">M\u00e1s de 60 ni\u00f1os y ni\u00f1as fueron parte del taller municipal \u201cpromesas de Cisnes\u201d<\/span><\/strong><\/p>\n<div id=\"gtx-trans\" style=\"position: absolute; left: -50px; top: 4.31534px;\">\n<div class=\"gtx-trans-icon\"><\/div>\n<\/div>\n<\/div><\/section><\/div><div class=\"flex_column av_one_full  flex_column_div av-zero-column-padding first  avia-builder-el-4  el_after_av_one_full  el_before_av_hr  column-top-margin\" style='border-radius:0px; '><section class=\"av_textblock_section \"  itemscope=\"itemscope\" itemtype=\"https:\/\/schema.org\/BlogPosting\" itemprop=\"blogPost\" ><div class='avia_textblock  '   itemprop=\"text\" ><p style=\"text-align: justify;\">A pesar de que las condiciones clim\u00e1ticas no fueron las mejores, el entusiasmo de los jugadores y jugadoras de entre 13 y 19 a\u00f1os, permiti\u00f3 que la iniciativa culminara con un campeonato.<\/p>\n<p style=\"text-align: justify;\">La Ilustre Municipalidad de Cisnes, encabezada por su Alcalde, Francisco Roncagliolo, tiene entre sus prioridades apoyar y potenciar el deporte en sus distintas \u00e1reas, siempre con una mirada especial en ni\u00f1os, ni\u00f1as y j\u00f3venes como los futuros representantes en disciplinas como el futbol o futsal.<\/p>\n<p style=\"text-align: justify;\">Es de esta forma que desde el mes de agosto y hasta este mes de noviembre, se desarroll\u00f3 el taller \u201cpromesas de Cisnes\u201d, actividad donde participaron activamente 65 jugadores y jugadoras de entre los 13 y 19 a\u00f1os. Tal como lo destac\u00f3, Felipe Padilla, encargado municipal de deportes.<\/p>\n<p style=\"text-align: justify;\">\u201cSe realiz\u00f3 el campeonato promesas de Cisnes 2021, donde contamos con la participaci\u00f3n de m\u00e1s de 65 ni\u00f1os, en sus categor\u00edas de 13 a 19 a\u00f1os, tanto hombres como mujeres, se llevaron a cabo todo los partidos en la modalidad futbol 7. Dividimos la cancha en tres sectores, donde se jugaron los partidos en simult\u00e1neo de 25 minutos, lo \u00fanico que no nos acompa\u00f1\u00f3 fue el clima, ya que llovi\u00f3 bastante, pero se pudieron realizar todos los partidos sin ning\u00fan problema\u201d.<\/p>\n<p style=\"text-align: justify;\">En tanto, el profesor a cargo del evento deportivo, Miguel Aranda, relev\u00f3 la participaci\u00f3n de los jugadores y jugadoras, como as\u00ed tambi\u00e9n, de quienes colaboraron para que esta actividad se puede llevar adelante.<\/p>\n<p style=\"text-align: justify;\">\u201cQuisiera agradecer a todas las personas que participaron, a todos los chicos, chicas que hicieron posible este evento, dar las gracias a quienes permitieron llevar a cabo esta actividad, aportando con los premios, el tema del arbitraje y las gestiones. Agradecer a todos por la participaci\u00f3n, por las ganas que tuvieron en el evento y agradecer porque estuvo bastante bonito y estoy muy contento por lo que se realiz\u00f3\u201d.<\/p>\n<p style=\"text-align: justify;\">Este taller y el campeonato de cierre fue gracias al trabajo de la oficina de deportes de la Municipalidad de Cisnes, con apoyo de la empresa Aqua Chile y el grupo Piri de la Universidad de la Frontera.<\/p>\n<\/div><\/section><\/div><div  style='height:50px' class='hr hr-invisible   avia-builder-el-6  el_after_av_one_full  el_before_av_social_share '><span class='hr-inner ' ><span class='hr-inner-style'><\/span><\/span><\/div><\/p>\n<div  class='av-social-sharing-box  avia-builder-el-7  el_after_av_hr  el_before_av_hr  '><div class='av-share-box'><h5 class='av-share-link-description av-no-toc '>Compartir esta noticia<\/h5><ul class='av-share-box-list noLightbox'><li class='av-share-link av-social-link-facebook' ><a target=\"_blank\" aria-label=\"Compartir en Facebook\" href='https:\/\/www.facebook.com\/sharer.php?u=https:\/\/radiorevelacionfm.cl\/?p=11220&#038;t=M%C3%A1s%20de%2060%20ni%C3%B1os%20y%20ni%C3%B1as%20fueron%20parte%20del%20taller%20municipal%20%E2%80%9Cpromesas%20de%20Cisnes%E2%80%9D' aria-hidden='false' data-av_icon='\ue8f3' data-av_iconfont='entypo-fontello' title='' data-avia-related-tooltip='Compartir en Facebook' rel=\"noopener\"><span class='avia_hidden_link_text'>Compartir en Facebook<\/span><\/a><\/li><li class='av-share-link av-social-link-twitter' ><a target=\"_blank\" aria-label=\"Compartir en Twitter\" href='https:\/\/twitter.com\/share?text=M%C3%A1s%20de%2060%20ni%C3%B1os%20y%20ni%C3%B1as%20fueron%20parte%20del%20taller%20municipal%20%E2%80%9Cpromesas%20de%20Cisnes%E2%80%9D&#038;url=https:\/\/radiorevelacionfm.cl\/?p=11220' aria-hidden='false' data-av_icon='\ue8f1' data-av_iconfont='entypo-fontello' title='' data-avia-related-tooltip='Compartir en Twitter' rel=\"noopener\"><span class='avia_hidden_link_text'>Compartir en Twitter<\/span><\/a><\/li><li class='av-share-link av-social-link-whatsapp' ><a target=\"_blank\" aria-label=\"Compartir en Whatsapp\" href='https:\/\/api.whatsapp.com\/send?text=https:\/\/radiorevelacionfm.cl\/?p=11220' aria-hidden='false' data-av_icon='\uf232' data-av_iconfont='entypo-fontello' title='' data-avia-related-tooltip='Compartir en Whatsapp' rel=\"noopener\"><span class='avia_hidden_link_text'>Compartir en Whatsapp<\/span><\/a><\/li><li class='av-share-link av-social-link-linkedin' ><a target=\"_blank\" aria-label=\"Compartir en LinkedIn\" href='https:\/\/linkedin.com\/shareArticle?mini=true&#038;title=M%C3%A1s%20de%2060%20ni%C3%B1os%20y%20ni%C3%B1as%20fueron%20parte%20del%20taller%20municipal%20%E2%80%9Cpromesas%20de%20Cisnes%E2%80%9D&#038;url=https:\/\/radiorevelacionfm.cl\/?p=11220' aria-hidden='false' data-av_icon='\ue8fc' data-av_iconfont='entypo-fontello' title='' data-avia-related-tooltip='Compartir en LinkedIn' rel=\"noopener\"><span class='avia_hidden_link_text'>Compartir en LinkedIn<\/span><\/a><\/li><li class='av-share-link av-social-link-mail' ><a  aria-label=\"Compartir por correo\" href='mailto:?subject=M%C3%A1s%20de%2060%20ni%C3%B1os%20y%20ni%C3%B1as%20fueron%20parte%20del%20taller%20municipal%20%E2%80%9Cpromesas%20de%20Cisnes%E2%80%9D&#038;body=https:\/\/radiorevelacionfm.cl\/?p=11220' aria-hidden='false' data-av_icon='\ue805' data-av_iconfont='entypo-fontello' title='' data-avia-related-tooltip='Compartir por correo'><span class='avia_hidden_link_text'>Compartir por correo<\/span><\/a><\/li><\/ul><\/div><\/div>\n<div  style='height:50px' class='hr hr-invisible   avia-builder-el-8  el_after_av_social_share  el_before_av_comments_list '><span class='hr-inner ' ><span class='hr-inner-style'><\/span><\/span><\/div>\n<div  class='av-buildercomment  av-blog-meta-html-info-disabled av-blog-meta-tag-disabled  '><\/div>\n","protected":false},"excerpt":{"rendered":"","protected":false},"author":1,"featured_media":11221,"comment_status":"open","ping_status":"open","sticky":false,"template":"","format":"standard","meta":{"footnotes":""},"categories":[38],"tags":[],"class_list":["post-11220","post","type-post","status-publish","format-standard","has-post-thumbnail","hentry","category-regional"],"jetpack_featured_media_url":"https:\/\/radiorevelacionfm.cl\/wp-content\/uploads\/2021\/11\/PROMESAS-6-1-1.jpeg","_links":{"self":[{"href":"https:\/\/radiorevelacionfm.cl\/index.php?rest_route=\/wp\/v2\/posts\/11220","targetHints":{"allow":["GET"]}}],"collection":[{"href":"https:\/\/radiorevelacionfm.cl\/index.php?rest_route=\/wp\/v2\/posts"}],"about":[{"href":"https:\/\/radiorevelacionfm.cl\/index.php?rest_route=\/wp\/v2\/types\/post"}],"author":[{"embeddable":true,"href":"https:\/\/radiorevelacionfm.cl\/index.php?rest_route=\/wp\/v2\/users\/1"}],"replies":[{"embeddable":true,"href":"https:\/\/radiorevelacionfm.cl\/index.php?rest_route=%2Fwp%2Fv2%2Fcomments&post=11220"}],"version-history":[{"count":2,"href":"https:\/\/radiorevelacionfm.cl\/index.php?rest_route=\/wp\/v2\/posts\/11220\/revisions"}],"predecessor-version":[{"id":11225,"href":"https:\/\/radiorevelacionfm.cl\/index.php?rest_route=\/wp\/v2\/posts\/11220\/revisions\/11225"}],"wp:featuredmedia":[{"embeddable":true,"href":"https:\/\/radiorevelacionfm.cl\/index.php?rest_route=\/wp\/v2\/media\/11221"}],"wp:attachment":[{"href":"https:\/\/radiorevelacionfm.cl\/index.php?rest_route=%2Fwp%2Fv2%2Fmedia&parent=11220"}],"wp:term":[{"taxonomy":"category","embeddable":true,"href":"https:\/\/radiorevelacionfm.cl\/index.php?rest_route=%2Fwp%2Fv2%2Fcategories&post=11220"},{"taxonomy":"post_tag","embeddable":true,"href":"https:\/\/radiorevelacionfm.cl\/index.php?rest_route=%2Fwp%2Fv2%2Ftags&post=11220"}],"curies":[{"name":"wp","href":"https:\/\/api.w.org\/{rel}","templated":true}]}}