{"id":11216,"date":"2021-11-25T21:50:55","date_gmt":"2021-11-26T00:50:55","guid":{"rendered":"https:\/\/radiorevelacionfm.cl\/?p=11216"},"modified":"2021-11-25T21:50:55","modified_gmt":"2021-11-26T00:50:55","slug":"realizan-multiples-actividades-en-el-marco-de-la-conmemoracion-del-25-de-noviembre","status":"publish","type":"post","link":"https:\/\/radiorevelacionfm.cl\/?p=11216","title":{"rendered":"Realizan m\u00faltiples actividades en el marco de la conmemoraci\u00f3n del 25 de noviembre"},"content":{"rendered":"<div class=\"flex_column av_one_full  flex_column_div av-zero-column-padding first  avia-builder-el-0  el_before_av_one_full  avia-builder-el-first  \" style='border-radius:0px; '><div  class='avia-image-container  av-styling-    avia-builder-el-1  avia-builder-el-no-sibling  avia-align-center '  itemprop=\"image\" itemscope=\"itemscope\" itemtype=\"https:\/\/schema.org\/ImageObject\"  ><div class='avia-image-container-inner'><div class='avia-image-overlay-wrap'><img decoding=\"async\" class='wp-image-11217 avia-img-lazy-loading-not-11217 avia_image' src=\"https:\/\/radiorevelacionfm.cl\/wp-content\/uploads\/2021\/11\/CAMPANA-25NOV-2021-1-1.jpg\" alt='' title='CAMPA\u00d1A 25NOV 2021 (1) (1)' height=\"600\" width=\"800\"  itemprop=\"thumbnailUrl\" srcset=\"https:\/\/radiorevelacionfm.cl\/wp-content\/uploads\/2021\/11\/CAMPANA-25NOV-2021-1-1.jpg 800w, https:\/\/radiorevelacionfm.cl\/wp-content\/uploads\/2021\/11\/CAMPANA-25NOV-2021-1-1-300x225.jpg 300w, https:\/\/radiorevelacionfm.cl\/wp-content\/uploads\/2021\/11\/CAMPANA-25NOV-2021-1-1-768x576.jpg 768w, https:\/\/radiorevelacionfm.cl\/wp-content\/uploads\/2021\/11\/CAMPANA-25NOV-2021-1-1-705x529.jpg 705w, https:\/\/radiorevelacionfm.cl\/wp-content\/uploads\/2021\/11\/CAMPANA-25NOV-2021-1-1-600x450.jpg 600w\" sizes=\"(max-width: 800px) 100vw, 800px\" \/><\/div><\/div><\/div><\/div><div class=\"flex_column av_one_full  flex_column_div av-zero-column-padding first  avia-builder-el-2  el_after_av_one_full  el_before_av_one_full  column-top-margin\" style='border-radius:0px; '><section class=\"av_textblock_section \"  itemscope=\"itemscope\" itemtype=\"https:\/\/schema.org\/BlogPosting\" itemprop=\"blogPost\" ><div class='avia_textblock  '   itemprop=\"text\" ><p style=\"text-align: center;\"><strong><span style=\"font-size: 18pt;\">Realizan m\u00faltiples actividades en el marco de la conmemoraci\u00f3n del 25 de noviembre<\/span><\/strong><\/p>\n<div id=\"gtx-trans\" style=\"position: absolute; left: -50px; top: 4.31534px;\">\n<div class=\"gtx-trans-icon\"><\/div>\n<\/div>\n<\/div><\/section><\/div><div class=\"flex_column av_one_full  flex_column_div av-zero-column-padding first  avia-builder-el-4  el_after_av_one_full  el_before_av_hr  column-top-margin\" style='border-radius:0px; '><section class=\"av_textblock_section \"  itemscope=\"itemscope\" itemtype=\"https:\/\/schema.org\/BlogPosting\" itemprop=\"blogPost\" ><div class='avia_textblock  '   itemprop=\"text\" ><p style=\"text-align: justify;\">Desde entregar material informativo hasta realizar actos p\u00fablicos que buscan sensibilizar la violencia de g\u00e9nero, fue parte de la jornada de este jueves en el marco de la conmemoraci\u00f3n del d\u00eda internacional de la eliminaci\u00f3n de violencia contra la mujer, donde la Delegada Presidencial Regional, Margarita Ossa Rojas, junto a las autoridades de Gobierno fueron part\u00edcipes de diversas acciones.<\/p>\n<p style=\"text-align: justify;\">Las actividades \u2013organizadas por la Secretar\u00eda Regional Ministerial de la Mujer y Equidad de G\u00e9nero\u2013 iniciaron desde muy temprano en las calles c\u00e9ntricas de Coyhaique, donde las autoridades informaron a los automovilistas y transe\u00fantes sobre la relevancia de este tema.<\/p>\n<p style=\"text-align: justify;\">\u201cComo Gobierno sabemos la importancia que tiene esta conmemoraci\u00f3n, donde hacemos un llamado a comprometernos como sociedad para erradicar estas conductas que est\u00e1n presentes, tal como el acoso callejero, la violencia f\u00edsica y psicol\u00f3gica en las relaciones de pareja, as\u00ed como el silencio c\u00f3mplice de aquellos testigos que no se atreven a denunciar este tipo de hechos\u201d, recalc\u00f3 Ossa.<\/p>\n<p style=\"text-align: justify;\">La Seremi de la Mujer y Equidad de G\u00e9nero, B\u00e1rbara Ort\u00fazar, manifest\u00f3 la importancia de recordar esta fecha para la comunidad en general: \u201cQuienes deben comprometerse e involucrarse en la lucha por terminar con estas manifestaciones de desigualdad, que como Ministerio nos ocupan a diario en la tarea del cambio cultural que permita su eliminaci\u00f3n\u201d.<\/p>\n<p style=\"text-align: justify;\">Sumado a esta actividad, el equipo de Gobierno se traslad\u00f3 hasta Puerto Ays\u00e9n para participar de una actividad en el Polideportivo y posteriormente desplegar junto al Delegado Provincial, Manuel Ortiz, la gigantograf\u00eda con informaci\u00f3n de apoyo en casos de violencia en el frontis del edificio, reforzando adem\u00e1s el trabajo de difusi\u00f3n por medio de un operativo desarrollado en la Plaza de Armas y las principales calles de dicha localidad junto a Carabineros. \u201cSumar acciones preventivas e informar y sensibilizar de manera directa a la comunidad es fundamental para que esta fecha no pase inadvertida, y hagamos un fuerte llamado a terminar con la violencia contra la mujer; hechos totalmente condenables e inaceptables\u201d, asever\u00f3 el Delegada Provincial.<\/p>\n<p style=\"text-align: justify;\"><strong>Campa\u00f1a Nacional<\/strong><\/p>\n<p style=\"text-align: justify;\">Como cada 25 de noviembre y en la plaza de armas de Coyhaique, la representante de la cartera mujer acompa\u00f1ada de la Red de Asistencia a V\u00edctimas (RAV) regional dieron a conocer la Campa\u00f1a nacional preventiva bajo el lema \u201cLa Violencia de G\u00e9nero primero te saca de tu vida y luego, te la quita\u201d cuyo prop\u00f3sito es sensibilizar a la poblaci\u00f3n y fortalecer el trabajo preventivo que permita involucrar a la sociedad en su conjunto, comprometi\u00e9ndolos a ser parte del cambio cultural que permita eliminar la violencia contra la mujer y favorecer una vida libre de violencias para todas y todos.<\/p>\n<p style=\"text-align: justify;\">\u201cConmemorar el 25 de noviembre nos recuerda la importancia de trabajar d\u00eda a d\u00eda contra la violencia hacia la mujer, puesto que mientras exista una v\u00edctima de violencia, no descansaremos hasta eliminarla. La campa\u00f1a que dimos a conocer esta tarde nos hace un llamado a todas y todos a estar alertas y atentos a esos peque\u00f1os detalles que nos pueda indicar que nuestra amiga, vecina o familiar pueda estar siendo agredida, de esa manera ser agentes activos tanto para darle apoyo como para denunciar. Y es as\u00ed como adem\u00e1s hago este llamado a las mujeres que est\u00e1n viviendo esta situaci\u00f3n: Cont\u00e1ctennos, pidan apoyo a trav\u00e9s de nuestros medios de orientaci\u00f3n, y por favor, no olviden jam\u00e1s que no est\u00e1n solas\u201d.<\/p>\n<p style=\"text-align: justify;\">Cabe destacar que desde hace 22 a\u00f1os la Asamblea General de Naciones Unidas declar\u00f3 el 25 de noviembre como el D\u00eda Internacional de la Eliminaci\u00f3n de la Violencia contra la Mujer, cuya fecha fue elegida en conmemoraci\u00f3n del brutal asesinato de las hermanas Mirabal en Rep\u00fablica Dominicana.<\/p>\n<p style=\"text-align: justify;\">Como cierre de la jornada, la Seremi encabez\u00f3 un operativo en el sector de la plaza del Pionero. Las actividades se extender\u00e1n por otras localidades durante los pr\u00f3ximos d\u00edas, as\u00ed como en las acciones que durante todo el a\u00f1o realiza de manera preventiva la Seremi de la Mujer y la Equidad de G\u00e9nero en la regi\u00f3n de Ays\u00e9n.<\/p>\n<p style=\"text-align: justify;\">De acuerdo con la informaci\u00f3n penal disponible al 30 de Septiembre son 517 las denuncias por VIF en fiscal\u00eda regional. Es importante adem\u00e1s se\u00f1alar que el SernamEG ha atendido a un n\u00famero cercano a las 600 mujeres durante el a\u00f1o en curso a trav\u00e9s de los dos centros de la mujer disponibles en las ciudades de Coyhaique y Puerto Ays\u00e9n.<\/p>\n<p style=\"text-align: justify;\"><em>\u00a0<\/em><\/p>\n<\/div><\/section><\/div><div  style='height:50px' class='hr hr-invisible   avia-builder-el-6  el_after_av_one_full  el_before_av_social_share '><span class='hr-inner ' ><span class='hr-inner-style'><\/span><\/span><\/div><\/p>\n<div  class='av-social-sharing-box  avia-builder-el-7  el_after_av_hr  el_before_av_hr  '><div class='av-share-box'><h5 class='av-share-link-description av-no-toc '>Compartir esta noticia<\/h5><ul class='av-share-box-list noLightbox'><li class='av-share-link av-social-link-facebook' ><a target=\"_blank\" aria-label=\"Compartir en Facebook\" href='https:\/\/www.facebook.com\/sharer.php?u=https:\/\/radiorevelacionfm.cl\/?p=11216&#038;t=Realizan%20m%C3%BAltiples%20actividades%20en%20el%20marco%20de%20la%20conmemoraci%C3%B3n%20del%2025%20de%20noviembre' aria-hidden='false' data-av_icon='\ue8f3' data-av_iconfont='entypo-fontello' title='' data-avia-related-tooltip='Compartir en Facebook' rel=\"noopener\"><span class='avia_hidden_link_text'>Compartir en Facebook<\/span><\/a><\/li><li class='av-share-link av-social-link-twitter' ><a target=\"_blank\" aria-label=\"Compartir en Twitter\" href='https:\/\/twitter.com\/share?text=Realizan%20m%C3%BAltiples%20actividades%20en%20el%20marco%20de%20la%20conmemoraci%C3%B3n%20del%2025%20de%20noviembre&#038;url=https:\/\/radiorevelacionfm.cl\/?p=11216' aria-hidden='false' data-av_icon='\ue8f1' data-av_iconfont='entypo-fontello' title='' data-avia-related-tooltip='Compartir en Twitter' rel=\"noopener\"><span class='avia_hidden_link_text'>Compartir en Twitter<\/span><\/a><\/li><li class='av-share-link av-social-link-whatsapp' ><a target=\"_blank\" aria-label=\"Compartir en Whatsapp\" href='https:\/\/api.whatsapp.com\/send?text=https:\/\/radiorevelacionfm.cl\/?p=11216' aria-hidden='false' data-av_icon='\uf232' data-av_iconfont='entypo-fontello' title='' data-avia-related-tooltip='Compartir en Whatsapp' rel=\"noopener\"><span class='avia_hidden_link_text'>Compartir en Whatsapp<\/span><\/a><\/li><li class='av-share-link av-social-link-linkedin' ><a target=\"_blank\" aria-label=\"Compartir en LinkedIn\" href='https:\/\/linkedin.com\/shareArticle?mini=true&#038;title=Realizan%20m%C3%BAltiples%20actividades%20en%20el%20marco%20de%20la%20conmemoraci%C3%B3n%20del%2025%20de%20noviembre&#038;url=https:\/\/radiorevelacionfm.cl\/?p=11216' aria-hidden='false' data-av_icon='\ue8fc' data-av_iconfont='entypo-fontello' title='' data-avia-related-tooltip='Compartir en LinkedIn' rel=\"noopener\"><span class='avia_hidden_link_text'>Compartir en LinkedIn<\/span><\/a><\/li><li class='av-share-link av-social-link-mail' ><a  aria-label=\"Compartir por correo\" href='mailto:?subject=Realizan%20m%C3%BAltiples%20actividades%20en%20el%20marco%20de%20la%20conmemoraci%C3%B3n%20del%2025%20de%20noviembre&#038;body=https:\/\/radiorevelacionfm.cl\/?p=11216' aria-hidden='false' data-av_icon='\ue805' data-av_iconfont='entypo-fontello' title='' data-avia-related-tooltip='Compartir por correo'><span class='avia_hidden_link_text'>Compartir por correo<\/span><\/a><\/li><\/ul><\/div><\/div>\n<div  style='height:50px' class='hr hr-invisible   avia-builder-el-8  el_after_av_social_share  el_before_av_comments_list '><span class='hr-inner ' ><span class='hr-inner-style'><\/span><\/span><\/div>\n<div  class='av-buildercomment  av-blog-meta-html-info-disabled av-blog-meta-tag-disabled  '><\/div>\n","protected":false},"excerpt":{"rendered":"","protected":false},"author":1,"featured_media":11217,"comment_status":"open","ping_status":"open","sticky":false,"template":"","format":"standard","meta":{"footnotes":""},"categories":[38],"tags":[],"class_list":["post-11216","post","type-post","status-publish","format-standard","has-post-thumbnail","hentry","category-regional"],"jetpack_featured_media_url":"https:\/\/radiorevelacionfm.cl\/wp-content\/uploads\/2021\/11\/CAMPANA-25NOV-2021-1-1.jpg","_links":{"self":[{"href":"https:\/\/radiorevelacionfm.cl\/index.php?rest_route=\/wp\/v2\/posts\/11216","targetHints":{"allow":["GET"]}}],"collection":[{"href":"https:\/\/radiorevelacionfm.cl\/index.php?rest_route=\/wp\/v2\/posts"}],"about":[{"href":"https:\/\/radiorevelacionfm.cl\/index.php?rest_route=\/wp\/v2\/types\/post"}],"author":[{"embeddable":true,"href":"https:\/\/radiorevelacionfm.cl\/index.php?rest_route=\/wp\/v2\/users\/1"}],"replies":[{"embeddable":true,"href":"https:\/\/radiorevelacionfm.cl\/index.php?rest_route=%2Fwp%2Fv2%2Fcomments&post=11216"}],"version-history":[{"count":2,"href":"https:\/\/radiorevelacionfm.cl\/index.php?rest_route=\/wp\/v2\/posts\/11216\/revisions"}],"predecessor-version":[{"id":11219,"href":"https:\/\/radiorevelacionfm.cl\/index.php?rest_route=\/wp\/v2\/posts\/11216\/revisions\/11219"}],"wp:featuredmedia":[{"embeddable":true,"href":"https:\/\/radiorevelacionfm.cl\/index.php?rest_route=\/wp\/v2\/media\/11217"}],"wp:attachment":[{"href":"https:\/\/radiorevelacionfm.cl\/index.php?rest_route=%2Fwp%2Fv2%2Fmedia&parent=11216"}],"wp:term":[{"taxonomy":"category","embeddable":true,"href":"https:\/\/radiorevelacionfm.cl\/index.php?rest_route=%2Fwp%2Fv2%2Fcategories&post=11216"},{"taxonomy":"post_tag","embeddable":true,"href":"https:\/\/radiorevelacionfm.cl\/index.php?rest_route=%2Fwp%2Fv2%2Ftags&post=11216"}],"curies":[{"name":"wp","href":"https:\/\/api.w.org\/{rel}","templated":true}]}}