{"id":11212,"date":"2021-11-25T21:26:19","date_gmt":"2021-11-26T00:26:19","guid":{"rendered":"https:\/\/radiorevelacionfm.cl\/?p=11212"},"modified":"2021-11-25T21:26:19","modified_gmt":"2021-11-26T00:26:19","slug":"huerto-comunitario-del-consejo-cosam-colectivamente-un-aporte-a-la-salud-mental-de-los-coyhaiquinos","status":"publish","type":"post","link":"https:\/\/radiorevelacionfm.cl\/?p=11212","title":{"rendered":"Huerto Comunitario del Consejo COSAM Colectivamente: Un aporte a la salud mental de los coyhaiquinos"},"content":{"rendered":"<div class=\"flex_column av_one_full  flex_column_div av-zero-column-padding first  avia-builder-el-0  el_before_av_one_full  avia-builder-el-first  \" style='border-radius:0px; '><div  class='avia-image-container  av-styling-    avia-builder-el-1  avia-builder-el-no-sibling  avia-align-center '  itemprop=\"image\" itemscope=\"itemscope\" itemtype=\"https:\/\/schema.org\/ImageObject\"  ><div class='avia-image-container-inner'><div class='avia-image-overlay-wrap'><img decoding=\"async\" class='wp-image-11213 avia-img-lazy-loading-not-11213 avia_image' src=\"https:\/\/radiorevelacionfm.cl\/wp-content\/uploads\/2021\/11\/02-1i-1_optimized.jpg\" alt='' title='02-(1)i-(1)_optimized' height=\"600\" width=\"738\"  itemprop=\"thumbnailUrl\" srcset=\"https:\/\/radiorevelacionfm.cl\/wp-content\/uploads\/2021\/11\/02-1i-1_optimized.jpg 738w, https:\/\/radiorevelacionfm.cl\/wp-content\/uploads\/2021\/11\/02-1i-1_optimized-300x244.jpg 300w, https:\/\/radiorevelacionfm.cl\/wp-content\/uploads\/2021\/11\/02-1i-1_optimized-705x573.jpg 705w, https:\/\/radiorevelacionfm.cl\/wp-content\/uploads\/2021\/11\/02-1i-1_optimized-600x488.jpg 600w\" sizes=\"(max-width: 738px) 100vw, 738px\" \/><\/div><\/div><\/div><\/div><div class=\"flex_column av_one_full  flex_column_div av-zero-column-padding first  avia-builder-el-2  el_after_av_one_full  el_before_av_one_full  column-top-margin\" style='border-radius:0px; '><section class=\"av_textblock_section \"  itemscope=\"itemscope\" itemtype=\"https:\/\/schema.org\/BlogPosting\" itemprop=\"blogPost\" ><div class='avia_textblock  '   itemprop=\"text\" ><p style=\"text-align: center;\"><strong><span style=\"font-size: 18pt;\">Huerto Comunitario del Consejo COSAM Colectivamente: Un aporte a la salud mental de los coyhaiquinos<\/span><\/strong><\/p>\n<div id=\"gtx-trans\" style=\"position: absolute; left: -50px; top: 4.31534px;\">\n<div class=\"gtx-trans-icon\"><\/div>\n<\/div>\n<\/div><\/section><\/div><div class=\"flex_column av_one_full  flex_column_div av-zero-column-padding first  avia-builder-el-4  el_after_av_one_full  el_before_av_hr  column-top-margin\" style='border-radius:0px; '><section class=\"av_textblock_section \"  itemscope=\"itemscope\" itemtype=\"https:\/\/schema.org\/BlogPosting\" itemprop=\"blogPost\" ><div class='avia_textblock  '   itemprop=\"text\" ><p style=\"text-align: justify;\">Funcionarios, vecinos y voluntarios trabajan en recuperar un espacio al interior del dispositivo Centro de Salud Mental Comunitaria Coyhaique para convertirlo en un huerto saludable y \u00e1rea verde para la comunidad y para mejorar las terapias de rehabilitaci\u00f3n de sus usuarios, iniciativa que se est\u00e1 ejecutando gracias a fondos de Centros de Alcoholismo que fueron destinados desde el Ministerio de Salud al Servicio de Salud Ays\u00e9n.<\/p>\n<p style=\"text-align: justify;\">Es lo que se\u00f1ala \u00c1ngela Carvajal, psic\u00f3loga y referente del programa de Salud Mental de Atenci\u00f3n Primaria del Servicio de Salud Ays\u00e9n sobre el origen que ha permitido su ejecuci\u00f3n \u201cpostul\u00f3 el Consejo del COSAM Colectivamente, y que se lo adjudic\u00f3 con el proyecto \u201cReconect\u00e1ndonos y mejorando nuestro entorno\u201d. Es muy importante que la comunidad participe en estas instancias, desde la promoci\u00f3n y la prevenci\u00f3n de factores de riesgo que pueden afectarla. Si bien estos fondos est\u00e1n puntualmente orientados hacia la prevenci\u00f3n del alcoholismo y tambi\u00e9n otras problem\u00e1ticas asociadas, tambi\u00e9n es muy importante promover otros factores que est\u00e1n relacionados. En este caso se promueve el trabajo en equipo, el hacer comunidad, y trabajar junto con el dispositivo de salud\u201d.<\/p>\n<p style=\"text-align: justify;\">Rodrigo Gonz\u00e1lez, trabajador social del COSAM Coyhaique valor\u00f3 la iniciativa, indicando que \u201cjunto con el Consejo Consultivo de Salud Colectivamente postulamos a una iniciativa a un fondo del Servicio de Salud Ays\u00e9n para trabajar el fortalecimiento y la adherencia al tratamiento de personas que tienen problemas de adicciones con tres iniciativas: un taller de relajaci\u00f3n y yoga, un taller de hierba medicinal y cosm\u00e9tica natural; y la implementaci\u00f3n de un huerto comunitario dentro de las instalaciones del Centro Salud Mental Comunitario, contribuyendo al hermoseamiento de nuestro entorno, mejor\u00e1ndolo, recuper\u00e1ndolo\u201d.<\/p>\n<p style=\"text-align: justify;\">M\u00e1s all\u00e1, expres\u00f3 que \u201cla idea es que la comunidad se haga parte del cuidado y el uso de la jardinera que pueda hacer tambi\u00e9n usufructo de los productos que tambi\u00e9n salgan ah\u00ed, de alg\u00fan comestible, algunas flores, si la comunidad quiere tomar algo lo puede hacer, pero el compromiso es venir a participar, a regar un rato, a contribuir con alguna semilla, entonces que sea algo circular. Aqu\u00ed estamos participando tanto con trabajadores del COSAM, usuarios, empresas que nos han colaborado. La Municipalidad que nos don\u00f3 tierra para nuestros bancales, la retroexcavadora y sucesivamente gente que se ha ido haciendo parte de este hermoso proyecto. Estamos muy contentos, felices y son todos muy bienvenidos a contribuir en este proyecto comunitario, y trabajar codo a codo con el Consejo Consultivo de Salud Colectivamente\u201d.<\/p>\n<p style=\"text-align: justify;\">Javiera Heisse, estudiante de psicolog\u00eda que est\u00e1 realizando trabajo cl\u00ednico comunitario en el COSAM, por su parte se\u00f1al\u00f3 \u201cesta actividad es bastante innovadora en la regi\u00f3n, ya que promueve el \u00e1mbito comunitario de la salud mental que hace falta. As\u00ed que invito a todos a ser parte de esta linda iniciativa del Consejo Consultivo\u201d.<\/p>\n<p style=\"text-align: justify;\">Para finalizar, \u00c1ngela Carvajal, es enf\u00e1tica en hacer un llamado a la comunidad a \u201cque sigan participando de estos fondos, de estas instancias, de que las hagan suyas. La Salud Mental tambi\u00e9n viene desde el trabajo como sociedad y este es un ejemplo claro de ello\u201d.<\/p>\n<\/div><\/section><\/div><div  style='height:50px' class='hr hr-invisible   avia-builder-el-6  el_after_av_one_full  el_before_av_social_share '><span class='hr-inner ' ><span class='hr-inner-style'><\/span><\/span><\/div><\/p>\n<div  class='av-social-sharing-box  avia-builder-el-7  el_after_av_hr  el_before_av_hr  '><div class='av-share-box'><h5 class='av-share-link-description av-no-toc '>Compartir esta noticia<\/h5><ul class='av-share-box-list noLightbox'><li class='av-share-link av-social-link-facebook' ><a target=\"_blank\" aria-label=\"Compartir en Facebook\" href='https:\/\/www.facebook.com\/sharer.php?u=https:\/\/radiorevelacionfm.cl\/?p=11212&#038;t=Huerto%20Comunitario%20del%20Consejo%20COSAM%20Colectivamente%3A%20Un%20aporte%20a%20la%20salud%20mental%20de%20los%20coyhaiquinos' aria-hidden='false' data-av_icon='\ue8f3' data-av_iconfont='entypo-fontello' title='' data-avia-related-tooltip='Compartir en Facebook' rel=\"noopener\"><span class='avia_hidden_link_text'>Compartir en Facebook<\/span><\/a><\/li><li class='av-share-link av-social-link-twitter' ><a target=\"_blank\" aria-label=\"Compartir en Twitter\" href='https:\/\/twitter.com\/share?text=Huerto%20Comunitario%20del%20Consejo%20COSAM%20Colectivamente%3A%20Un%20aporte%20a%20la%20salud%20mental%20de%20los%20coyhaiquinos&#038;url=https:\/\/radiorevelacionfm.cl\/?p=11212' aria-hidden='false' data-av_icon='\ue8f1' data-av_iconfont='entypo-fontello' title='' data-avia-related-tooltip='Compartir en Twitter' rel=\"noopener\"><span class='avia_hidden_link_text'>Compartir en Twitter<\/span><\/a><\/li><li class='av-share-link av-social-link-whatsapp' ><a target=\"_blank\" aria-label=\"Compartir en Whatsapp\" href='https:\/\/api.whatsapp.com\/send?text=https:\/\/radiorevelacionfm.cl\/?p=11212' aria-hidden='false' data-av_icon='\uf232' data-av_iconfont='entypo-fontello' title='' data-avia-related-tooltip='Compartir en Whatsapp' rel=\"noopener\"><span class='avia_hidden_link_text'>Compartir en Whatsapp<\/span><\/a><\/li><li class='av-share-link av-social-link-linkedin' ><a target=\"_blank\" aria-label=\"Compartir en LinkedIn\" href='https:\/\/linkedin.com\/shareArticle?mini=true&#038;title=Huerto%20Comunitario%20del%20Consejo%20COSAM%20Colectivamente%3A%20Un%20aporte%20a%20la%20salud%20mental%20de%20los%20coyhaiquinos&#038;url=https:\/\/radiorevelacionfm.cl\/?p=11212' aria-hidden='false' data-av_icon='\ue8fc' data-av_iconfont='entypo-fontello' title='' data-avia-related-tooltip='Compartir en LinkedIn' rel=\"noopener\"><span class='avia_hidden_link_text'>Compartir en LinkedIn<\/span><\/a><\/li><li class='av-share-link av-social-link-mail' ><a  aria-label=\"Compartir por correo\" href='mailto:?subject=Huerto%20Comunitario%20del%20Consejo%20COSAM%20Colectivamente%3A%20Un%20aporte%20a%20la%20salud%20mental%20de%20los%20coyhaiquinos&#038;body=https:\/\/radiorevelacionfm.cl\/?p=11212' aria-hidden='false' data-av_icon='\ue805' data-av_iconfont='entypo-fontello' title='' data-avia-related-tooltip='Compartir por correo'><span class='avia_hidden_link_text'>Compartir por correo<\/span><\/a><\/li><\/ul><\/div><\/div>\n<div  style='height:50px' class='hr hr-invisible   avia-builder-el-8  el_after_av_social_share  el_before_av_comments_list '><span class='hr-inner ' ><span class='hr-inner-style'><\/span><\/span><\/div>\n<div  class='av-buildercomment  av-blog-meta-html-info-disabled av-blog-meta-tag-disabled  '><\/div>\n","protected":false},"excerpt":{"rendered":"","protected":false},"author":1,"featured_media":11213,"comment_status":"open","ping_status":"open","sticky":false,"template":"","format":"standard","meta":{"footnotes":""},"categories":[46],"tags":[],"class_list":["post-11212","post","type-post","status-publish","format-standard","has-post-thumbnail","hentry","category-salud"],"jetpack_featured_media_url":"https:\/\/radiorevelacionfm.cl\/wp-content\/uploads\/2021\/11\/02-1i-1_optimized.jpg","_links":{"self":[{"href":"https:\/\/radiorevelacionfm.cl\/index.php?rest_route=\/wp\/v2\/posts\/11212","targetHints":{"allow":["GET"]}}],"collection":[{"href":"https:\/\/radiorevelacionfm.cl\/index.php?rest_route=\/wp\/v2\/posts"}],"about":[{"href":"https:\/\/radiorevelacionfm.cl\/index.php?rest_route=\/wp\/v2\/types\/post"}],"author":[{"embeddable":true,"href":"https:\/\/radiorevelacionfm.cl\/index.php?rest_route=\/wp\/v2\/users\/1"}],"replies":[{"embeddable":true,"href":"https:\/\/radiorevelacionfm.cl\/index.php?rest_route=%2Fwp%2Fv2%2Fcomments&post=11212"}],"version-history":[{"count":2,"href":"https:\/\/radiorevelacionfm.cl\/index.php?rest_route=\/wp\/v2\/posts\/11212\/revisions"}],"predecessor-version":[{"id":11215,"href":"https:\/\/radiorevelacionfm.cl\/index.php?rest_route=\/wp\/v2\/posts\/11212\/revisions\/11215"}],"wp:featuredmedia":[{"embeddable":true,"href":"https:\/\/radiorevelacionfm.cl\/index.php?rest_route=\/wp\/v2\/media\/11213"}],"wp:attachment":[{"href":"https:\/\/radiorevelacionfm.cl\/index.php?rest_route=%2Fwp%2Fv2%2Fmedia&parent=11212"}],"wp:term":[{"taxonomy":"category","embeddable":true,"href":"https:\/\/radiorevelacionfm.cl\/index.php?rest_route=%2Fwp%2Fv2%2Fcategories&post=11212"},{"taxonomy":"post_tag","embeddable":true,"href":"https:\/\/radiorevelacionfm.cl\/index.php?rest_route=%2Fwp%2Fv2%2Ftags&post=11212"}],"curies":[{"name":"wp","href":"https:\/\/api.w.org\/{rel}","templated":true}]}}