{"id":11203,"date":"2021-11-25T09:04:59","date_gmt":"2021-11-25T12:04:59","guid":{"rendered":"https:\/\/radiorevelacionfm.cl\/?p=11203"},"modified":"2021-11-25T09:04:59","modified_gmt":"2021-11-25T12:04:59","slug":"gobierno-regional-y-municipio-de-cisnes-coordinan-trabajo-conjunto-por-vecinos-y-vecinas-de-puerto-gala","status":"publish","type":"post","link":"https:\/\/radiorevelacionfm.cl\/?p=11203","title":{"rendered":"Gobierno Regional y Municipio de Cisnes coordinan trabajo conjunto por vecinos y vecinas de Puerto Gala"},"content":{"rendered":"<div class=\"flex_column av_one_full  flex_column_div av-zero-column-padding first  avia-builder-el-0  el_before_av_one_full  avia-builder-el-first  \" style='border-radius:0px; '><div  class='avia-image-container  av-styling-    avia-builder-el-1  avia-builder-el-no-sibling  avia-align-center '  itemprop=\"image\" itemscope=\"itemscope\" itemtype=\"https:\/\/schema.org\/ImageObject\"  ><div class='avia-image-container-inner'><div class='avia-image-overlay-wrap'><img decoding=\"async\" class='wp-image-11204 avia-img-lazy-loading-not-11204 avia_image' src=\"https:\/\/radiorevelacionfm.cl\/wp-content\/uploads\/2021\/11\/Foto-Cisnes-1-1.jpeg\" alt='' title='Foto Cisnes (1) (1)' height=\"600\" width=\"900\"  itemprop=\"thumbnailUrl\" srcset=\"https:\/\/radiorevelacionfm.cl\/wp-content\/uploads\/2021\/11\/Foto-Cisnes-1-1.jpeg 900w, https:\/\/radiorevelacionfm.cl\/wp-content\/uploads\/2021\/11\/Foto-Cisnes-1-1-300x200.jpeg 300w, https:\/\/radiorevelacionfm.cl\/wp-content\/uploads\/2021\/11\/Foto-Cisnes-1-1-768x512.jpeg 768w, https:\/\/radiorevelacionfm.cl\/wp-content\/uploads\/2021\/11\/Foto-Cisnes-1-1-705x470.jpeg 705w, https:\/\/radiorevelacionfm.cl\/wp-content\/uploads\/2021\/11\/Foto-Cisnes-1-1-600x400.jpeg 600w\" sizes=\"(max-width: 900px) 100vw, 900px\" \/><\/div><\/div><\/div><\/div><div class=\"flex_column av_one_full  flex_column_div av-zero-column-padding first  avia-builder-el-2  el_after_av_one_full  el_before_av_one_full  column-top-margin\" style='border-radius:0px; '><section class=\"av_textblock_section \"  itemscope=\"itemscope\" itemtype=\"https:\/\/schema.org\/BlogPosting\" itemprop=\"blogPost\" ><div class='avia_textblock  '   itemprop=\"text\" ><p style=\"text-align: center;\"><span style=\"font-size: 18pt;\"><b>Gobierno Regional y Municipio de Cisnes coordinan trabajo conjunto por vecinos y vecinas de Puerto Gala<\/b><\/span><\/p>\n<div id=\"gtx-trans\" style=\"position: absolute; left: -50px; top: 4.31534px;\">\n<div class=\"gtx-trans-icon\"><\/div>\n<\/div>\n<\/div><\/section><\/div><div class=\"flex_column av_one_full  flex_column_div av-zero-column-padding first  avia-builder-el-4  el_after_av_one_full  el_before_av_hr  column-top-margin\" style='border-radius:0px; '><section class=\"av_textblock_section \"  itemscope=\"itemscope\" itemtype=\"https:\/\/schema.org\/BlogPosting\" itemprop=\"blogPost\" ><div class='avia_textblock  '   itemprop=\"text\" ><p style=\"text-align: justify;\">A trav\u00e9s de un Plan de Desarrollo Territorial con distintas iniciativas de inversi\u00f3n es que el Gobierno Regional planea apoyar el desarrollo de la comuna de Puerto Cisnes para los pr\u00f3ximos 5 a\u00f1os.<\/p>\n<p style=\"text-align: justify;\">\u00abEntre los objetivos de nuestra visita a la comuna de Puerto Cisnes estaba la presentaci\u00f3n Plan Marco de Desarrollo Territorial, un plan que contempla iniciativas de inversi\u00f3n por un monto que supera los diez mil millones de pesos, como Gobierno Regional este tipo de iniciativas es fundamental dado que nos permite planificar la inversi\u00f3n y de esa forma apostar por disminuir las brechas que existen en los territorios\u00bb, afirm\u00f3 la Gobernadora Regional Andrea Mac\u00edas, dando a conocer la noticia.<\/p>\n<p style=\"text-align: justify;\">Uno de los puntos relevantes de la visita fue el apoyo a los habitantes de Puerto Gala, por lo que dentro de las primeras medidas que se iniciar\u00e1n est\u00e1 el levantamiento de toda la red de pasarelas de la localidad para as\u00ed iniciar los dise\u00f1os. Ser\u00e1 el equipo topogr\u00e1fico municipal quienes realizar\u00e1n el levantamiento de la red el\u00e9ctrica local para generar un proyecto que luego ser\u00e1 postulado al nuevo Subsidio de Reparaci\u00f3n del Sistema El\u00e9ctrico en el Gobierno Regional de Ays\u00e9n.<\/p>\n<p style=\"text-align: justify;\">La Gobernadora Mac\u00edas indic\u00f3 lo relevante de este trabajo, luego de constatar en terreno las dificultades de vecinos y vecinas. \u00abTuvimos la oportunidad estar en Puerto Gala donde de manera presencial, pudimos observar el estado de conservaci\u00f3n en el que se encuentran las pasarelas, el gimnasio, distintas infraestructuras, entre ellas tambi\u00e9n la red el\u00e9ctrica, por lo tanto hemos acordado con el municipio poder dar prioridad a esta localidad y poder iniciar el levantamiento tanto de la red de pasarelas como la red el\u00e9ctrica con la finalidad de avanzar en los dise\u00f1os y en relaci\u00f3n a la red el\u00e9ctrica que pueda ser postulada al subsidio de reparaci\u00f3n de sistemas el\u00e9ctricos que tiene el Gobierno Regional de Ays\u00e9n\u00bb, comenta.<\/p>\n<p style=\"text-align: justify;\">Por su parte, para el Alcalde de Francisco Roncagliolo, el trabajo en conjunto con el Gobierno Regional es fundamental para el desarrollo del territorio. \u00abNosotros como comuna estamos muy agradecidos del hecho que se haya considerado a esta herramienta que haya financiado y validado tambi\u00e9n por el pleno del Consejo Regional, lo que marca tambi\u00e9n la hoja de ruta conjunta para una zona importante de nuestra comuna como es el litoral\u00bb.<\/p>\n<p style=\"text-align: justify;\">La visita tambi\u00e9n permiti\u00f3 que se pueda avanzar en la reparaci\u00f3n de distintos sectores prioritarios de pasarelas, con equipo municipal; el retiro de residuos acopiados (sacos) y escombros de la localidad, adem\u00e1s de la revisi\u00f3n de sistema fotovoltaicos de 5 familias que dependen exclusivamente de dicho sistema y que hoy deben usar generador personal.<\/p>\n<p style=\"text-align: justify;\">\u00abComo comuna queremos empezar a trabajar en este Plan de Desarrollo Territorial, \u00a0llevando adelante iniciativas que son necesarias y urgentes dentro de la comunidad de Puerto Gala. Una de esas es todo lo que es la renovaci\u00f3n de pasarelas que es una inversi\u00f3n bastante grande la que hay que hacer, por lo tanto obviamente por la cantidad de \u00a0poblaci\u00f3n es tremendamente importante tener herramientas que la puedan validar sin tantas restricciones\u00bb, comenta el Alcalde Roncagliolo.<\/p>\n<p style=\"text-align: justify;\">El desarrollo del litoral de la regi\u00f3n y de la vida de las personas que ah\u00ed habitan ser\u00e1 uno de los ejes prioritarios para el Gobierno Regional, recalca la m\u00e1xima autoridad. \u00abNos comprometimos con la comunidad de Puerto Gala, nos comprometemos como administraci\u00f3n a poner a las personas en el centro de la inversi\u00f3n p\u00fablica y eso es lo que estamos haciendo\u00bb, puntualiz\u00f3 la Gobernadora Mac\u00edas.<\/p>\n<\/div><\/section><\/div><div  style='height:50px' class='hr hr-invisible   avia-builder-el-6  el_after_av_one_full  el_before_av_social_share '><span class='hr-inner ' ><span class='hr-inner-style'><\/span><\/span><\/div><\/p>\n<div  class='av-social-sharing-box  avia-builder-el-7  el_after_av_hr  el_before_av_hr  '><div class='av-share-box'><h5 class='av-share-link-description av-no-toc '>Compartir esta noticia<\/h5><ul class='av-share-box-list noLightbox'><li class='av-share-link av-social-link-facebook' ><a target=\"_blank\" aria-label=\"Compartir en Facebook\" href='https:\/\/www.facebook.com\/sharer.php?u=https:\/\/radiorevelacionfm.cl\/?p=11203&#038;t=Gobierno%20Regional%20y%20Municipio%20de%20Cisnes%20coordinan%20trabajo%20conjunto%20por%20vecinos%20y%20vecinas%20de%20Puerto%20Gala' aria-hidden='false' data-av_icon='\ue8f3' data-av_iconfont='entypo-fontello' title='' data-avia-related-tooltip='Compartir en Facebook' rel=\"noopener\"><span class='avia_hidden_link_text'>Compartir en Facebook<\/span><\/a><\/li><li class='av-share-link av-social-link-twitter' ><a target=\"_blank\" aria-label=\"Compartir en Twitter\" href='https:\/\/twitter.com\/share?text=Gobierno%20Regional%20y%20Municipio%20de%20Cisnes%20coordinan%20trabajo%20conjunto%20por%20vecinos%20y%20vecinas%20de%20Puerto%20Gala&#038;url=https:\/\/radiorevelacionfm.cl\/?p=11203' aria-hidden='false' data-av_icon='\ue8f1' data-av_iconfont='entypo-fontello' title='' data-avia-related-tooltip='Compartir en Twitter' rel=\"noopener\"><span class='avia_hidden_link_text'>Compartir en Twitter<\/span><\/a><\/li><li class='av-share-link av-social-link-whatsapp' ><a target=\"_blank\" aria-label=\"Compartir en Whatsapp\" href='https:\/\/api.whatsapp.com\/send?text=https:\/\/radiorevelacionfm.cl\/?p=11203' aria-hidden='false' data-av_icon='\uf232' data-av_iconfont='entypo-fontello' title='' data-avia-related-tooltip='Compartir en Whatsapp' rel=\"noopener\"><span class='avia_hidden_link_text'>Compartir en Whatsapp<\/span><\/a><\/li><li class='av-share-link av-social-link-linkedin' ><a target=\"_blank\" aria-label=\"Compartir en LinkedIn\" href='https:\/\/linkedin.com\/shareArticle?mini=true&#038;title=Gobierno%20Regional%20y%20Municipio%20de%20Cisnes%20coordinan%20trabajo%20conjunto%20por%20vecinos%20y%20vecinas%20de%20Puerto%20Gala&#038;url=https:\/\/radiorevelacionfm.cl\/?p=11203' aria-hidden='false' data-av_icon='\ue8fc' data-av_iconfont='entypo-fontello' title='' data-avia-related-tooltip='Compartir en LinkedIn' rel=\"noopener\"><span class='avia_hidden_link_text'>Compartir en LinkedIn<\/span><\/a><\/li><li class='av-share-link av-social-link-mail' ><a  aria-label=\"Compartir por correo\" href='mailto:?subject=Gobierno%20Regional%20y%20Municipio%20de%20Cisnes%20coordinan%20trabajo%20conjunto%20por%20vecinos%20y%20vecinas%20de%20Puerto%20Gala&#038;body=https:\/\/radiorevelacionfm.cl\/?p=11203' aria-hidden='false' data-av_icon='\ue805' data-av_iconfont='entypo-fontello' title='' data-avia-related-tooltip='Compartir por correo'><span class='avia_hidden_link_text'>Compartir por correo<\/span><\/a><\/li><\/ul><\/div><\/div>\n<div  style='height:50px' class='hr hr-invisible   avia-builder-el-8  el_after_av_social_share  el_before_av_comments_list '><span class='hr-inner ' ><span class='hr-inner-style'><\/span><\/span><\/div>\n<div  class='av-buildercomment  av-blog-meta-html-info-disabled av-blog-meta-tag-disabled  '><\/div>\n","protected":false},"excerpt":{"rendered":"","protected":false},"author":1,"featured_media":11204,"comment_status":"open","ping_status":"open","sticky":false,"template":"","format":"standard","meta":{"footnotes":""},"categories":[38],"tags":[],"class_list":["post-11203","post","type-post","status-publish","format-standard","has-post-thumbnail","hentry","category-regional"],"jetpack_featured_media_url":"https:\/\/radiorevelacionfm.cl\/wp-content\/uploads\/2021\/11\/Foto-Cisnes-1-1.jpeg","_links":{"self":[{"href":"https:\/\/radiorevelacionfm.cl\/index.php?rest_route=\/wp\/v2\/posts\/11203","targetHints":{"allow":["GET"]}}],"collection":[{"href":"https:\/\/radiorevelacionfm.cl\/index.php?rest_route=\/wp\/v2\/posts"}],"about":[{"href":"https:\/\/radiorevelacionfm.cl\/index.php?rest_route=\/wp\/v2\/types\/post"}],"author":[{"embeddable":true,"href":"https:\/\/radiorevelacionfm.cl\/index.php?rest_route=\/wp\/v2\/users\/1"}],"replies":[{"embeddable":true,"href":"https:\/\/radiorevelacionfm.cl\/index.php?rest_route=%2Fwp%2Fv2%2Fcomments&post=11203"}],"version-history":[{"count":2,"href":"https:\/\/radiorevelacionfm.cl\/index.php?rest_route=\/wp\/v2\/posts\/11203\/revisions"}],"predecessor-version":[{"id":11206,"href":"https:\/\/radiorevelacionfm.cl\/index.php?rest_route=\/wp\/v2\/posts\/11203\/revisions\/11206"}],"wp:featuredmedia":[{"embeddable":true,"href":"https:\/\/radiorevelacionfm.cl\/index.php?rest_route=\/wp\/v2\/media\/11204"}],"wp:attachment":[{"href":"https:\/\/radiorevelacionfm.cl\/index.php?rest_route=%2Fwp%2Fv2%2Fmedia&parent=11203"}],"wp:term":[{"taxonomy":"category","embeddable":true,"href":"https:\/\/radiorevelacionfm.cl\/index.php?rest_route=%2Fwp%2Fv2%2Fcategories&post=11203"},{"taxonomy":"post_tag","embeddable":true,"href":"https:\/\/radiorevelacionfm.cl\/index.php?rest_route=%2Fwp%2Fv2%2Ftags&post=11203"}],"curies":[{"name":"wp","href":"https:\/\/api.w.org\/{rel}","templated":true}]}}