{"id":11199,"date":"2021-11-24T20:41:20","date_gmt":"2021-11-24T23:41:20","guid":{"rendered":"https:\/\/radiorevelacionfm.cl\/?p=11199"},"modified":"2021-11-24T20:41:20","modified_gmt":"2021-11-24T23:41:20","slug":"solicitan-12-anos-de-presidio-para-ex-alcalde-de-melinka-y-otros-imputados-por-malversacion-y-fraude-al-fisco","status":"publish","type":"post","link":"https:\/\/radiorevelacionfm.cl\/?p=11199","title":{"rendered":"Solicitan 12 a\u00f1os de presidio para ex alcalde de Melinka y otros imputados por malversaci\u00f3n y fraude al fisco"},"content":{"rendered":"<div class=\"flex_column av_one_full  flex_column_div av-zero-column-padding first  avia-builder-el-0  el_before_av_one_full  avia-builder-el-first  \" style='border-radius:0px; '><div  class='avia-image-container  av-styling-    avia-builder-el-1  avia-builder-el-no-sibling  avia-align-center '  itemprop=\"image\" itemscope=\"itemscope\" itemtype=\"https:\/\/schema.org\/ImageObject\"  ><div class='avia-image-container-inner'><div class='avia-image-overlay-wrap'><img decoding=\"async\" class='wp-image-11200 avia-img-lazy-loading-not-11200 avia_image' src=\"https:\/\/radiorevelacionfm.cl\/wp-content\/uploads\/2021\/11\/Ex-Alcalde-Alvarado-1-1.jpg\" alt='' title='Ex-Alcalde Alvarado (1) (1)' height=\"600\" width=\"902\"  itemprop=\"thumbnailUrl\" srcset=\"https:\/\/radiorevelacionfm.cl\/wp-content\/uploads\/2021\/11\/Ex-Alcalde-Alvarado-1-1.jpg 902w, https:\/\/radiorevelacionfm.cl\/wp-content\/uploads\/2021\/11\/Ex-Alcalde-Alvarado-1-1-300x200.jpg 300w, https:\/\/radiorevelacionfm.cl\/wp-content\/uploads\/2021\/11\/Ex-Alcalde-Alvarado-1-1-768x511.jpg 768w, https:\/\/radiorevelacionfm.cl\/wp-content\/uploads\/2021\/11\/Ex-Alcalde-Alvarado-1-1-705x469.jpg 705w, https:\/\/radiorevelacionfm.cl\/wp-content\/uploads\/2021\/11\/Ex-Alcalde-Alvarado-1-1-600x399.jpg 600w\" sizes=\"(max-width: 902px) 100vw, 902px\" \/><\/div><\/div><\/div><\/div><div class=\"flex_column av_one_full  flex_column_div av-zero-column-padding first  avia-builder-el-2  el_after_av_one_full  el_before_av_one_full  column-top-margin\" style='border-radius:0px; '><section class=\"av_textblock_section \"  itemscope=\"itemscope\" itemtype=\"https:\/\/schema.org\/BlogPosting\" itemprop=\"blogPost\" ><div class='avia_textblock  '   itemprop=\"text\" ><p style=\"text-align: center;\"><strong><span style=\"font-size: 18pt;\">Solicitan 12 a\u00f1os de presidio para ex alcalde de Melinka y otros imputados por malversaci\u00f3n y fraude al fisco<\/span><\/strong><\/p>\n<div id=\"gtx-trans\" style=\"position: absolute; left: -50px; top: 4.31534px;\">\n<div class=\"gtx-trans-icon\"><\/div>\n<\/div>\n<\/div><\/section><\/div><div class=\"flex_column av_one_full  flex_column_div av-zero-column-padding first  avia-builder-el-4  el_after_av_one_full  el_before_av_hr  column-top-margin\" style='border-radius:0px; '><section class=\"av_textblock_section \"  itemscope=\"itemscope\" itemtype=\"https:\/\/schema.org\/BlogPosting\" itemprop=\"blogPost\" ><div class='avia_textblock  '   itemprop=\"text\" ><p style=\"text-align: justify;\">En el marco de la investigaci\u00f3n por malversaci\u00f3n de caudales p\u00fablicos y fraude al fisco en el municipio de Guaitecas, que dirigi\u00f3 el Fiscal Regional de Ays\u00e9n, Carlos Palma junto a un equipo especial de la PDI, el Ministerio P\u00fablico solicit\u00f3 para los acusados Cristian Alvarado Oyarzo, Ra\u00fal Mansilla Barr\u00eda, Rosario Saldivia Calixto, y Luis Meli\u00e1n Oyarzo, una pena \u00fanica de 12 a\u00f1os de presidio mayor en su grado medio y en el caso de Cristian Tauda Krema, la pena de 6 a\u00f1os de presidio mayor en su grado m\u00ednimo por el delito de fraude al fisco.<\/p>\n<p style=\"text-align: justify;\">El juicio oral por este caso, se inici\u00f3 esta semana, a dos a\u00f1os de la presentaci\u00f3n de la acusaci\u00f3n por parte de la Fiscal\u00eda en contra de los imputados. En el juicio participa el fiscal jefe de SACFI, Luis Gonz\u00e1lez y las audiencias de este caso, se coordinan desde Coyhaique, a trav\u00e9s de Zoom, con declaraciones tambi\u00e9n efectuadas desde Melinka. En las gestiones apoya la Unidad de V\u00edctimas y Testigos y la Unidad de Gesti\u00f3n e Inform\u00e1tica, ambas de la Fiscal\u00eda Regional de Ays\u00e9n.<\/p>\n<p style=\"text-align: justify;\">PRUEBAS Y TESTIGOS<\/p>\n<p style=\"text-align: justify;\">En el juicio, la Fiscal\u00eda est\u00e1 en condiciones de exhibir prueba documental que incluye numerosas facturas, decretos de pago, facturas electr\u00f3nicas, notas de cr\u00e9dito, entre otros, sumado a la posible presentaci\u00f3n de 51 testigos, 3 peritos y 7 peritajes especializados, entre otros medios de prueba.<\/p>\n<p style=\"text-align: justify;\">Todo lo anterior, fue recolectado a lo largo de una investigaci\u00f3n que lider\u00f3 el Fiscal Regional, Carlos Palma, junto a un equipo entre los que se incluye al fiscal Luis Gonz\u00e1lez y al abogado asesor Miguel Riquelme, sumado a polic\u00edas y peritos de la Brigada de Delitos Econ\u00f3micos (Bridec) y Lacrim de la Polic\u00eda de Investigaciones.<\/p>\n<p style=\"text-align: justify;\">Los imputados de la Fiscal\u00eda en este caso son el ex alcalde de Melinka, Cristian Alejandro Alvarado Oyarzo, sumado a Ra\u00fal Octavio Mansilla Barr\u00eda, Rosario de Lourdes Saldivia Calixto, Luis Marcelo Meli\u00e1n Oyarzo y Cristian Tauda Krema, por los delitos de malversaci\u00f3n de caudales p\u00fablicos y fraude al fisco, por un total de $341 millones de pesos aproximadamente.<\/p>\n<p style=\"text-align: justify;\">Esta investigaci\u00f3n penal de la Fiscal\u00eda se origin\u00f3 luego de un informe de la Contralor\u00eda General de la Rep\u00fablica, el cual fue entregado al Ministerio P\u00fablico y en el cual se detallaban una serie de irregularidades al interior del municipio.<\/p>\n<p style=\"text-align: justify;\">HECHOS INVESTIGADOS<\/p>\n<p style=\"text-align: justify;\">De acuerdo a los hechos expuestos por el fiscal Gonz\u00e1lez en el alegato de apertura del Juicio Oral en Lo Penal, el imputado Ra\u00fal Mansilla Barr\u00eda se desempe\u00f1aba como Jefe de Finanzas de la Municipalidad de Las Guaitecas y Cristian Alvarado como alcalde.<br \/>\nEn dichas circunstancias, aprovecharon estas funciones p\u00fablicas y el hecho de tener a su cargo dineros fiscales, para sustraer dineros de las cuentas corrientes bancarias del municipio y de la planta el\u00e9ctrica, transfiri\u00e9ndolos electr\u00f3nicamente hacia sus propias cuentas o hacia terceros.<\/p>\n<p style=\"text-align: justify;\">Para ello, de acuerdo a la acusaci\u00f3n de la Fiscal\u00eda, los imputados realizaron operaciones fraudulentas, transfiriendo fondos p\u00fablicos sin respaldos o con facturas y decretos de pago ideol\u00f3gicamente falsos, las que aparentaban la adquisici\u00f3n de bienes o el pago de servicios.<\/p>\n<p style=\"text-align: justify;\">Dichas acciones fraudulentas se realizaron con el acuerdo y participaci\u00f3n de Rosario Saldivia Calixto, c\u00f3nyuge de Ra\u00fal Mansilla y -en ese entonces- Bibliotecaria de la Municipalidad de las Guaitecas, y Luis Meli\u00e1n Oyarzo, que ejecutaba labores como contador externo de la planta el\u00e9ctrica de Melinka, quienes facilitaron sus cuentas corrientes bancarias para la recepci\u00f3n y desv\u00edo de los dineros fiscales y, adem\u00e1s, en el caso de Luis Meli\u00e1n Oyarzo, entregaron facturas de otras entidades comerciales, logrando de esta forma sustraer dineros p\u00fablicos.<\/p>\n<p style=\"text-align: justify;\">En estas maniobras tambi\u00e9n particip\u00f3 directamente Cristian Tauda Krema, quien se desempe\u00f1aba como Jefe de la Planta El\u00e9ctrica dependiente de la Municipalidad de las Guaitecas, y previamente concertado con Ra\u00fal Mansilla y Cristian Alvarado, consinti\u00f3 y autoriz\u00f3 expresamente el pago de combustibles y otros servicios, a sabiendas que dicho combustible nunca se hab\u00eda adquirido, lo que era parte de una planificaci\u00f3n elaborada para respaldar el egreso de dineros fiscales desde la cuenta corriente de la Planta El\u00e9ctrica de Melinka.<\/p>\n<p style=\"text-align: justify;\">El juicio oral contin\u00faa desarroll\u00e1ndose, a trav\u00e9s de una plataforma digital, coordinaci\u00f3n a cargo del Tribunal de Juicio Oral en Lo Penal de Coyhaique.<\/p>\n<\/div><\/section><\/div><div  style='height:50px' class='hr hr-invisible   avia-builder-el-6  el_after_av_one_full  el_before_av_social_share '><span class='hr-inner ' ><span class='hr-inner-style'><\/span><\/span><\/div><\/p>\n<div  class='av-social-sharing-box  avia-builder-el-7  el_after_av_hr  el_before_av_hr  '><div class='av-share-box'><h5 class='av-share-link-description av-no-toc '>Compartir esta noticia<\/h5><ul class='av-share-box-list noLightbox'><li class='av-share-link av-social-link-facebook' ><a target=\"_blank\" aria-label=\"Compartir en Facebook\" href='https:\/\/www.facebook.com\/sharer.php?u=https:\/\/radiorevelacionfm.cl\/?p=11199&#038;t=Solicitan%2012%20a%C3%B1os%20de%20presidio%20para%20ex%20alcalde%20de%20Melinka%20y%20otros%20imputados%20por%20malversaci%C3%B3n%20y%20fraude%20al%20fisco' aria-hidden='false' data-av_icon='\ue8f3' data-av_iconfont='entypo-fontello' title='' data-avia-related-tooltip='Compartir en Facebook' rel=\"noopener\"><span class='avia_hidden_link_text'>Compartir en Facebook<\/span><\/a><\/li><li class='av-share-link av-social-link-twitter' ><a target=\"_blank\" aria-label=\"Compartir en Twitter\" href='https:\/\/twitter.com\/share?text=Solicitan%2012%20a%C3%B1os%20de%20presidio%20para%20ex%20alcalde%20de%20Melinka%20y%20otros%20imputados%20por%20malversaci%C3%B3n%20y%20fraude%20al%20fisco&#038;url=https:\/\/radiorevelacionfm.cl\/?p=11199' aria-hidden='false' data-av_icon='\ue8f1' data-av_iconfont='entypo-fontello' title='' data-avia-related-tooltip='Compartir en Twitter' rel=\"noopener\"><span class='avia_hidden_link_text'>Compartir en Twitter<\/span><\/a><\/li><li class='av-share-link av-social-link-whatsapp' ><a target=\"_blank\" aria-label=\"Compartir en Whatsapp\" href='https:\/\/api.whatsapp.com\/send?text=https:\/\/radiorevelacionfm.cl\/?p=11199' aria-hidden='false' data-av_icon='\uf232' data-av_iconfont='entypo-fontello' title='' data-avia-related-tooltip='Compartir en Whatsapp' rel=\"noopener\"><span class='avia_hidden_link_text'>Compartir en Whatsapp<\/span><\/a><\/li><li class='av-share-link av-social-link-linkedin' ><a target=\"_blank\" aria-label=\"Compartir en LinkedIn\" href='https:\/\/linkedin.com\/shareArticle?mini=true&#038;title=Solicitan%2012%20a%C3%B1os%20de%20presidio%20para%20ex%20alcalde%20de%20Melinka%20y%20otros%20imputados%20por%20malversaci%C3%B3n%20y%20fraude%20al%20fisco&#038;url=https:\/\/radiorevelacionfm.cl\/?p=11199' aria-hidden='false' data-av_icon='\ue8fc' data-av_iconfont='entypo-fontello' title='' data-avia-related-tooltip='Compartir en LinkedIn' rel=\"noopener\"><span class='avia_hidden_link_text'>Compartir en LinkedIn<\/span><\/a><\/li><li class='av-share-link av-social-link-mail' ><a  aria-label=\"Compartir por correo\" href='mailto:?subject=Solicitan%2012%20a%C3%B1os%20de%20presidio%20para%20ex%20alcalde%20de%20Melinka%20y%20otros%20imputados%20por%20malversaci%C3%B3n%20y%20fraude%20al%20fisco&#038;body=https:\/\/radiorevelacionfm.cl\/?p=11199' aria-hidden='false' data-av_icon='\ue805' data-av_iconfont='entypo-fontello' title='' data-avia-related-tooltip='Compartir por correo'><span class='avia_hidden_link_text'>Compartir por correo<\/span><\/a><\/li><\/ul><\/div><\/div>\n<div  style='height:50px' class='hr hr-invisible   avia-builder-el-8  el_after_av_social_share  el_before_av_comments_list '><span class='hr-inner ' ><span class='hr-inner-style'><\/span><\/span><\/div>\n<div  class='av-buildercomment  av-blog-meta-html-info-disabled av-blog-meta-tag-disabled  '><\/div>\n","protected":false},"excerpt":{"rendered":"","protected":false},"author":1,"featured_media":11200,"comment_status":"open","ping_status":"open","sticky":false,"template":"","format":"standard","meta":{"footnotes":""},"categories":[55],"tags":[],"class_list":["post-11199","post","type-post","status-publish","format-standard","has-post-thumbnail","hentry","category-justicia"],"jetpack_featured_media_url":"https:\/\/radiorevelacionfm.cl\/wp-content\/uploads\/2021\/11\/Ex-Alcalde-Alvarado-1-1.jpg","_links":{"self":[{"href":"https:\/\/radiorevelacionfm.cl\/index.php?rest_route=\/wp\/v2\/posts\/11199","targetHints":{"allow":["GET"]}}],"collection":[{"href":"https:\/\/radiorevelacionfm.cl\/index.php?rest_route=\/wp\/v2\/posts"}],"about":[{"href":"https:\/\/radiorevelacionfm.cl\/index.php?rest_route=\/wp\/v2\/types\/post"}],"author":[{"embeddable":true,"href":"https:\/\/radiorevelacionfm.cl\/index.php?rest_route=\/wp\/v2\/users\/1"}],"replies":[{"embeddable":true,"href":"https:\/\/radiorevelacionfm.cl\/index.php?rest_route=%2Fwp%2Fv2%2Fcomments&post=11199"}],"version-history":[{"count":2,"href":"https:\/\/radiorevelacionfm.cl\/index.php?rest_route=\/wp\/v2\/posts\/11199\/revisions"}],"predecessor-version":[{"id":11202,"href":"https:\/\/radiorevelacionfm.cl\/index.php?rest_route=\/wp\/v2\/posts\/11199\/revisions\/11202"}],"wp:featuredmedia":[{"embeddable":true,"href":"https:\/\/radiorevelacionfm.cl\/index.php?rest_route=\/wp\/v2\/media\/11200"}],"wp:attachment":[{"href":"https:\/\/radiorevelacionfm.cl\/index.php?rest_route=%2Fwp%2Fv2%2Fmedia&parent=11199"}],"wp:term":[{"taxonomy":"category","embeddable":true,"href":"https:\/\/radiorevelacionfm.cl\/index.php?rest_route=%2Fwp%2Fv2%2Fcategories&post=11199"},{"taxonomy":"post_tag","embeddable":true,"href":"https:\/\/radiorevelacionfm.cl\/index.php?rest_route=%2Fwp%2Fv2%2Ftags&post=11199"}],"curies":[{"name":"wp","href":"https:\/\/api.w.org\/{rel}","templated":true}]}}