{"id":11186,"date":"2021-11-25T09:23:43","date_gmt":"2021-11-25T12:23:43","guid":{"rendered":"https:\/\/radiorevelacionfm.cl\/?p=11186"},"modified":"2021-11-25T09:23:43","modified_gmt":"2021-11-25T12:23:43","slug":"recuperacion-de-empleos-supera-21-millones-un-90-de-los-trabajos-destruidos-por-la-pandemia","status":"publish","type":"post","link":"https:\/\/radiorevelacionfm.cl\/?p=11186","title":{"rendered":"Recuperaci\u00f3n de empleos supera 2,1 millones un 90% de los trabajos destruidos por la pandemia"},"content":{"rendered":"<div class=\"flex_column av_one_full  flex_column_div av-zero-column-padding first  avia-builder-el-0  el_before_av_one_full  avia-builder-el-first  \" style='border-radius:0px; '><div  class='avia-image-container  av-styling-    avia-builder-el-1  avia-builder-el-no-sibling  avia-align-center '  itemprop=\"image\" itemscope=\"itemscope\" itemtype=\"https:\/\/schema.org\/ImageObject\"  ><div class='avia-image-container-inner'><div class='avia-image-overlay-wrap'><img decoding=\"async\" class='wp-image-7427 avia-img-lazy-loading-not-7427 avia_image' src=\"https:\/\/radiorevelacionfm.cl\/wp-content\/uploads\/2021\/08\/trabajadores-1.jpg\" alt='' title='trabajadores- (1)' height=\"600\" width=\"860\"  itemprop=\"thumbnailUrl\" srcset=\"https:\/\/radiorevelacionfm.cl\/wp-content\/uploads\/2021\/08\/trabajadores-1.jpg 860w, https:\/\/radiorevelacionfm.cl\/wp-content\/uploads\/2021\/08\/trabajadores-1-300x209.jpg 300w, https:\/\/radiorevelacionfm.cl\/wp-content\/uploads\/2021\/08\/trabajadores-1-768x536.jpg 768w, https:\/\/radiorevelacionfm.cl\/wp-content\/uploads\/2021\/08\/trabajadores-1-705x492.jpg 705w, https:\/\/radiorevelacionfm.cl\/wp-content\/uploads\/2021\/08\/trabajadores-1-600x419.jpg 600w\" sizes=\"(max-width: 860px) 100vw, 860px\" \/><\/div><\/div><\/div><\/div><div class=\"flex_column av_one_full  flex_column_div av-zero-column-padding first  avia-builder-el-2  el_after_av_one_full  el_before_av_one_full  column-top-margin\" style='border-radius:0px; '><section class=\"av_textblock_section \"  itemscope=\"itemscope\" itemtype=\"https:\/\/schema.org\/BlogPosting\" itemprop=\"blogPost\" ><div class='avia_textblock  '   itemprop=\"text\" ><p style=\"text-align: center;\"><strong><span style=\"font-size: 18pt;\">Recuperaci\u00f3n de empleos supera 2,1 millones un 90% de los trabajos destruidos por la pandemia\u00a0<\/span><\/strong><\/p>\n<div id=\"gtx-trans\" style=\"position: absolute; left: -50px; top: 4.31534px;\">\n<div class=\"gtx-trans-icon\"><\/div>\n<\/div>\n<\/div><\/section><\/div><div class=\"flex_column av_one_full  flex_column_div av-zero-column-padding first  avia-builder-el-4  el_after_av_one_full  el_before_av_hr  column-top-margin\" style='border-radius:0px; '><section class=\"av_textblock_section \"  itemscope=\"itemscope\" itemtype=\"https:\/\/schema.org\/BlogPosting\" itemprop=\"blogPost\" ><div class='avia_textblock  '   itemprop=\"text\" ><p style=\"text-align: justify;\">El Centro de Encuestas y Estudios Longitudinales de la Universidad Cat\u00f3lica dio a conocer una nueva versi\u00f3n de su nueva encuesta de empleo, cuya semana de referencia es la primera de noviembre 2021, que arroj\u00f3 la creaci\u00f3n de 699 mil nuevos puestos de trabajo en octubre.<\/p>\n<p style=\"text-align: justify;\">Seg\u00fan la medici\u00f3n, la tasa de ocupaci\u00f3n alcanz\u00f3 un 55,2%, su nivel m\u00e1s alto registrado desde el inicio de la pandemia, llegando a 8,82 millones de ocupados en el pa\u00eds. A noviembre de 2021 se han recuperado cerca de 2,16 millones puestos de trabajo, desde el punto m\u00e1s bajo de la pandemia (julio 2020, cuando 2,4 millones se destruyeron). Esta recuperaci\u00f3n equivale al 90% de los empleos perdidos.<\/p>\n<p style=\"text-align: justify;\">Seg\u00fan la encuesta, el n\u00famero de personas que no trabaja por razones asociadas al Covid-19 sigue bajando. Un total de 853 mil personas declara que estar\u00eda buscando trabajo de no estar en pandemia, versus las 905 mil de septiembre y los 1,4 millones de abril. El exitoso proceso de vacunaci\u00f3n est\u00e1 permitiendo a las personas volver a buscar trabajo.<\/p>\n<p style=\"text-align: justify;\">Adicionalmente, la recuperaci\u00f3n de empleo es transversal a hombres y mujeres, en todos los niveles de ingresos y en todas las regiones. Seg\u00fan los datos reportados por el Centro de Encuestas UC, los hombres han recuperado un 87% de los empleos destruidos durante la pandemia, mientras que las mujeres lo han hecho en un 94%.<\/p>\n<p style=\"text-align: justify;\">Las pol\u00edticas para incentivar el empleo han sido fundamentales. Se han aprobado m\u00e1s de 1,5 millones de solicitudes a los subsidios al empleo.<\/p>\n<\/div><\/section><\/div><div  style='height:50px' class='hr hr-invisible   avia-builder-el-6  el_after_av_one_full  el_before_av_social_share '><span class='hr-inner ' ><span class='hr-inner-style'><\/span><\/span><\/div><\/p>\n<div  class='av-social-sharing-box  avia-builder-el-7  el_after_av_hr  el_before_av_hr  '><div class='av-share-box'><h5 class='av-share-link-description av-no-toc '>Compartir esta noticia<\/h5><ul class='av-share-box-list noLightbox'><li class='av-share-link av-social-link-facebook' ><a target=\"_blank\" aria-label=\"Compartir en Facebook\" href='https:\/\/www.facebook.com\/sharer.php?u=https:\/\/radiorevelacionfm.cl\/?p=11186&#038;t=Recuperaci%C3%B3n%20de%20empleos%20supera%202%2C1%20millones%20un%2090%25%20de%20los%20trabajos%20destruidos%20por%20la%20pandemia' aria-hidden='false' data-av_icon='\ue8f3' data-av_iconfont='entypo-fontello' title='' data-avia-related-tooltip='Compartir en Facebook' rel=\"noopener\"><span class='avia_hidden_link_text'>Compartir en Facebook<\/span><\/a><\/li><li class='av-share-link av-social-link-twitter' ><a target=\"_blank\" aria-label=\"Compartir en Twitter\" href='https:\/\/twitter.com\/share?text=Recuperaci%C3%B3n%20de%20empleos%20supera%202%2C1%20millones%20un%2090%25%20de%20los%20trabajos%20destruidos%20por%20la%20pandemia&#038;url=https:\/\/radiorevelacionfm.cl\/?p=11186' aria-hidden='false' data-av_icon='\ue8f1' data-av_iconfont='entypo-fontello' title='' data-avia-related-tooltip='Compartir en Twitter' rel=\"noopener\"><span class='avia_hidden_link_text'>Compartir en Twitter<\/span><\/a><\/li><li class='av-share-link av-social-link-whatsapp' ><a target=\"_blank\" aria-label=\"Compartir en Whatsapp\" href='https:\/\/api.whatsapp.com\/send?text=https:\/\/radiorevelacionfm.cl\/?p=11186' aria-hidden='false' data-av_icon='\uf232' data-av_iconfont='entypo-fontello' title='' data-avia-related-tooltip='Compartir en Whatsapp' rel=\"noopener\"><span class='avia_hidden_link_text'>Compartir en Whatsapp<\/span><\/a><\/li><li class='av-share-link av-social-link-linkedin' ><a target=\"_blank\" aria-label=\"Compartir en LinkedIn\" href='https:\/\/linkedin.com\/shareArticle?mini=true&#038;title=Recuperaci%C3%B3n%20de%20empleos%20supera%202%2C1%20millones%20un%2090%25%20de%20los%20trabajos%20destruidos%20por%20la%20pandemia&#038;url=https:\/\/radiorevelacionfm.cl\/?p=11186' aria-hidden='false' data-av_icon='\ue8fc' data-av_iconfont='entypo-fontello' title='' data-avia-related-tooltip='Compartir en LinkedIn' rel=\"noopener\"><span class='avia_hidden_link_text'>Compartir en LinkedIn<\/span><\/a><\/li><li class='av-share-link av-social-link-mail' ><a  aria-label=\"Compartir por correo\" href='mailto:?subject=Recuperaci%C3%B3n%20de%20empleos%20supera%202%2C1%20millones%20un%2090%25%20de%20los%20trabajos%20destruidos%20por%20la%20pandemia&#038;body=https:\/\/radiorevelacionfm.cl\/?p=11186' aria-hidden='false' data-av_icon='\ue805' data-av_iconfont='entypo-fontello' title='' data-avia-related-tooltip='Compartir por correo'><span class='avia_hidden_link_text'>Compartir por correo<\/span><\/a><\/li><\/ul><\/div><\/div>\n<div  style='height:50px' class='hr hr-invisible   avia-builder-el-8  el_after_av_social_share  el_before_av_comments_list '><span class='hr-inner ' ><span class='hr-inner-style'><\/span><\/span><\/div>\n<div  class='av-buildercomment  av-blog-meta-html-info-disabled av-blog-meta-tag-disabled  '><\/div>\n","protected":false},"excerpt":{"rendered":"","protected":false},"author":1,"featured_media":7427,"comment_status":"open","ping_status":"open","sticky":false,"template":"","format":"standard","meta":{"footnotes":""},"categories":[56],"tags":[],"class_list":["post-11186","post","type-post","status-publish","format-standard","has-post-thumbnail","hentry","category-trabajo"],"jetpack_featured_media_url":"https:\/\/radiorevelacionfm.cl\/wp-content\/uploads\/2021\/08\/trabajadores-1.jpg","_links":{"self":[{"href":"https:\/\/radiorevelacionfm.cl\/index.php?rest_route=\/wp\/v2\/posts\/11186","targetHints":{"allow":["GET"]}}],"collection":[{"href":"https:\/\/radiorevelacionfm.cl\/index.php?rest_route=\/wp\/v2\/posts"}],"about":[{"href":"https:\/\/radiorevelacionfm.cl\/index.php?rest_route=\/wp\/v2\/types\/post"}],"author":[{"embeddable":true,"href":"https:\/\/radiorevelacionfm.cl\/index.php?rest_route=\/wp\/v2\/users\/1"}],"replies":[{"embeddable":true,"href":"https:\/\/radiorevelacionfm.cl\/index.php?rest_route=%2Fwp%2Fv2%2Fcomments&post=11186"}],"version-history":[{"count":2,"href":"https:\/\/radiorevelacionfm.cl\/index.php?rest_route=\/wp\/v2\/posts\/11186\/revisions"}],"predecessor-version":[{"id":11207,"href":"https:\/\/radiorevelacionfm.cl\/index.php?rest_route=\/wp\/v2\/posts\/11186\/revisions\/11207"}],"wp:featuredmedia":[{"embeddable":true,"href":"https:\/\/radiorevelacionfm.cl\/index.php?rest_route=\/wp\/v2\/media\/7427"}],"wp:attachment":[{"href":"https:\/\/radiorevelacionfm.cl\/index.php?rest_route=%2Fwp%2Fv2%2Fmedia&parent=11186"}],"wp:term":[{"taxonomy":"category","embeddable":true,"href":"https:\/\/radiorevelacionfm.cl\/index.php?rest_route=%2Fwp%2Fv2%2Fcategories&post=11186"},{"taxonomy":"post_tag","embeddable":true,"href":"https:\/\/radiorevelacionfm.cl\/index.php?rest_route=%2Fwp%2Fv2%2Ftags&post=11186"}],"curies":[{"name":"wp","href":"https:\/\/api.w.org\/{rel}","templated":true}]}}