{"id":11168,"date":"2021-11-24T10:11:19","date_gmt":"2021-11-24T13:11:19","guid":{"rendered":"https:\/\/radiorevelacionfm.cl\/?p=11168"},"modified":"2021-11-24T10:11:19","modified_gmt":"2021-11-24T13:11:19","slug":"sandoval-llama-a-acelerar-tramite-de-proyecto-de-integracion-social-y-urbana","status":"publish","type":"post","link":"https:\/\/radiorevelacionfm.cl\/?p=11168","title":{"rendered":"Sandoval llama a acelerar tr\u00e1mite de proyecto de Integraci\u00f3n Social y Urbana"},"content":{"rendered":"<div class=\"flex_column av_one_full  flex_column_div av-zero-column-padding first  avia-builder-el-0  el_before_av_one_full  avia-builder-el-first  \" style='border-radius:0px; '><div  class='avia-image-container  av-styling-    avia-builder-el-1  avia-builder-el-no-sibling  avia-align-center '  itemprop=\"image\" itemscope=\"itemscope\" itemtype=\"https:\/\/schema.org\/ImageObject\"  ><div class='avia-image-container-inner'><div class='avia-image-overlay-wrap'><img decoding=\"async\" class='wp-image-11169 avia-img-lazy-loading-not-11169 avia_image' src=\"https:\/\/radiorevelacionfm.cl\/wp-content\/uploads\/2021\/11\/senador-sandoval2-1i-1_optimized.jpg\" alt='' title='senador-sandoval2-(1)i-(1)_optimized' height=\"600\" width=\"897\"  itemprop=\"thumbnailUrl\" srcset=\"https:\/\/radiorevelacionfm.cl\/wp-content\/uploads\/2021\/11\/senador-sandoval2-1i-1_optimized.jpg 897w, https:\/\/radiorevelacionfm.cl\/wp-content\/uploads\/2021\/11\/senador-sandoval2-1i-1_optimized-300x201.jpg 300w, https:\/\/radiorevelacionfm.cl\/wp-content\/uploads\/2021\/11\/senador-sandoval2-1i-1_optimized-768x514.jpg 768w, https:\/\/radiorevelacionfm.cl\/wp-content\/uploads\/2021\/11\/senador-sandoval2-1i-1_optimized-705x472.jpg 705w, https:\/\/radiorevelacionfm.cl\/wp-content\/uploads\/2021\/11\/senador-sandoval2-1i-1_optimized-600x401.jpg 600w\" sizes=\"(max-width: 897px) 100vw, 897px\" \/><\/div><\/div><\/div><\/div><div class=\"flex_column av_one_full  flex_column_div av-zero-column-padding first  avia-builder-el-2  el_after_av_one_full  el_before_av_one_full  column-top-margin\" style='border-radius:0px; '><section class=\"av_textblock_section \"  itemscope=\"itemscope\" itemtype=\"https:\/\/schema.org\/BlogPosting\" itemprop=\"blogPost\" ><div class='avia_textblock  '   itemprop=\"text\" ><p style=\"text-align: center;\"><strong><span style=\"font-size: 18pt;\">Sandoval llama a acelerar tr\u00e1mite de proyecto de Integraci\u00f3n Social y Urbana <\/span><\/strong><\/p>\n<div id=\"gtx-trans\" style=\"position: absolute; left: -50px; top: 4.31534px;\">\n<div class=\"gtx-trans-icon\"><\/div>\n<\/div>\n<\/div><\/section><\/div><div class=\"flex_column av_one_full  flex_column_div av-zero-column-padding first  avia-builder-el-4  el_after_av_one_full  el_before_av_hr  column-top-margin\" style='border-radius:0px; '><section class=\"av_textblock_section \"  itemscope=\"itemscope\" itemtype=\"https:\/\/schema.org\/BlogPosting\" itemprop=\"blogPost\" ><div class='avia_textblock  '   itemprop=\"text\" ><p style=\"text-align: justify;\">El senador David Sandoval realiz\u00f3 un urgente llamado a tramitar el proyecto de Integraci\u00f3n Social y Urbana, el cual sigue a la espera de las modificaciones que el Ejecutivo comprometi\u00f3 ingresar para su avance.<\/p>\n<p style=\"text-align: justify;\">Al parlamentario hizo este planteamiento durante la sesi\u00f3n de la comisi\u00f3n de Vivienda de este martes, tras lo cual tambi\u00e9n se reuni\u00f3 con un grupo de dirigentes de comit\u00e9s habitacionales de distintas zonas del pa\u00eds, a quienes dio cuenta de los acuerdos que se tomaron en esa instancia parlamentaria. \u201cAcordamos que el ministerio de Vivienda (MINVU), tiene plazo hasta el d\u00eda viernes de esta semana para elaborar las modificaciones definitivas del proyecto. Y la comisi\u00f3n de vivienda, a su vez, acord\u00f3 dedicarle todo el tiempo y prioridad necesaria para tramitar r\u00e1pidamente esta norma\u201d, puntualiz\u00f3.<\/p>\n<p style=\"text-align: justify;\">En ese sentido, Sandoval se\u00f1al\u00f3 que \u201cas\u00ed como alguien se dedica 15 horas a hablar en la sala sobre un proyecto, dediqu\u00e9monos nosotros quince horas para que, en un proceso r\u00e1pido, podamos tramitar esta ley que tanto esperan las familias\u201d.<\/p>\n<p style=\"text-align: justify;\">Le legislador agreg\u00f3 que la vivienda es uno de los temas que m\u00e1s preocupan a las comunidades, por lo cual espera que se concrete el acuerdo al que se lleg\u00f3 este martes en la comisi\u00f3n del Senado. \u201cDetr\u00e1s de los comit\u00e9s habitacionales, tenemos a familias que est\u00e1n esperando una soluci\u00f3n y detr\u00e1s de ellas, muchas personas que necesitan dar un salto en su calidad de vida\u201d, subray\u00f3.<\/p>\n<p style=\"text-align: justify;\">Sobre la demora que ha tenido el proyecto, se\u00f1al\u00f3 que ello se debe a razones de car\u00e1cter pol\u00edtico, recordando que la iniciativa se rechaz\u00f3 en su tr\u00e1mite en la misma comisi\u00f3n, ya que algunos senadores plantearon que \u00e9sta no deb\u00eda tramitarse ahora, sino que estar en el marco de la nueva constituci\u00f3n. \u201cLa Constituci\u00f3n no va a decir que entregar\u00e1 una casa de 70 m2 en dos meses, sino que solo que una persona tendr\u00e1 derecho a una vivienda digna. Y entre que se apruebe la constituci\u00f3n, las leyes, los programas, van a pasar muchos a\u00f1os\u201d, puntualiz\u00f3.<\/p>\n<p style=\"text-align: justify;\">Por lo mismo es que destac\u00f3 el trabajo de las propias organizaciones, lo que permiti\u00f3 revertir la demora que se estaba produciendo con el proyecto y avanzar hacia su concreci\u00f3n definitiva. \u201cAhora falta entrar en el detalle de las modificaciones y darle a la gente la ley que le permita a la gente acceder a sus viviendas\u201d, concluy\u00f3.<\/p>\n<\/div><\/section><\/div><div  style='height:50px' class='hr hr-invisible   avia-builder-el-6  el_after_av_one_full  el_before_av_social_share '><span class='hr-inner ' ><span class='hr-inner-style'><\/span><\/span><\/div><\/p>\n<div  class='av-social-sharing-box  avia-builder-el-7  el_after_av_hr  el_before_av_hr  '><div class='av-share-box'><h5 class='av-share-link-description av-no-toc '>Compartir esta noticia<\/h5><ul class='av-share-box-list noLightbox'><li class='av-share-link av-social-link-facebook' ><a target=\"_blank\" aria-label=\"Compartir en Facebook\" href='https:\/\/www.facebook.com\/sharer.php?u=https:\/\/radiorevelacionfm.cl\/?p=11168&#038;t=Sandoval%20llama%20a%20acelerar%20tr%C3%A1mite%20de%20proyecto%20de%20Integraci%C3%B3n%20Social%20y%20Urbana' aria-hidden='false' data-av_icon='\ue8f3' data-av_iconfont='entypo-fontello' title='' data-avia-related-tooltip='Compartir en Facebook' rel=\"noopener\"><span class='avia_hidden_link_text'>Compartir en Facebook<\/span><\/a><\/li><li class='av-share-link av-social-link-twitter' ><a target=\"_blank\" aria-label=\"Compartir en Twitter\" href='https:\/\/twitter.com\/share?text=Sandoval%20llama%20a%20acelerar%20tr%C3%A1mite%20de%20proyecto%20de%20Integraci%C3%B3n%20Social%20y%20Urbana&#038;url=https:\/\/radiorevelacionfm.cl\/?p=11168' aria-hidden='false' data-av_icon='\ue8f1' data-av_iconfont='entypo-fontello' title='' data-avia-related-tooltip='Compartir en Twitter' rel=\"noopener\"><span class='avia_hidden_link_text'>Compartir en Twitter<\/span><\/a><\/li><li class='av-share-link av-social-link-whatsapp' ><a target=\"_blank\" aria-label=\"Compartir en Whatsapp\" href='https:\/\/api.whatsapp.com\/send?text=https:\/\/radiorevelacionfm.cl\/?p=11168' aria-hidden='false' data-av_icon='\uf232' data-av_iconfont='entypo-fontello' title='' data-avia-related-tooltip='Compartir en Whatsapp' rel=\"noopener\"><span class='avia_hidden_link_text'>Compartir en Whatsapp<\/span><\/a><\/li><li class='av-share-link av-social-link-linkedin' ><a target=\"_blank\" aria-label=\"Compartir en LinkedIn\" href='https:\/\/linkedin.com\/shareArticle?mini=true&#038;title=Sandoval%20llama%20a%20acelerar%20tr%C3%A1mite%20de%20proyecto%20de%20Integraci%C3%B3n%20Social%20y%20Urbana&#038;url=https:\/\/radiorevelacionfm.cl\/?p=11168' aria-hidden='false' data-av_icon='\ue8fc' data-av_iconfont='entypo-fontello' title='' data-avia-related-tooltip='Compartir en LinkedIn' rel=\"noopener\"><span class='avia_hidden_link_text'>Compartir en LinkedIn<\/span><\/a><\/li><li class='av-share-link av-social-link-mail' ><a  aria-label=\"Compartir por correo\" href='mailto:?subject=Sandoval%20llama%20a%20acelerar%20tr%C3%A1mite%20de%20proyecto%20de%20Integraci%C3%B3n%20Social%20y%20Urbana&#038;body=https:\/\/radiorevelacionfm.cl\/?p=11168' aria-hidden='false' data-av_icon='\ue805' data-av_iconfont='entypo-fontello' title='' data-avia-related-tooltip='Compartir por correo'><span class='avia_hidden_link_text'>Compartir por correo<\/span><\/a><\/li><\/ul><\/div><\/div>\n<div  style='height:50px' class='hr hr-invisible   avia-builder-el-8  el_after_av_social_share  el_before_av_comments_list '><span class='hr-inner ' ><span class='hr-inner-style'><\/span><\/span><\/div>\n<div  class='av-buildercomment  av-blog-meta-html-info-disabled av-blog-meta-tag-disabled  '><\/div>\n","protected":false},"excerpt":{"rendered":"","protected":false},"author":1,"featured_media":11169,"comment_status":"open","ping_status":"open","sticky":false,"template":"","format":"standard","meta":{"footnotes":""},"categories":[35],"tags":[],"class_list":["post-11168","post","type-post","status-publish","format-standard","has-post-thumbnail","hentry","category-politica"],"jetpack_featured_media_url":"https:\/\/radiorevelacionfm.cl\/wp-content\/uploads\/2021\/11\/senador-sandoval2-1i-1_optimized.jpg","_links":{"self":[{"href":"https:\/\/radiorevelacionfm.cl\/index.php?rest_route=\/wp\/v2\/posts\/11168","targetHints":{"allow":["GET"]}}],"collection":[{"href":"https:\/\/radiorevelacionfm.cl\/index.php?rest_route=\/wp\/v2\/posts"}],"about":[{"href":"https:\/\/radiorevelacionfm.cl\/index.php?rest_route=\/wp\/v2\/types\/post"}],"author":[{"embeddable":true,"href":"https:\/\/radiorevelacionfm.cl\/index.php?rest_route=\/wp\/v2\/users\/1"}],"replies":[{"embeddable":true,"href":"https:\/\/radiorevelacionfm.cl\/index.php?rest_route=%2Fwp%2Fv2%2Fcomments&post=11168"}],"version-history":[{"count":2,"href":"https:\/\/radiorevelacionfm.cl\/index.php?rest_route=\/wp\/v2\/posts\/11168\/revisions"}],"predecessor-version":[{"id":11180,"href":"https:\/\/radiorevelacionfm.cl\/index.php?rest_route=\/wp\/v2\/posts\/11168\/revisions\/11180"}],"wp:featuredmedia":[{"embeddable":true,"href":"https:\/\/radiorevelacionfm.cl\/index.php?rest_route=\/wp\/v2\/media\/11169"}],"wp:attachment":[{"href":"https:\/\/radiorevelacionfm.cl\/index.php?rest_route=%2Fwp%2Fv2%2Fmedia&parent=11168"}],"wp:term":[{"taxonomy":"category","embeddable":true,"href":"https:\/\/radiorevelacionfm.cl\/index.php?rest_route=%2Fwp%2Fv2%2Fcategories&post=11168"},{"taxonomy":"post_tag","embeddable":true,"href":"https:\/\/radiorevelacionfm.cl\/index.php?rest_route=%2Fwp%2Fv2%2Ftags&post=11168"}],"curies":[{"name":"wp","href":"https:\/\/api.w.org\/{rel}","templated":true}]}}