{"id":11156,"date":"2021-11-24T11:47:24","date_gmt":"2021-11-24T14:47:24","guid":{"rendered":"https:\/\/radiorevelacionfm.cl\/?p=11156"},"modified":"2021-11-24T11:47:24","modified_gmt":"2021-11-24T14:47:24","slug":"comienza-el-proceso-complementario-de-postulacion-al-sistema-de-admision-escolar","status":"publish","type":"post","link":"https:\/\/radiorevelacionfm.cl\/?p=11156","title":{"rendered":"Comienza el proceso complementario de postulaci\u00f3n al Sistema de Admisi\u00f3n Escolar"},"content":{"rendered":"<div class=\"flex_column av_one_full  flex_column_div av-zero-column-padding first  avia-builder-el-0  el_before_av_one_full  avia-builder-el-first  \" style='border-radius:0px; '><div  class='avia-image-container  av-styling-    avia-builder-el-1  avia-builder-el-no-sibling  avia-align-center '  itemprop=\"image\" itemscope=\"itemscope\" itemtype=\"https:\/\/schema.org\/ImageObject\"  ><div class='avia-image-container-inner'><div class='avia-image-overlay-wrap'><img decoding=\"async\" class='wp-image-6864 avia-img-lazy-loading-not-6864 avia_image' src=\"https:\/\/radiorevelacionfm.cl\/wp-content\/uploads\/2021\/07\/SAE1-1-1-1.jpg\" alt='' title='SAE1 (1) (1)' height=\"600\" width=\"899\"  itemprop=\"thumbnailUrl\" srcset=\"https:\/\/radiorevelacionfm.cl\/wp-content\/uploads\/2021\/07\/SAE1-1-1-1.jpg 899w, https:\/\/radiorevelacionfm.cl\/wp-content\/uploads\/2021\/07\/SAE1-1-1-1-300x200.jpg 300w, https:\/\/radiorevelacionfm.cl\/wp-content\/uploads\/2021\/07\/SAE1-1-1-1-768x513.jpg 768w, https:\/\/radiorevelacionfm.cl\/wp-content\/uploads\/2021\/07\/SAE1-1-1-1-705x471.jpg 705w, https:\/\/radiorevelacionfm.cl\/wp-content\/uploads\/2021\/07\/SAE1-1-1-1-600x400.jpg 600w\" sizes=\"(max-width: 899px) 100vw, 899px\" \/><\/div><\/div><\/div><\/div><div class=\"flex_column av_one_full  flex_column_div av-zero-column-padding first  avia-builder-el-2  el_after_av_one_full  el_before_av_one_full  column-top-margin\" style='border-radius:0px; '><section class=\"av_textblock_section \"  itemscope=\"itemscope\" itemtype=\"https:\/\/schema.org\/BlogPosting\" itemprop=\"blogPost\" ><div class='avia_textblock  '   itemprop=\"text\" ><p style=\"text-align: center;\"><strong><span style=\"font-size: 18pt;\">Comienza el proceso complementario de postulaci\u00f3n al Sistema de Admisi\u00f3n Escolar<\/span><\/strong><\/p>\n<div id=\"gtx-trans\" style=\"position: absolute; left: -50px; top: 4.31534px;\">\n<div class=\"gtx-trans-icon\"><\/div>\n<\/div>\n<\/div><\/section><\/div><div class=\"flex_column av_one_full  flex_column_div av-zero-column-padding first  avia-builder-el-4  el_after_av_one_full  el_before_av_hr  column-top-margin\" style='border-radius:0px; '><section class=\"av_textblock_section \"  itemscope=\"itemscope\" itemtype=\"https:\/\/schema.org\/BlogPosting\" itemprop=\"blogPost\" ><div class='avia_textblock  '   itemprop=\"text\" ><p class=\"v1MsoNormal\" style=\"text-align: justify;\">A partir de este martes 23 y hasta el 30 de noviembre, los padres y apoderados que no participaron de la primera etapa de postulaciones al Sistema de Admisi\u00f3n Escolar (SAE), o que rechazaron la vacante asignada a sus hijos, podr\u00e1n participar de la etapa complementaria del proceso, cuyos resultados se dar\u00e1n a conocer el\u00a0<b>martes 14 de diciembre<\/b>.<\/p>\n<p class=\"v1MsoNormal\" style=\"text-align: justify;\">En el periodo principal se recibieron\u00a0461.223 postulaciones en todo el pa\u00eds,\u00a0y a\u00fan quedan<strong>\u00a0<\/strong>657.778 vacantes disponibles para este per\u00edodo, el que permite acceder a establecimientos educacionales Particulares Subvencionados y Municipales.<\/p>\n<p class=\"v1MsoNormal\" style=\"text-align: justify;\">El Seremi de Educaci\u00f3n Sergio Becerra Mera inform\u00f3 que en el caso de la Regi\u00f3n de Ays\u00e9n hay 5.895 cupos disponibles para el periodo que comienza hoy. Durante el periodo principal se registraron 2.826 postulaciones.<\/p>\n<p class=\"v1MsoNormal\" style=\"text-align: justify;\">\u201cHacemos un llamado a los padres y apoderados que no postularon en el proceso principal, a que lo hagan desde hoy a trav\u00e9s del sitio web del Sistema de Admisi\u00f3n Escolar. Si tienen dudas pueden acercarse a alguno de los puntos f\u00edsicos de apoyo publicados en\u00a0<a href=\"https:\/\/nam02.safelinks.protection.outlook.com\/?url=http%3A%2F%2Fwww.sistemadeadmisionescolar.cl%2F&amp;data=04%7C01%7Ccamilo.gomez%40mineduc.cl%7C11958dc9a2794d900e9508d9aebaba23%7C2e4cfe500580414093874ecde39def60%7C0%7C0%7C637732939282751885%7CUnknown%7CTWFpbGZsb3d8eyJWIjoiMC4wLjAwMDAiLCJQIjoiV2luMzIiLCJBTiI6Ik1haWwiLCJXVCI6Mn0%3D%7C3000&amp;sdata=vOMSlof17UHDQtDs9%2Fq32hWOvMUGVbUuK5ehBFIx8J0%3D&amp;reserved=0\" target=\"_blank\" rel=\"noopener noreferrer\">www.sistemadeadmisionescolar.cl<\/a>. Adem\u00e1s, las familias que tengan escaso o nulo acceso a internet, podr\u00e1n solicitar apoyo a trav\u00e9s de Ayuda Mineduc, llamando al 600 600 2626\u201d detall\u00f3 Sergio Becerra.<\/p>\n<p class=\"v1MsoNormal\" style=\"text-align: justify;\">Durante este Periodo Complementario de Postulaci\u00f3n est\u00e1 la posibilidad que los padres y apoderados puedan visitar el sitio\u00a0<a href=\"https:\/\/nam02.safelinks.protection.outlook.com\/?url=https%3A%2F%2Fwww.mime.mineduc.cl%2Fexplorer&amp;data=04%7C01%7Ccamilo.gomez%40mineduc.cl%7C11958dc9a2794d900e9508d9aebaba23%7C2e4cfe500580414093874ecde39def60%7C0%7C0%7C637732939282761833%7CUnknown%7CTWFpbGZsb3d8eyJWIjoiMC4wLjAwMDAiLCJQIjoiV2luMzIiLCJBTiI6Ik1haWwiLCJXVCI6Mn0%3D%7C3000&amp;sdata=Raz9dV0k6O%2FFuOl1dQzjBU4LVfwgrgZgDsucElILYis%3D&amp;reserved=0\" target=\"_blank\" rel=\"noopener noreferrer\">https:\/\/www.mime.mineduc.cl\/<\/a>\u00a0para poder ver cu\u00e1les colegios tienen cerca de sus casas, el modelo educativo y los puntos de inter\u00e9s relevantes al momento de postular a sus hijos e hijas a un establecimiento educacional.<\/p>\n<p class=\"v1MsoNormal\" style=\"text-align: justify;\">\u201cCon esto, queremos que las familias puedan contar con una herramienta que les permita conocer sobre los proyectos educativos cercanos a sus hogares, y as\u00ed puedan postular con m\u00e1s informaci\u00f3n respecto a la educaci\u00f3n de sus hijos\u201d,\u00a0dijo el Subsecretario de Educaci\u00f3n, Jorge Poblete<\/p>\n<p class=\"v1MsoNormal\" style=\"text-align: justify;\">Para postular, el apoderado debe ingresar desde un computador o celular a\u00a0<a href=\"https:\/\/nam02.safelinks.protection.outlook.com\/?url=http%3A%2F%2Fwww.sistemadeadmisionescolar.cl%2F&amp;data=04%7C01%7Ccamilo.gomez%40mineduc.cl%7C11958dc9a2794d900e9508d9aebaba23%7C2e4cfe500580414093874ecde39def60%7C0%7C0%7C637732939282761833%7CUnknown%7CTWFpbGZsb3d8eyJWIjoiMC4wLjAwMDAiLCJQIjoiV2luMzIiLCJBTiI6Ik1haWwiLCJXVCI6Mn0%3D%7C3000&amp;sdata=jE050Rf96nTPsKs5KZ%2BJIdWG8xV079D3lp7%2BG7x7Ipo%3D&amp;reserved=0\" target=\"_blank\" rel=\"noopener noreferrer\">www.sistemadeadmisionescolar.cl<\/a>\u00a0con su RUN o IPA y contrase\u00f1a, buscar establecimientos, agregar los que le interesen a su listado, y ordenarlos por preferencia. Luego s\u00f3lo queda enviar su postulaci\u00f3n y descargar el comprobante. Esta postulaci\u00f3n podr\u00e1 ser modificada cuantas veces quiera hasta<b>\u00a0el martes 30 de noviembre a las 23:59<\/b>\u00a0<b>hrs.<\/b><\/p>\n<p class=\"v1MsoNormal\" style=\"text-align: justify;\"><b>Pr\u00f3ximas Fechas<\/b><\/p>\n<ol style=\"text-align: justify;\" type=\"1\">\n<li class=\"v1MsoNormal\"><b>Periodo de postulaci\u00f3n complementario:\u00a0<\/b>23 de noviembre al 30 de noviembre<\/li>\n<li class=\"v1MsoNormal\"><b>Publicaci\u00f3n Resultados periodo Complementario:\u00a0<\/b>14 de diciembre<\/li>\n<li class=\"v1MsoNormal\"><b>Matr\u00edculas de estudiantes:\u00a0<\/b>15 de diciembre al 27 de diciembre<\/li>\n<\/ol>\n<\/div><\/section><\/div><div  style='height:50px' class='hr hr-invisible   avia-builder-el-6  el_after_av_one_full  el_before_av_social_share '><span class='hr-inner ' ><span class='hr-inner-style'><\/span><\/span><\/div><\/p>\n<div  class='av-social-sharing-box  avia-builder-el-7  el_after_av_hr  el_before_av_hr  '><div class='av-share-box'><h5 class='av-share-link-description av-no-toc '>Compartir esta noticia<\/h5><ul class='av-share-box-list noLightbox'><li class='av-share-link av-social-link-facebook' ><a target=\"_blank\" aria-label=\"Compartir en Facebook\" href='https:\/\/www.facebook.com\/sharer.php?u=https:\/\/radiorevelacionfm.cl\/?p=11156&#038;t=Comienza%20el%20proceso%20complementario%20de%20postulaci%C3%B3n%20al%20Sistema%20de%20Admisi%C3%B3n%20Escolar' aria-hidden='false' data-av_icon='\ue8f3' data-av_iconfont='entypo-fontello' title='' data-avia-related-tooltip='Compartir en Facebook' rel=\"noopener\"><span class='avia_hidden_link_text'>Compartir en Facebook<\/span><\/a><\/li><li class='av-share-link av-social-link-twitter' ><a target=\"_blank\" aria-label=\"Compartir en Twitter\" href='https:\/\/twitter.com\/share?text=Comienza%20el%20proceso%20complementario%20de%20postulaci%C3%B3n%20al%20Sistema%20de%20Admisi%C3%B3n%20Escolar&#038;url=https:\/\/radiorevelacionfm.cl\/?p=11156' aria-hidden='false' data-av_icon='\ue8f1' data-av_iconfont='entypo-fontello' title='' data-avia-related-tooltip='Compartir en Twitter' rel=\"noopener\"><span class='avia_hidden_link_text'>Compartir en Twitter<\/span><\/a><\/li><li class='av-share-link av-social-link-whatsapp' ><a target=\"_blank\" aria-label=\"Compartir en Whatsapp\" href='https:\/\/api.whatsapp.com\/send?text=https:\/\/radiorevelacionfm.cl\/?p=11156' aria-hidden='false' data-av_icon='\uf232' data-av_iconfont='entypo-fontello' title='' data-avia-related-tooltip='Compartir en Whatsapp' rel=\"noopener\"><span class='avia_hidden_link_text'>Compartir en Whatsapp<\/span><\/a><\/li><li class='av-share-link av-social-link-linkedin' ><a target=\"_blank\" aria-label=\"Compartir en LinkedIn\" href='https:\/\/linkedin.com\/shareArticle?mini=true&#038;title=Comienza%20el%20proceso%20complementario%20de%20postulaci%C3%B3n%20al%20Sistema%20de%20Admisi%C3%B3n%20Escolar&#038;url=https:\/\/radiorevelacionfm.cl\/?p=11156' aria-hidden='false' data-av_icon='\ue8fc' data-av_iconfont='entypo-fontello' title='' data-avia-related-tooltip='Compartir en LinkedIn' rel=\"noopener\"><span class='avia_hidden_link_text'>Compartir en LinkedIn<\/span><\/a><\/li><li class='av-share-link av-social-link-mail' ><a  aria-label=\"Compartir por correo\" href='mailto:?subject=Comienza%20el%20proceso%20complementario%20de%20postulaci%C3%B3n%20al%20Sistema%20de%20Admisi%C3%B3n%20Escolar&#038;body=https:\/\/radiorevelacionfm.cl\/?p=11156' aria-hidden='false' data-av_icon='\ue805' data-av_iconfont='entypo-fontello' title='' data-avia-related-tooltip='Compartir por correo'><span class='avia_hidden_link_text'>Compartir por correo<\/span><\/a><\/li><\/ul><\/div><\/div>\n<div  style='height:50px' class='hr hr-invisible   avia-builder-el-8  el_after_av_social_share  el_before_av_comments_list '><span class='hr-inner ' ><span class='hr-inner-style'><\/span><\/span><\/div>\n<div  class='av-buildercomment  av-blog-meta-html-info-disabled av-blog-meta-tag-disabled  '><\/div>\n","protected":false},"excerpt":{"rendered":"","protected":false},"author":1,"featured_media":6864,"comment_status":"open","ping_status":"open","sticky":false,"template":"","format":"standard","meta":{"footnotes":""},"categories":[49],"tags":[],"class_list":["post-11156","post","type-post","status-publish","format-standard","has-post-thumbnail","hentry","category-educacion"],"jetpack_featured_media_url":"https:\/\/radiorevelacionfm.cl\/wp-content\/uploads\/2021\/07\/SAE1-1-1-1.jpg","_links":{"self":[{"href":"https:\/\/radiorevelacionfm.cl\/index.php?rest_route=\/wp\/v2\/posts\/11156","targetHints":{"allow":["GET"]}}],"collection":[{"href":"https:\/\/radiorevelacionfm.cl\/index.php?rest_route=\/wp\/v2\/posts"}],"about":[{"href":"https:\/\/radiorevelacionfm.cl\/index.php?rest_route=\/wp\/v2\/types\/post"}],"author":[{"embeddable":true,"href":"https:\/\/radiorevelacionfm.cl\/index.php?rest_route=\/wp\/v2\/users\/1"}],"replies":[{"embeddable":true,"href":"https:\/\/radiorevelacionfm.cl\/index.php?rest_route=%2Fwp%2Fv2%2Fcomments&post=11156"}],"version-history":[{"count":2,"href":"https:\/\/radiorevelacionfm.cl\/index.php?rest_route=\/wp\/v2\/posts\/11156\/revisions"}],"predecessor-version":[{"id":11182,"href":"https:\/\/radiorevelacionfm.cl\/index.php?rest_route=\/wp\/v2\/posts\/11156\/revisions\/11182"}],"wp:featuredmedia":[{"embeddable":true,"href":"https:\/\/radiorevelacionfm.cl\/index.php?rest_route=\/wp\/v2\/media\/6864"}],"wp:attachment":[{"href":"https:\/\/radiorevelacionfm.cl\/index.php?rest_route=%2Fwp%2Fv2%2Fmedia&parent=11156"}],"wp:term":[{"taxonomy":"category","embeddable":true,"href":"https:\/\/radiorevelacionfm.cl\/index.php?rest_route=%2Fwp%2Fv2%2Fcategories&post=11156"},{"taxonomy":"post_tag","embeddable":true,"href":"https:\/\/radiorevelacionfm.cl\/index.php?rest_route=%2Fwp%2Fv2%2Ftags&post=11156"}],"curies":[{"name":"wp","href":"https:\/\/api.w.org\/{rel}","templated":true}]}}