{"id":11152,"date":"2021-11-23T19:29:15","date_gmt":"2021-11-23T22:29:15","guid":{"rendered":"https:\/\/radiorevelacionfm.cl\/?p=11152"},"modified":"2021-11-23T22:09:52","modified_gmt":"2021-11-24T01:09:52","slug":"investigan-causa-y-origen-de-siniestro-que-cobro-la-vida-de-una-adulta-mayor-en-coyhaique","status":"publish","type":"post","link":"https:\/\/radiorevelacionfm.cl\/?p=11152","title":{"rendered":"Investigan causa y origen de siniestro que cobr\u00f3 la vida de una adulta mayor en Coyhaique"},"content":{"rendered":"<div class=\"flex_column av_one_full  flex_column_div av-zero-column-padding first  avia-builder-el-0  el_before_av_one_full  avia-builder-el-first  \" style='border-radius:0px; '><div  class='avia-image-container  av-styling-    avia-builder-el-1  avia-builder-el-no-sibling  avia-align-center '  itemprop=\"image\" itemscope=\"itemscope\" itemtype=\"https:\/\/schema.org\/ImageObject\"  ><div class='avia-image-container-inner'><div class='avia-image-overlay-wrap'><img decoding=\"async\" class='wp-image-11153 avia-img-lazy-loading-not-11153 avia_image' src=\"https:\/\/radiorevelacionfm.cl\/wp-content\/uploads\/2021\/11\/incendio-coyh-22-11-21i-1_optimized.jpg\" alt='' title='incendio-coyh-22-11-21i-(1)_optimized' height=\"600\" width=\"759\"  itemprop=\"thumbnailUrl\" srcset=\"https:\/\/radiorevelacionfm.cl\/wp-content\/uploads\/2021\/11\/incendio-coyh-22-11-21i-1_optimized.jpg 759w, https:\/\/radiorevelacionfm.cl\/wp-content\/uploads\/2021\/11\/incendio-coyh-22-11-21i-1_optimized-300x237.jpg 300w, https:\/\/radiorevelacionfm.cl\/wp-content\/uploads\/2021\/11\/incendio-coyh-22-11-21i-1_optimized-705x557.jpg 705w, https:\/\/radiorevelacionfm.cl\/wp-content\/uploads\/2021\/11\/incendio-coyh-22-11-21i-1_optimized-600x474.jpg 600w\" sizes=\"(max-width: 759px) 100vw, 759px\" \/><\/div><\/div><\/div><\/div>\n<div class=\"flex_column av_one_full  flex_column_div av-zero-column-padding first  avia-builder-el-2  el_after_av_one_full  el_before_av_one_full  column-top-margin\" style='border-radius:0px; '><section class=\"av_textblock_section \"  itemscope=\"itemscope\" itemtype=\"https:\/\/schema.org\/BlogPosting\" itemprop=\"blogPost\" ><div class='avia_textblock  '   itemprop=\"text\" ><p style=\"text-align: center;\"><strong><span style=\"font-size: 18pt;\">Investigan causa y origen de siniestro que cobr\u00f3 la vida de una adulta mayor en Coyhaique<\/span><\/strong><\/p>\n<div id=\"gtx-trans\" style=\"position: absolute; left: -50px; top: 4.31534px;\">\n<div class=\"gtx-trans-icon\"><\/div>\n<\/div>\n<\/div><\/section><\/div>\n<div class=\"flex_column av_one_full  flex_column_div av-zero-column-padding first  avia-builder-el-4  el_after_av_one_full  el_before_av_hr  column-top-margin\" style='border-radius:0px; '><section class=\"av_textblock_section \"  itemscope=\"itemscope\" itemtype=\"https:\/\/schema.org\/BlogPosting\" itemprop=\"blogPost\" ><div class='avia_textblock  '   itemprop=\"text\" ><p style=\"text-align: justify;\">Ayer a eso de las 7 de la tarde, Carabineros concurri\u00f3 a dos procedimientos de incendio casi al mismo tiempo, uno de ellos con mayor connotaci\u00f3n respecto a una persona de 84 a\u00f1os de edad (con movilidad reducida), la cual se encontraba al interior de su domicilio en la Poblaci\u00f3n Marchant y lamentablemente perdi\u00f3 la vida producto de este incendio.<\/p>\n<p style=\"text-align: justify;\">Fueron los propios vecinos quienes dieron aviso de la situaci\u00f3n y pese a los enormes esfuerzos y el trabajo del Cuerpo de Bomberos (que a su vez atend\u00eda otro incendio en Divisadero), la persona mayor no pudo ser evacuada.<\/p>\n<p style=\"text-align: justify;\">El Capit\u00e1n Luis Alvarado Pinto, Subcomisario de los Servicios 2 de la Primera Comisar\u00eda de Coyhaique, se\u00f1al\u00f3 que todos los incendios son materia de investigaci\u00f3n, lo que si le podemos entregar como informaci\u00f3n a la ciudadan\u00eda, es que cuando ocurren este tipo de incendios, la gran mayor\u00eda de las veces son de tipo el\u00e9ctrico o de tipo propagaci\u00f3n por las propias combustiones.<\/p>\n<p style=\"text-align: justify;\">Esas son las teor\u00edas que se manejan y que son parte de la investigaci\u00f3n que se desarrolla, estamos llegando una \u00e9poca del a\u00f1o donde se reduce el uso de las combustiones, pero tambi\u00e9n hacemos llamado por el uso de los sistemas el\u00e9ctricos, sobretodo por el tema de la Navidad, por la luminaria exterior y de fantas\u00eda que se utiliza, entonces hacemos el llamado a tener cuidado y precauci\u00f3n con las instalaciones el\u00e9ctricas, principalmente el sistema el\u00e9ctrico normal con el cual funciona el a\u00f1o calendario.<\/p>\n<div style=\"text-align: justify;\">Los peritajes est\u00e1n siendo desarrollados\u00a0por el Labocar en coordinaci\u00f3n con la Fiscal\u00eda, siendo levantados restos de material\u00a0carbonizado y de conductores el\u00e9ctricos, con la finalidad de ser sometido a pruebas de an\u00e1lisis qu\u00edmico, con la finalidad de establecer la causa y origen de la emergencia.<\/div>\n<div style=\"text-align: justify;\"><\/div>\n<div>\n<div style=\"text-align: justify;\"><\/div>\n<\/div>\n<\/div><\/section><\/div><div  style='height:50px' class='hr hr-invisible   avia-builder-el-6  el_after_av_one_full  el_before_av_social_share '><span class='hr-inner ' ><span class='hr-inner-style'><\/span><\/span><\/div><\/p>\n<div  class='av-social-sharing-box  avia-builder-el-7  el_after_av_hr  el_before_av_hr  '><div class='av-share-box'><h5 class='av-share-link-description av-no-toc '>Compartir esta noticia<\/h5><ul class='av-share-box-list noLightbox'><li class='av-share-link av-social-link-facebook' ><a target=\"_blank\" aria-label=\"Compartir en Facebook\" href='https:\/\/www.facebook.com\/sharer.php?u=https:\/\/radiorevelacionfm.cl\/?p=11152&#038;t=Investigan%20causa%20y%20origen%20de%20siniestro%20que%20cobr%C3%B3%20la%20vida%20de%20una%20adulta%20mayor%20en%20Coyhaique' aria-hidden='false' data-av_icon='\ue8f3' data-av_iconfont='entypo-fontello' title='' data-avia-related-tooltip='Compartir en Facebook' rel=\"noopener\"><span class='avia_hidden_link_text'>Compartir en Facebook<\/span><\/a><\/li><li class='av-share-link av-social-link-twitter' ><a target=\"_blank\" aria-label=\"Compartir en Twitter\" href='https:\/\/twitter.com\/share?text=Investigan%20causa%20y%20origen%20de%20siniestro%20que%20cobr%C3%B3%20la%20vida%20de%20una%20adulta%20mayor%20en%20Coyhaique&#038;url=https:\/\/radiorevelacionfm.cl\/?p=11152' aria-hidden='false' data-av_icon='\ue8f1' data-av_iconfont='entypo-fontello' title='' data-avia-related-tooltip='Compartir en Twitter' rel=\"noopener\"><span class='avia_hidden_link_text'>Compartir en Twitter<\/span><\/a><\/li><li class='av-share-link av-social-link-whatsapp' ><a target=\"_blank\" aria-label=\"Compartir en Whatsapp\" href='https:\/\/api.whatsapp.com\/send?text=https:\/\/radiorevelacionfm.cl\/?p=11152' aria-hidden='false' data-av_icon='\uf232' data-av_iconfont='entypo-fontello' title='' data-avia-related-tooltip='Compartir en Whatsapp' rel=\"noopener\"><span class='avia_hidden_link_text'>Compartir en Whatsapp<\/span><\/a><\/li><li class='av-share-link av-social-link-linkedin' ><a target=\"_blank\" aria-label=\"Compartir en LinkedIn\" href='https:\/\/linkedin.com\/shareArticle?mini=true&#038;title=Investigan%20causa%20y%20origen%20de%20siniestro%20que%20cobr%C3%B3%20la%20vida%20de%20una%20adulta%20mayor%20en%20Coyhaique&#038;url=https:\/\/radiorevelacionfm.cl\/?p=11152' aria-hidden='false' data-av_icon='\ue8fc' data-av_iconfont='entypo-fontello' title='' data-avia-related-tooltip='Compartir en LinkedIn' rel=\"noopener\"><span class='avia_hidden_link_text'>Compartir en LinkedIn<\/span><\/a><\/li><li class='av-share-link av-social-link-mail' ><a  aria-label=\"Compartir por correo\" href='mailto:?subject=Investigan%20causa%20y%20origen%20de%20siniestro%20que%20cobr%C3%B3%20la%20vida%20de%20una%20adulta%20mayor%20en%20Coyhaique&#038;body=https:\/\/radiorevelacionfm.cl\/?p=11152' aria-hidden='false' data-av_icon='\ue805' data-av_iconfont='entypo-fontello' title='' data-avia-related-tooltip='Compartir por correo'><span class='avia_hidden_link_text'>Compartir por correo<\/span><\/a><\/li><\/ul><\/div><\/div>\n<div  style='height:50px' class='hr hr-invisible   avia-builder-el-8  el_after_av_social_share  el_before_av_comments_list '><span class='hr-inner ' ><span class='hr-inner-style'><\/span><\/span><\/div>\n<div  class='av-buildercomment  av-blog-meta-html-info-disabled av-blog-meta-tag-disabled  '><\/div>\n","protected":false},"excerpt":{"rendered":"","protected":false},"author":1,"featured_media":11153,"comment_status":"open","ping_status":"open","sticky":false,"template":"","format":"standard","meta":{"footnotes":""},"categories":[36],"tags":[],"class_list":["post-11152","post","type-post","status-publish","format-standard","has-post-thumbnail","hentry","category-policial"],"jetpack_featured_media_url":"https:\/\/radiorevelacionfm.cl\/wp-content\/uploads\/2021\/11\/incendio-coyh-22-11-21i-1_optimized.jpg","_links":{"self":[{"href":"https:\/\/radiorevelacionfm.cl\/index.php?rest_route=\/wp\/v2\/posts\/11152","targetHints":{"allow":["GET"]}}],"collection":[{"href":"https:\/\/radiorevelacionfm.cl\/index.php?rest_route=\/wp\/v2\/posts"}],"about":[{"href":"https:\/\/radiorevelacionfm.cl\/index.php?rest_route=\/wp\/v2\/types\/post"}],"author":[{"embeddable":true,"href":"https:\/\/radiorevelacionfm.cl\/index.php?rest_route=\/wp\/v2\/users\/1"}],"replies":[{"embeddable":true,"href":"https:\/\/radiorevelacionfm.cl\/index.php?rest_route=%2Fwp%2Fv2%2Fcomments&post=11152"}],"version-history":[{"count":5,"href":"https:\/\/radiorevelacionfm.cl\/index.php?rest_route=\/wp\/v2\/posts\/11152\/revisions"}],"predecessor-version":[{"id":11173,"href":"https:\/\/radiorevelacionfm.cl\/index.php?rest_route=\/wp\/v2\/posts\/11152\/revisions\/11173"}],"wp:featuredmedia":[{"embeddable":true,"href":"https:\/\/radiorevelacionfm.cl\/index.php?rest_route=\/wp\/v2\/media\/11153"}],"wp:attachment":[{"href":"https:\/\/radiorevelacionfm.cl\/index.php?rest_route=%2Fwp%2Fv2%2Fmedia&parent=11152"}],"wp:term":[{"taxonomy":"category","embeddable":true,"href":"https:\/\/radiorevelacionfm.cl\/index.php?rest_route=%2Fwp%2Fv2%2Fcategories&post=11152"},{"taxonomy":"post_tag","embeddable":true,"href":"https:\/\/radiorevelacionfm.cl\/index.php?rest_route=%2Fwp%2Fv2%2Ftags&post=11152"}],"curies":[{"name":"wp","href":"https:\/\/api.w.org\/{rel}","templated":true}]}}