{"id":11149,"date":"2021-11-24T09:31:14","date_gmt":"2021-11-24T12:31:14","guid":{"rendered":"https:\/\/radiorevelacionfm.cl\/?p=11149"},"modified":"2021-11-24T09:31:14","modified_gmt":"2021-11-24T12:31:14","slug":"directoras-de-fundacion-integra-presentan-gestion-de-sus-establecimientos","status":"publish","type":"post","link":"https:\/\/radiorevelacionfm.cl\/?p=11149","title":{"rendered":"Directoras de Fundaci\u00f3n Integra presentan gesti\u00f3n de sus establecimientos"},"content":{"rendered":"<div class=\"flex_column av_one_full  flex_column_div av-zero-column-padding first  avia-builder-el-0  el_before_av_one_full  avia-builder-el-first  \" style='border-radius:0px; '><div  class='avia-image-container  av-styling-    avia-builder-el-1  avia-builder-el-no-sibling  avia-align-center '  itemprop=\"image\" itemscope=\"itemscope\" itemtype=\"https:\/\/schema.org\/ImageObject\"  ><div class='avia-image-container-inner'><div class='avia-image-overlay-wrap'><img decoding=\"async\" class='wp-image-11150 avia-img-lazy-loading-not-11150 avia_image' src=\"https:\/\/radiorevelacionfm.cl\/wp-content\/uploads\/2021\/11\/img_2817-min-1_optimized.jpg\" alt='' title='img_2817-min-(1)_optimized' height=\"600\" width=\"900\"  itemprop=\"thumbnailUrl\" srcset=\"https:\/\/radiorevelacionfm.cl\/wp-content\/uploads\/2021\/11\/img_2817-min-1_optimized.jpg 900w, https:\/\/radiorevelacionfm.cl\/wp-content\/uploads\/2021\/11\/img_2817-min-1_optimized-300x200.jpg 300w, https:\/\/radiorevelacionfm.cl\/wp-content\/uploads\/2021\/11\/img_2817-min-1_optimized-768x512.jpg 768w, https:\/\/radiorevelacionfm.cl\/wp-content\/uploads\/2021\/11\/img_2817-min-1_optimized-705x470.jpg 705w, https:\/\/radiorevelacionfm.cl\/wp-content\/uploads\/2021\/11\/img_2817-min-1_optimized-600x400.jpg 600w\" sizes=\"(max-width: 900px) 100vw, 900px\" \/><\/div><\/div><\/div><\/div><div class=\"flex_column av_one_full  flex_column_div av-zero-column-padding first  avia-builder-el-2  el_after_av_one_full  el_before_av_one_full  column-top-margin\" style='border-radius:0px; '><section class=\"av_textblock_section \"  itemscope=\"itemscope\" itemtype=\"https:\/\/schema.org\/BlogPosting\" itemprop=\"blogPost\" ><div class='avia_textblock  '   itemprop=\"text\" ><p style=\"text-align: center;\"><strong><span style=\"font-size: 18pt;\">Directoras de Fundaci\u00f3n Integra presentan gesti\u00f3n de sus establecimientos<\/span><\/strong><\/p>\n<div id=\"gtx-trans\" style=\"position: absolute; left: -50px; top: 4.31534px;\">\n<div class=\"gtx-trans-icon\"><\/div>\n<\/div>\n<\/div><\/section><\/div><div class=\"flex_column av_one_full  flex_column_div av-zero-column-padding first  avia-builder-el-4  el_after_av_one_full  el_before_av_hr  column-top-margin\" style='border-radius:0px; '><section class=\"av_textblock_section \"  itemscope=\"itemscope\" itemtype=\"https:\/\/schema.org\/BlogPosting\" itemprop=\"blogPost\" ><div class='avia_textblock  '   itemprop=\"text\" ><p style=\"font-weight: 400; text-align: justify;\">Tras casi dos a\u00f1os sin poder reunirse presencialmente, y respetando todos los protocolos por COVID 19, las directoras de los jardines infantiles de Fundaci\u00f3n Integra en la regi\u00f3n de Ays\u00e9n se reunieron en Coyhaique para realizar una detallada presentaci\u00f3n respecto de las principales gestiones y logros obtenidos durante el a\u00f1o 2021, a nivel de p\u00e1rvulos, equipos educativos, familias y redes de cada establecimiento.<\/p>\n<p style=\"font-weight: 400; text-align: justify;\">La directora regional de Fundaci\u00f3n Integra, Isabel Roncallo Fandi\u00f1o valor\u00f3 estos espacios de encuentro destacando lo importante \u201cdel liderazgo de cada directora como cabezas en el jard\u00edn infantil, de lo importante que son los temas de educaci\u00f3n y como se han ido abordando, de la importancia del tema del medioambiente, de la familia, entre otros\u201d. A la vez recalc\u00f3 que \u201cen estos encuentros te das cuenta del trabajo que se realiza en el d\u00eda a d\u00eda y de los resultados que han obtenido durante todo el a\u00f1o, as\u00ed como tambi\u00e9n sus proyecciones para el 2022\u201d.<\/p>\n<p style=\"font-weight: 400; text-align: justify;\">Desde Fundaci\u00f3n Integra destacan que el objetivo de estos encuentros es que cada directora visualice las acciones y gestiones que ellas desarrollan en sus establecimientos durante el a\u00f1o, para posteriormente hacer una presentaci\u00f3n con el objetivo de que sus pares puedan conocer las acciones que cada jard\u00edn infantil desarrolla y, en la manera de lo posible, puedan ser replicadas y\/o mejoradas por otros establecimientos.<\/p>\n<p style=\"font-weight: 400; text-align: justify;\">Catalina Valdivia, directora del Jard\u00edn Infantil y Sala Cuna \u201cLobito Marino\u201d de Melinka recalca lo importante de estos espacios enfatizando que es \u201cimportante para el desarrollo profesional de cada una de las directoras. El reencontramos, el compartir nuestras experiencias, las realidades de cada uno de los jardines infantiles nos fortalece\u201d.<\/p>\n<p style=\"font-weight: 400; text-align: justify;\">Por su parte, Antonella \u00c1valos, la directora del Jard\u00edn Infantil \u201cEl Principito\u201d de Villa La Tapera se\u00f1ala que \u201cuno de los desaf\u00edos principales es que nuestras familias sigan confiando en nosotros y en c\u00f3mo hemos realizado esta reapertura de jardines infantiles, respetando todos los protocolos\u201d. A su vez, se\u00f1ala lo importante de \u201ccontinuar con la atenci\u00f3n presencial y que todos los ni\u00f1os tengan acceso a educaci\u00f3n inicial\u201d.<\/p>\n<p style=\"font-weight: 400; text-align: justify;\">Cabe se\u00f1alar que esta actividad se desarroll\u00f3 durante dos jornadas en la que cada directora cont\u00f3 con 20 minutos para presentar su gesti\u00f3n durante este 2021 en \u00e1mbitos tales como: Liderazgo; Familia y Comunidad; Gesti\u00f3n Pedag\u00f3gica; Bienestar Integral; Gesti\u00f3n de Recursos las que permitieron tener una mirada integral de la labor que ellas desarrollan.<\/p>\n<p style=\"font-weight: 400; text-align: justify;\"><strong><u>Jornada de Autocuidado<\/u><\/strong><\/p>\n<p style=\"font-weight: 400; text-align: justify;\">Del mismo modo, tambi\u00e9n se realiz\u00f3 una jornada de Cuidado de Equipos denominada \u201cFortalecimiento y desarrollo de competencias para l\u00edderes\u201d, a cargo de consultora Bienestar Humano acci\u00f3n en la que se sumaron todas las jefaturas de Oficina Regional la que permiti\u00f3 generar un espacio de reflexi\u00f3n respecto del rol que tiene la instituci\u00f3n en esta parte del pa\u00eds.<\/p>\n<p style=\"font-weight: 400; text-align: justify;\">Rafael Illanes, facilitador de Bienestar Humano destac\u00f3 la importancia de estos espacios de encuentro valorizando que \u201cesta es una instancia, justamente para eso, para agradecer a las\u00a0<em>t\u00edas<\/em>\u00a0todo lo que han hecho, pero tambi\u00e9n para reconocer sus aportes, su valor y los recursos que tienen que van en beneficio de toda la comunidad educativa\u201d. Del mismo modo, destaca que \u201cha sido una \u00e9poca de aprendizaje, de crecimiento y es importante que todos sean conscientes de eso\u201d.<\/p>\n<p style=\"font-weight: 400; text-align: justify;\">La directora regional de Fundaci\u00f3n Integra invit\u00f3 a las directoras a \u201cque sigan trabajando con esa misma m\u00edstica, con ese compromiso, con esa solidaridad y con ese mismo entusiasmo de su proyecto educativo\u201d. A la vez, recalc\u00f3 a \u201cque se sigan creyendo el cuento que todos en conjunto podemos crear un pa\u00eds nuevo y en la que es importante la educaci\u00f3n inicial ya que es la base que sostiene a los ni\u00f1os para el futuro\u201d.<\/p>\n<p style=\"font-weight: 400; text-align: justify;\">Finalmente, cabe se\u00f1alar que estos encuentros buscan que directoras de los jardines infantiles y los equipos de Oficina Regional sigan avanzando en mejoras en la atenci\u00f3n de los ni\u00f1os en la regi\u00f3n de Ays\u00e9n.<\/p>\n<\/div><\/section><\/div><div  style='height:50px' class='hr hr-invisible   avia-builder-el-6  el_after_av_one_full  el_before_av_social_share '><span class='hr-inner ' ><span class='hr-inner-style'><\/span><\/span><\/div><\/p>\n<div  class='av-social-sharing-box  avia-builder-el-7  el_after_av_hr  el_before_av_hr  '><div class='av-share-box'><h5 class='av-share-link-description av-no-toc '>Compartir esta noticia<\/h5><ul class='av-share-box-list noLightbox'><li class='av-share-link av-social-link-facebook' ><a target=\"_blank\" aria-label=\"Compartir en Facebook\" href='https:\/\/www.facebook.com\/sharer.php?u=https:\/\/radiorevelacionfm.cl\/?p=11149&#038;t=Directoras%20de%20Fundaci%C3%B3n%20Integra%20presentan%20gesti%C3%B3n%20de%20sus%20establecimientos' aria-hidden='false' data-av_icon='\ue8f3' data-av_iconfont='entypo-fontello' title='' data-avia-related-tooltip='Compartir en Facebook' rel=\"noopener\"><span class='avia_hidden_link_text'>Compartir en Facebook<\/span><\/a><\/li><li class='av-share-link av-social-link-twitter' ><a target=\"_blank\" aria-label=\"Compartir en Twitter\" href='https:\/\/twitter.com\/share?text=Directoras%20de%20Fundaci%C3%B3n%20Integra%20presentan%20gesti%C3%B3n%20de%20sus%20establecimientos&#038;url=https:\/\/radiorevelacionfm.cl\/?p=11149' aria-hidden='false' data-av_icon='\ue8f1' data-av_iconfont='entypo-fontello' title='' data-avia-related-tooltip='Compartir en Twitter' rel=\"noopener\"><span class='avia_hidden_link_text'>Compartir en Twitter<\/span><\/a><\/li><li class='av-share-link av-social-link-whatsapp' ><a target=\"_blank\" aria-label=\"Compartir en Whatsapp\" href='https:\/\/api.whatsapp.com\/send?text=https:\/\/radiorevelacionfm.cl\/?p=11149' aria-hidden='false' data-av_icon='\uf232' data-av_iconfont='entypo-fontello' title='' data-avia-related-tooltip='Compartir en Whatsapp' rel=\"noopener\"><span class='avia_hidden_link_text'>Compartir en Whatsapp<\/span><\/a><\/li><li class='av-share-link av-social-link-linkedin' ><a target=\"_blank\" aria-label=\"Compartir en LinkedIn\" href='https:\/\/linkedin.com\/shareArticle?mini=true&#038;title=Directoras%20de%20Fundaci%C3%B3n%20Integra%20presentan%20gesti%C3%B3n%20de%20sus%20establecimientos&#038;url=https:\/\/radiorevelacionfm.cl\/?p=11149' aria-hidden='false' data-av_icon='\ue8fc' data-av_iconfont='entypo-fontello' title='' data-avia-related-tooltip='Compartir en LinkedIn' rel=\"noopener\"><span class='avia_hidden_link_text'>Compartir en LinkedIn<\/span><\/a><\/li><li class='av-share-link av-social-link-mail' ><a  aria-label=\"Compartir por correo\" href='mailto:?subject=Directoras%20de%20Fundaci%C3%B3n%20Integra%20presentan%20gesti%C3%B3n%20de%20sus%20establecimientos&#038;body=https:\/\/radiorevelacionfm.cl\/?p=11149' aria-hidden='false' data-av_icon='\ue805' data-av_iconfont='entypo-fontello' title='' data-avia-related-tooltip='Compartir por correo'><span class='avia_hidden_link_text'>Compartir por correo<\/span><\/a><\/li><\/ul><\/div><\/div>\n<div  style='height:50px' class='hr hr-invisible   avia-builder-el-8  el_after_av_social_share  el_before_av_comments_list '><span class='hr-inner ' ><span class='hr-inner-style'><\/span><\/span><\/div>\n<div  class='av-buildercomment  av-blog-meta-html-info-disabled av-blog-meta-tag-disabled  '><\/div>\n","protected":false},"excerpt":{"rendered":"","protected":false},"author":1,"featured_media":11150,"comment_status":"open","ping_status":"open","sticky":false,"template":"","format":"standard","meta":{"footnotes":""},"categories":[49],"tags":[],"class_list":["post-11149","post","type-post","status-publish","format-standard","has-post-thumbnail","hentry","category-educacion"],"jetpack_featured_media_url":"https:\/\/radiorevelacionfm.cl\/wp-content\/uploads\/2021\/11\/img_2817-min-1_optimized.jpg","_links":{"self":[{"href":"https:\/\/radiorevelacionfm.cl\/index.php?rest_route=\/wp\/v2\/posts\/11149","targetHints":{"allow":["GET"]}}],"collection":[{"href":"https:\/\/radiorevelacionfm.cl\/index.php?rest_route=\/wp\/v2\/posts"}],"about":[{"href":"https:\/\/radiorevelacionfm.cl\/index.php?rest_route=\/wp\/v2\/types\/post"}],"author":[{"embeddable":true,"href":"https:\/\/radiorevelacionfm.cl\/index.php?rest_route=\/wp\/v2\/users\/1"}],"replies":[{"embeddable":true,"href":"https:\/\/radiorevelacionfm.cl\/index.php?rest_route=%2Fwp%2Fv2%2Fcomments&post=11149"}],"version-history":[{"count":2,"href":"https:\/\/radiorevelacionfm.cl\/index.php?rest_route=\/wp\/v2\/posts\/11149\/revisions"}],"predecessor-version":[{"id":11177,"href":"https:\/\/radiorevelacionfm.cl\/index.php?rest_route=\/wp\/v2\/posts\/11149\/revisions\/11177"}],"wp:featuredmedia":[{"embeddable":true,"href":"https:\/\/radiorevelacionfm.cl\/index.php?rest_route=\/wp\/v2\/media\/11150"}],"wp:attachment":[{"href":"https:\/\/radiorevelacionfm.cl\/index.php?rest_route=%2Fwp%2Fv2%2Fmedia&parent=11149"}],"wp:term":[{"taxonomy":"category","embeddable":true,"href":"https:\/\/radiorevelacionfm.cl\/index.php?rest_route=%2Fwp%2Fv2%2Fcategories&post=11149"},{"taxonomy":"post_tag","embeddable":true,"href":"https:\/\/radiorevelacionfm.cl\/index.php?rest_route=%2Fwp%2Fv2%2Ftags&post=11149"}],"curies":[{"name":"wp","href":"https:\/\/api.w.org\/{rel}","templated":true}]}}