{"id":11142,"date":"2021-11-23T17:39:52","date_gmt":"2021-11-23T20:39:52","guid":{"rendered":"https:\/\/radiorevelacionfm.cl\/?p=11142"},"modified":"2021-11-23T17:39:52","modified_gmt":"2021-11-23T20:39:52","slug":"implementan-invernadero-y-realizan-talleres-de-autoconsumo-a-adultos-mayores-en-condominio-de-viviendas-tuteladas","status":"publish","type":"post","link":"https:\/\/radiorevelacionfm.cl\/?p=11142","title":{"rendered":"Implementan invernadero y realizan talleres de autoconsumo a adultos mayores en Condominio de Viviendas Tuteladas"},"content":{"rendered":"<div class=\"flex_column av_one_full  flex_column_div av-zero-column-padding first  avia-builder-el-0  el_before_av_one_full  avia-builder-el-first  \" style='border-radius:0px; '><div  class='avia-image-container  av-styling-    avia-builder-el-1  avia-builder-el-no-sibling  avia-align-center '  itemprop=\"image\" itemscope=\"itemscope\" itemtype=\"https:\/\/schema.org\/ImageObject\"  ><div class='avia-image-container-inner'><div class='avia-image-overlay-wrap'><img decoding=\"async\" class='wp-image-11143 avia-img-lazy-loading-not-11143 avia_image' src=\"https:\/\/radiorevelacionfm.cl\/wp-content\/uploads\/2021\/11\/1cvt-1_optimized.jpeg\" alt='' title='1cvt-(1)_optimized' height=\"600\" width=\"1067\"  itemprop=\"thumbnailUrl\" srcset=\"https:\/\/radiorevelacionfm.cl\/wp-content\/uploads\/2021\/11\/1cvt-1_optimized.jpeg 1067w, https:\/\/radiorevelacionfm.cl\/wp-content\/uploads\/2021\/11\/1cvt-1_optimized-300x169.jpeg 300w, https:\/\/radiorevelacionfm.cl\/wp-content\/uploads\/2021\/11\/1cvt-1_optimized-1030x579.jpeg 1030w, https:\/\/radiorevelacionfm.cl\/wp-content\/uploads\/2021\/11\/1cvt-1_optimized-768x432.jpeg 768w, https:\/\/radiorevelacionfm.cl\/wp-content\/uploads\/2021\/11\/1cvt-1_optimized-705x396.jpeg 705w, https:\/\/radiorevelacionfm.cl\/wp-content\/uploads\/2021\/11\/1cvt-1_optimized-600x337.jpeg 600w\" sizes=\"(max-width: 1067px) 100vw, 1067px\" \/><\/div><\/div><\/div><\/div><div class=\"flex_column av_one_full  flex_column_div av-zero-column-padding first  avia-builder-el-2  el_after_av_one_full  el_before_av_one_full  column-top-margin\" style='border-radius:0px; '><section class=\"av_textblock_section \"  itemscope=\"itemscope\" itemtype=\"https:\/\/schema.org\/BlogPosting\" itemprop=\"blogPost\" ><div class='avia_textblock  '   itemprop=\"text\" ><p style=\"text-align: center;\"><span style=\"font-size: 18pt;\"><strong>Implementan invernadero y realizan talleres de autoconsumo a adultos mayores en Condominio de Viviendas Tuteladas <\/strong><\/span><\/p>\n<div id=\"gtx-trans\" style=\"position: absolute; left: -50px; top: 4.31534px;\">\n<div class=\"gtx-trans-icon\"><\/div>\n<\/div>\n<\/div><\/section><\/div><div class=\"flex_column av_one_full  flex_column_div av-zero-column-padding first  avia-builder-el-4  el_after_av_one_full  el_before_av_hr  column-top-margin\" style='border-radius:0px; '><section class=\"av_textblock_section \"  itemscope=\"itemscope\" itemtype=\"https:\/\/schema.org\/BlogPosting\" itemprop=\"blogPost\" ><div class='avia_textblock  '   itemprop=\"text\" ><p style=\"text-align: justify;\">Hasta el Condominio de Viviendas Tuteladas (CVT) del Senama en Coyhaique, lleg\u00f3 la Directora Regional del FOSIS para compartir con adultos mayores, que participaron de los talleres de nutrici\u00f3n y producci\u00f3n de hortalizas, para conocer el avance de sus cultivos en el invernadero y mesas de cultivos que pudieron implementar gracias a este proyecto.<\/p>\n<p style=\"text-align: justify;\">La iniciativa surgi\u00f3 desde el programa Elige Vivir Sano, liderado por la Seremi de Desarrollo Social y Familia de Ays\u00e9n, como una instancia para apoyar en aspectos alimentarios y nutricionales a personas usuarias del CVT. La limpieza del terreno, construcci\u00f3n del invernadero y mesas de cultivo fue apoyada por estudiantes del Liceo Bicentenario Agr\u00edcola e Industrial de la Patagonia. Todas las actividades realizadas contaron con el apoyo y coordinaci\u00f3n de la Fundaci\u00f3n Revivir.<\/p>\n<p style=\"text-align: justify;\">El equipo de asistencia t\u00e9cnica del programa de Autoconsumo del Fondo de Solidaridad e Inversi\u00f3n Social, FOSIS, aport\u00f3 con la realizaci\u00f3n de talleres donde se abordaron tem\u00e1ticas como sistemas de cultivo biointensivo, alimentaci\u00f3n saludable, construcci\u00f3n y habilitaci\u00f3n de tecnolog\u00edas, preparaciones saludables y traspaso de alm\u00e1cigos a la tierra.<\/p>\n<p style=\"text-align: justify;\">Rosa Bustamante, usuaria del Condominio de Vivienda Tuteladas, valor\u00f3 positivamente la iniciativa y destac\u00f3 que \u201cme gust\u00f3 mucho, estoy feliz porque es primera vez que participo en invernaderos y quiero seguir haci\u00e9ndolo porque he aprendido muchas cosas que no sab\u00eda. Estoy cultivando lechuga, plantitas medicinales, cilantro, ahora pretendo plantar m\u00e1s hortalizas como rabanitos, perejil y todo lo que sea para hacer ensalada. Es primera vez que cultivo y est\u00e1n saliendo muy lindas mis lechugas\u201d.<\/p>\n<p style=\"text-align: justify;\">Dominique Br\u00e4utigam, Directora Regional del FOSIS en Ays\u00e9n, indic\u00f3 que \u201chemos venido a compartir con nuestros adultos mayores del Condominio de Viviendas Tuteladas en el cierre de esta importante iniciativa, financiada gracias a recursos del programa Elige Vivir Sano que puso a disposici\u00f3n la Seremi de Desarrollo Social y Familia\u201d, que nos ha permitido entregarles una alternativa para que puedan cultivar sus propios alimentos, gracias a la construcci\u00f3n de un invernado, que ha sido acompa\u00f1ada de talleres de nutrici\u00f3n y producci\u00f3n de hortalizas, para traspasarles todo el conocimiento que requieren para alimentarse de manera saludable y sacar provecho sus espacios de cultivo\u201d.<\/p>\n<p style=\"text-align: justify;\">El Seremi de Desarrollo Social y Familia de Ays\u00e9n, Marcelo J\u00e9lvez, por su parte, destac\u00f3 que \u201cpara nosotros como Ministerio el bienestar de los adultos mayores es primordial, que puedan participar en iniciativas de este tipo nos parece excelente para promover un envejecimiento activo, y que mejor que incorporando estos conocimientos de autoconsumo junto con la implementaci\u00f3n un invernadero, donde gracias a recursos del programa Elige Vivir Sano, permitiremos que nuestros adultos mayores del Condominio de Viviendas Tuteladas puedan cultivar y consumir alimentos ricos, sanos, nutritivos y frescos\u201d.<\/p>\n<\/div><\/section><\/div><div  style='height:50px' class='hr hr-invisible   avia-builder-el-6  el_after_av_one_full  el_before_av_social_share '><span class='hr-inner ' ><span class='hr-inner-style'><\/span><\/span><\/div><\/p>\n<div  class='av-social-sharing-box  avia-builder-el-7  el_after_av_hr  el_before_av_hr  '><div class='av-share-box'><h5 class='av-share-link-description av-no-toc '>Compartir esta noticia<\/h5><ul class='av-share-box-list noLightbox'><li class='av-share-link av-social-link-facebook' ><a target=\"_blank\" aria-label=\"Compartir en Facebook\" href='https:\/\/www.facebook.com\/sharer.php?u=https:\/\/radiorevelacionfm.cl\/?p=11142&#038;t=Implementan%20invernadero%20y%20realizan%20talleres%20de%20autoconsumo%20a%20adultos%20mayores%20en%20Condominio%20de%20Viviendas%20Tuteladas' aria-hidden='false' data-av_icon='\ue8f3' data-av_iconfont='entypo-fontello' title='' data-avia-related-tooltip='Compartir en Facebook' rel=\"noopener\"><span class='avia_hidden_link_text'>Compartir en Facebook<\/span><\/a><\/li><li class='av-share-link av-social-link-twitter' ><a target=\"_blank\" aria-label=\"Compartir en Twitter\" href='https:\/\/twitter.com\/share?text=Implementan%20invernadero%20y%20realizan%20talleres%20de%20autoconsumo%20a%20adultos%20mayores%20en%20Condominio%20de%20Viviendas%20Tuteladas&#038;url=https:\/\/radiorevelacionfm.cl\/?p=11142' aria-hidden='false' data-av_icon='\ue8f1' data-av_iconfont='entypo-fontello' title='' data-avia-related-tooltip='Compartir en Twitter' rel=\"noopener\"><span class='avia_hidden_link_text'>Compartir en Twitter<\/span><\/a><\/li><li class='av-share-link av-social-link-whatsapp' ><a target=\"_blank\" aria-label=\"Compartir en Whatsapp\" href='https:\/\/api.whatsapp.com\/send?text=https:\/\/radiorevelacionfm.cl\/?p=11142' aria-hidden='false' data-av_icon='\uf232' data-av_iconfont='entypo-fontello' title='' data-avia-related-tooltip='Compartir en Whatsapp' rel=\"noopener\"><span class='avia_hidden_link_text'>Compartir en Whatsapp<\/span><\/a><\/li><li class='av-share-link av-social-link-linkedin' ><a target=\"_blank\" aria-label=\"Compartir en LinkedIn\" href='https:\/\/linkedin.com\/shareArticle?mini=true&#038;title=Implementan%20invernadero%20y%20realizan%20talleres%20de%20autoconsumo%20a%20adultos%20mayores%20en%20Condominio%20de%20Viviendas%20Tuteladas&#038;url=https:\/\/radiorevelacionfm.cl\/?p=11142' aria-hidden='false' data-av_icon='\ue8fc' data-av_iconfont='entypo-fontello' title='' data-avia-related-tooltip='Compartir en LinkedIn' rel=\"noopener\"><span class='avia_hidden_link_text'>Compartir en LinkedIn<\/span><\/a><\/li><li class='av-share-link av-social-link-mail' ><a  aria-label=\"Compartir por correo\" href='mailto:?subject=Implementan%20invernadero%20y%20realizan%20talleres%20de%20autoconsumo%20a%20adultos%20mayores%20en%20Condominio%20de%20Viviendas%20Tuteladas&#038;body=https:\/\/radiorevelacionfm.cl\/?p=11142' aria-hidden='false' data-av_icon='\ue805' data-av_iconfont='entypo-fontello' title='' data-avia-related-tooltip='Compartir por correo'><span class='avia_hidden_link_text'>Compartir por correo<\/span><\/a><\/li><\/ul><\/div><\/div>\n<div  style='height:50px' class='hr hr-invisible   avia-builder-el-8  el_after_av_social_share  el_before_av_comments_list '><span class='hr-inner ' ><span class='hr-inner-style'><\/span><\/span><\/div>\n<div  class='av-buildercomment  av-blog-meta-html-info-disabled av-blog-meta-tag-disabled  '><\/div>\n","protected":false},"excerpt":{"rendered":"","protected":false},"author":1,"featured_media":11143,"comment_status":"open","ping_status":"open","sticky":false,"template":"","format":"standard","meta":{"footnotes":""},"categories":[38],"tags":[],"class_list":["post-11142","post","type-post","status-publish","format-standard","has-post-thumbnail","hentry","category-regional"],"jetpack_featured_media_url":"https:\/\/radiorevelacionfm.cl\/wp-content\/uploads\/2021\/11\/1cvt-1_optimized.jpeg","_links":{"self":[{"href":"https:\/\/radiorevelacionfm.cl\/index.php?rest_route=\/wp\/v2\/posts\/11142","targetHints":{"allow":["GET"]}}],"collection":[{"href":"https:\/\/radiorevelacionfm.cl\/index.php?rest_route=\/wp\/v2\/posts"}],"about":[{"href":"https:\/\/radiorevelacionfm.cl\/index.php?rest_route=\/wp\/v2\/types\/post"}],"author":[{"embeddable":true,"href":"https:\/\/radiorevelacionfm.cl\/index.php?rest_route=\/wp\/v2\/users\/1"}],"replies":[{"embeddable":true,"href":"https:\/\/radiorevelacionfm.cl\/index.php?rest_route=%2Fwp%2Fv2%2Fcomments&post=11142"}],"version-history":[{"count":2,"href":"https:\/\/radiorevelacionfm.cl\/index.php?rest_route=\/wp\/v2\/posts\/11142\/revisions"}],"predecessor-version":[{"id":11145,"href":"https:\/\/radiorevelacionfm.cl\/index.php?rest_route=\/wp\/v2\/posts\/11142\/revisions\/11145"}],"wp:featuredmedia":[{"embeddable":true,"href":"https:\/\/radiorevelacionfm.cl\/index.php?rest_route=\/wp\/v2\/media\/11143"}],"wp:attachment":[{"href":"https:\/\/radiorevelacionfm.cl\/index.php?rest_route=%2Fwp%2Fv2%2Fmedia&parent=11142"}],"wp:term":[{"taxonomy":"category","embeddable":true,"href":"https:\/\/radiorevelacionfm.cl\/index.php?rest_route=%2Fwp%2Fv2%2Fcategories&post=11142"},{"taxonomy":"post_tag","embeddable":true,"href":"https:\/\/radiorevelacionfm.cl\/index.php?rest_route=%2Fwp%2Fv2%2Ftags&post=11142"}],"curies":[{"name":"wp","href":"https:\/\/api.w.org\/{rel}","templated":true}]}}