{"id":11138,"date":"2021-11-23T21:28:40","date_gmt":"2021-11-24T00:28:40","guid":{"rendered":"https:\/\/radiorevelacionfm.cl\/?p=11138"},"modified":"2021-11-23T21:31:50","modified_gmt":"2021-11-24T00:31:50","slug":"seremi-de-economia-y-alza-de-contagios-nuestro-llamado-es-a-que-los-trabajadores-se-vacunen-con-dosis-de-refuerzo","status":"publish","type":"post","link":"https:\/\/radiorevelacionfm.cl\/?p=11138","title":{"rendered":"Seremi de econom\u00eda y alza de contagios \u00abnuestro llamado es a que los trabajadores se vacunen con dosis de refuerzo\u00bb"},"content":{"rendered":"<div class=\"flex_column av_one_full  flex_column_div av-zero-column-padding first  avia-builder-el-0  el_before_av_one_full  avia-builder-el-first  \" style='border-radius:0px; '><div  class='avia-image-container  av-styling-    avia-builder-el-1  avia-builder-el-no-sibling  avia-align-center '  itemprop=\"image\" itemscope=\"itemscope\" itemtype=\"https:\/\/schema.org\/ImageObject\"  ><div class='avia-image-container-inner'><div class='avia-image-overlay-wrap'><img decoding=\"async\" class='wp-image-0 avia-img-lazy-loading-not-0 avia_image' src=\"https:\/\/radiorevelacionfm.cl\/wp-content\/uploads\/2021\/06\/SEREMI-ECONOMIA-1-1.jpeg\" alt='' title=''   itemprop=\"thumbnailUrl\"  \/><\/div><\/div><\/div><\/div><div class=\"flex_column av_one_full  flex_column_div av-zero-column-padding first  avia-builder-el-2  el_after_av_one_full  el_before_av_one_full  column-top-margin\" style='border-radius:0px; '><section class=\"av_textblock_section \"  itemscope=\"itemscope\" itemtype=\"https:\/\/schema.org\/BlogPosting\" itemprop=\"blogPost\" ><div class='avia_textblock  '   itemprop=\"text\" ><p style=\"text-align: center;\"><span style=\"font-size: 18pt;\"><b><span lang=\"ES\">Seremi de econom\u00eda y alza de contagios \u00abnuestro llamado es a que los trabajadores se vacunen con dosis de refuerzo\u00bb<\/span><\/b><\/span><\/p>\n<div id=\"gtx-trans\" style=\"position: absolute; left: -50px; top: 4.31534px;\">\n<div class=\"gtx-trans-icon\"><\/div>\n<\/div>\n<\/div><\/section><\/div><div class=\"flex_column av_one_full  flex_column_div av-zero-column-padding first  avia-builder-el-4  el_after_av_one_full  el_before_av_hr  column-top-margin\" style='border-radius:0px; '><section class=\"av_textblock_section \"  itemscope=\"itemscope\" itemtype=\"https:\/\/schema.org\/BlogPosting\" itemprop=\"blogPost\" ><div class='avia_textblock  '   itemprop=\"text\" ><p class=\"v1MsoNormal\" style=\"text-align: justify;\"><span lang=\"ES\">Hoteles, lugares de hospedajes, centros tur\u00edsticos, gastron\u00f3micos y de servicios a los visitantes que vendr\u00e1n a nuestra regi\u00f3n ya tienen todo preparado de cara a la pr\u00f3xima temporada tur\u00edstica. Pero existe un problema: la reciente alza de contagios del Covid-19 que se ha presentado en las comunas m\u00e1s importantes de Ays\u00e9n.<\/span><\/p>\n<p class=\"v1MsoNormal\" style=\"text-align: justify;\"><span lang=\"ES\">Es por esto que desde el Gobierno de manera multisectorial est\u00e1n activamente comunicando a la poblaci\u00f3n que deben tener una actitud de alerta y que la \u00fanica manera que la tasa de contagios se mantenga controlada y reducida a niveles m\u00ednimos es que todos tengan sus dosis de refuerzo al d\u00eda y no queden en calidad de rezagados.<\/span><\/p>\n<p class=\"v1MsoNormal\" style=\"text-align: justify;\"><span lang=\"ES\">As\u00ed lo enfatiz\u00f3 el Seremi de econom\u00eda Carlos Pacheco quien especialmente hizo un llamado a la poblaci\u00f3n laboral activa de Coyhaique, Puerto Ays\u00e9n y el resto de las comunas de la regi\u00f3n, manifestando que \u00abhasta hace algunas semanas est\u00e1bamos enfocados en que nuestras Pymes y emprendimientos de distintos rubros, se encuentren preparados para recibir a una cantidad importante de poblaci\u00f3n visitante. Pero en las \u00faltimas dos semanas hemos visto un preocupante incremento de casos de contagios de Covid 19 y con ello hemos estado retrocediendo de fase, el cual viene aparejado con las restricciones en especial en los aforos\u00bb.<\/span><\/p>\n<p class=\"v1MsoNormal\" style=\"text-align: justify;\"><span lang=\"ES\">La autoridad econ\u00f3mica regional agreg\u00f3 que \u00abhacemos un llamado urgente a nuestra poblaci\u00f3n laboral activa, a los miles de trabajadores\/as de los m\u00faltiples rubros que est\u00e1n impulsando nuevamente la econom\u00eda local a que vayan directamente a los centros de vacunaci\u00f3n que el Ministerio de Salud tiene disponible y que se pongan al d\u00eda con las vacunas de refuerzo que han demostrado ser muy efectivas. El llamado es a los trabajadores dependientes e independientes desde la pesca artesanal, el comercio, pasando por los rubros de servicios, transporte de pasajeros y carga y por supuesto a aquellos que se dedican al sector turismo a que se vacunen y que contin\u00faen con las medidas sanitarias en sus puestos de trabajo. Eso es muy importante\u00bb.<\/span><\/p>\n<p class=\"v1MsoNormal\" style=\"text-align: justify;\"><span lang=\"ES\">Finalmente, Pacheco manifest\u00f3 que \u00abvemos este proceso de alza de contagios como algo pasajero, en la medida que todos dejemos de lado el relajo y continuemos ejecutando las medidas preventivas. As\u00ed saldremos adelante, impulsando nuestro comercio, las Pymes y los m\u00faltiples rubros productivos de nuestra regi\u00f3n de cara a la nueva temporada tur\u00edstica que se avecina que esperamos que sea el inicio de un nuevo impulso econ\u00f3mico de cara al a\u00f1o 2022\u00bb.<\/span><\/p>\n<\/div><\/section><\/div><div  style='height:50px' class='hr hr-invisible   avia-builder-el-6  el_after_av_one_full  el_before_av_social_share '><span class='hr-inner ' ><span class='hr-inner-style'><\/span><\/span><\/div><\/p>\n<div  class='av-social-sharing-box  avia-builder-el-7  el_after_av_hr  el_before_av_hr  '><div class='av-share-box'><h5 class='av-share-link-description av-no-toc '>Compartir esta noticia<\/h5><ul class='av-share-box-list noLightbox'><li class='av-share-link av-social-link-facebook' ><a target=\"_blank\" aria-label=\"Compartir en Facebook\" href='https:\/\/www.facebook.com\/sharer.php?u=https:\/\/radiorevelacionfm.cl\/?p=11138&#038;t=Seremi%20de%20econom%C3%ADa%20y%20alza%20de%20contagios%20%C2%ABnuestro%20llamado%20es%20a%20que%20los%20trabajadores%20se%20vacunen%20con%20dosis%20de%20refuerzo%C2%BB' aria-hidden='false' data-av_icon='\ue8f3' data-av_iconfont='entypo-fontello' title='' data-avia-related-tooltip='Compartir en Facebook' rel=\"noopener\"><span class='avia_hidden_link_text'>Compartir en Facebook<\/span><\/a><\/li><li class='av-share-link av-social-link-twitter' ><a target=\"_blank\" aria-label=\"Compartir en Twitter\" href='https:\/\/twitter.com\/share?text=Seremi%20de%20econom%C3%ADa%20y%20alza%20de%20contagios%20%C2%ABnuestro%20llamado%20es%20a%20que%20los%20trabajadores%20se%20vacunen%20con%20dosis%20de%20refuerzo%C2%BB&#038;url=https:\/\/radiorevelacionfm.cl\/?p=11138' aria-hidden='false' data-av_icon='\ue8f1' data-av_iconfont='entypo-fontello' title='' data-avia-related-tooltip='Compartir en Twitter' rel=\"noopener\"><span class='avia_hidden_link_text'>Compartir en Twitter<\/span><\/a><\/li><li class='av-share-link av-social-link-whatsapp' ><a target=\"_blank\" aria-label=\"Compartir en Whatsapp\" href='https:\/\/api.whatsapp.com\/send?text=https:\/\/radiorevelacionfm.cl\/?p=11138' aria-hidden='false' data-av_icon='\uf232' data-av_iconfont='entypo-fontello' title='' data-avia-related-tooltip='Compartir en Whatsapp' rel=\"noopener\"><span class='avia_hidden_link_text'>Compartir en Whatsapp<\/span><\/a><\/li><li class='av-share-link av-social-link-linkedin' ><a target=\"_blank\" aria-label=\"Compartir en LinkedIn\" href='https:\/\/linkedin.com\/shareArticle?mini=true&#038;title=Seremi%20de%20econom%C3%ADa%20y%20alza%20de%20contagios%20%C2%ABnuestro%20llamado%20es%20a%20que%20los%20trabajadores%20se%20vacunen%20con%20dosis%20de%20refuerzo%C2%BB&#038;url=https:\/\/radiorevelacionfm.cl\/?p=11138' aria-hidden='false' data-av_icon='\ue8fc' data-av_iconfont='entypo-fontello' title='' data-avia-related-tooltip='Compartir en LinkedIn' rel=\"noopener\"><span class='avia_hidden_link_text'>Compartir en LinkedIn<\/span><\/a><\/li><li class='av-share-link av-social-link-mail' ><a  aria-label=\"Compartir por correo\" href='mailto:?subject=Seremi%20de%20econom%C3%ADa%20y%20alza%20de%20contagios%20%C2%ABnuestro%20llamado%20es%20a%20que%20los%20trabajadores%20se%20vacunen%20con%20dosis%20de%20refuerzo%C2%BB&#038;body=https:\/\/radiorevelacionfm.cl\/?p=11138' aria-hidden='false' data-av_icon='\ue805' data-av_iconfont='entypo-fontello' title='' data-avia-related-tooltip='Compartir por correo'><span class='avia_hidden_link_text'>Compartir por correo<\/span><\/a><\/li><\/ul><\/div><\/div>\n<div  style='height:50px' class='hr hr-invisible   avia-builder-el-8  el_after_av_social_share  el_before_av_comments_list '><span class='hr-inner ' ><span class='hr-inner-style'><\/span><\/span><\/div>\n<div  class='av-buildercomment  av-blog-meta-html-info-disabled av-blog-meta-tag-disabled  '><\/div>\n","protected":false},"excerpt":{"rendered":"","protected":false},"author":1,"featured_media":0,"comment_status":"open","ping_status":"open","sticky":false,"template":"","format":"standard","meta":{"footnotes":""},"categories":[38],"tags":[],"class_list":["post-11138","post","type-post","status-publish","format-standard","hentry","category-regional"],"jetpack_featured_media_url":"","_links":{"self":[{"href":"https:\/\/radiorevelacionfm.cl\/index.php?rest_route=\/wp\/v2\/posts\/11138","targetHints":{"allow":["GET"]}}],"collection":[{"href":"https:\/\/radiorevelacionfm.cl\/index.php?rest_route=\/wp\/v2\/posts"}],"about":[{"href":"https:\/\/radiorevelacionfm.cl\/index.php?rest_route=\/wp\/v2\/types\/post"}],"author":[{"embeddable":true,"href":"https:\/\/radiorevelacionfm.cl\/index.php?rest_route=\/wp\/v2\/users\/1"}],"replies":[{"embeddable":true,"href":"https:\/\/radiorevelacionfm.cl\/index.php?rest_route=%2Fwp%2Fv2%2Fcomments&post=11138"}],"version-history":[{"count":3,"href":"https:\/\/radiorevelacionfm.cl\/index.php?rest_route=\/wp\/v2\/posts\/11138\/revisions"}],"predecessor-version":[{"id":11171,"href":"https:\/\/radiorevelacionfm.cl\/index.php?rest_route=\/wp\/v2\/posts\/11138\/revisions\/11171"}],"wp:attachment":[{"href":"https:\/\/radiorevelacionfm.cl\/index.php?rest_route=%2Fwp%2Fv2%2Fmedia&parent=11138"}],"wp:term":[{"taxonomy":"category","embeddable":true,"href":"https:\/\/radiorevelacionfm.cl\/index.php?rest_route=%2Fwp%2Fv2%2Fcategories&post=11138"},{"taxonomy":"post_tag","embeddable":true,"href":"https:\/\/radiorevelacionfm.cl\/index.php?rest_route=%2Fwp%2Fv2%2Ftags&post=11138"}],"curies":[{"name":"wp","href":"https:\/\/api.w.org\/{rel}","templated":true}]}}