{"id":11135,"date":"2021-11-23T19:04:46","date_gmt":"2021-11-23T22:04:46","guid":{"rendered":"https:\/\/radiorevelacionfm.cl\/?p=11135"},"modified":"2021-11-23T19:04:46","modified_gmt":"2021-11-23T22:04:46","slug":"gobernadora-andrea-macias-da-bienvenida-a-nuevos-consejeros-y-consejeras-regionales","status":"publish","type":"post","link":"https:\/\/radiorevelacionfm.cl\/?p=11135","title":{"rendered":"Gobernadora Andrea Mac\u00edas da bienvenida a nuevos Consejeros y Consejeras Regionales"},"content":{"rendered":"<div class=\"flex_column av_one_full  flex_column_div av-zero-column-padding first  avia-builder-el-0  el_before_av_one_full  avia-builder-el-first  \" style='border-radius:0px; '><div  class='avia-image-container  av-styling-    avia-builder-el-1  avia-builder-el-no-sibling  avia-align-center '  itemprop=\"image\" itemscope=\"itemscope\" itemtype=\"https:\/\/schema.org\/ImageObject\"  ><div class='avia-image-container-inner'><div class='avia-image-overlay-wrap'><img decoding=\"async\" class='wp-image-11136 avia-img-lazy-loading-not-11136 avia_image' src=\"https:\/\/radiorevelacionfm.cl\/wp-content\/uploads\/2021\/11\/Foto2-1-1-1.jpeg\" alt='' title='Foto2 (1) (1) (1)' height=\"600\" width=\"901\"  itemprop=\"thumbnailUrl\" srcset=\"https:\/\/radiorevelacionfm.cl\/wp-content\/uploads\/2021\/11\/Foto2-1-1-1.jpeg 901w, https:\/\/radiorevelacionfm.cl\/wp-content\/uploads\/2021\/11\/Foto2-1-1-1-300x200.jpeg 300w, https:\/\/radiorevelacionfm.cl\/wp-content\/uploads\/2021\/11\/Foto2-1-1-1-768x511.jpeg 768w, https:\/\/radiorevelacionfm.cl\/wp-content\/uploads\/2021\/11\/Foto2-1-1-1-705x469.jpeg 705w, https:\/\/radiorevelacionfm.cl\/wp-content\/uploads\/2021\/11\/Foto2-1-1-1-600x400.jpeg 600w\" sizes=\"(max-width: 901px) 100vw, 901px\" \/><\/div><\/div><\/div><\/div><div class=\"flex_column av_one_full  flex_column_div av-zero-column-padding first  avia-builder-el-2  el_after_av_one_full  el_before_av_one_full  column-top-margin\" style='border-radius:0px; '><section class=\"av_textblock_section \"  itemscope=\"itemscope\" itemtype=\"https:\/\/schema.org\/BlogPosting\" itemprop=\"blogPost\" ><div class='avia_textblock  '   itemprop=\"text\" ><p style=\"text-align: center;\"><strong><span style=\"font-size: 18pt;\">Gobernadora Andrea Mac\u00edas da bienvenida a nuevos Consejeros y Consejeras Regionales<\/span><\/strong><\/p>\n<div id=\"gtx-trans\" style=\"position: absolute; left: -50px; top: 4.31534px;\">\n<div class=\"gtx-trans-icon\"><\/div>\n<\/div>\n<\/div><\/section><\/div><div class=\"flex_column av_one_full  flex_column_div av-zero-column-padding first  avia-builder-el-4  el_after_av_one_full  el_before_av_hr  column-top-margin\" style='border-radius:0px; '><section class=\"av_textblock_section \"  itemscope=\"itemscope\" itemtype=\"https:\/\/schema.org\/BlogPosting\" itemprop=\"blogPost\" ><div class='avia_textblock  '   itemprop=\"text\" ><p style=\"text-align: justify;\">\u00abLa verdad que estamos muy contentos, por eso hoy d\u00eda quisimos invitar a todos los Consejeros y Consejeras Regionales electos en este \u00faltimo proceso c\u00edvico y democr\u00e1tico. Es fundamental poder iniciar un trabajo colaborativo, un trabajo responsable, un trabajo respetuoso porque sabemos la importancia que tiene el Gobierno Regional, sabemos la importancia que tiene el trabajo que realiza el Consejo Regional de Ays\u00e9n\u00bb, dijo la Gobernadora Andrea Mac\u00edas en la bienvenida a los nuevos Consejeros y Consejeras.<\/p>\n<p style=\"text-align: justify;\">La cita, que se realiz\u00f3 en dependencias del Gobierno Regional de Ays\u00e9n, cont\u00f3 con la participaci\u00f3n de 10 de los 14 Consejeros electos, quienes compartieron impresiones sobre los desaf\u00edos conjuntos para el trabajo regional.<\/p>\n<p style=\"text-align: justify;\">\u00abLa representaci\u00f3n ciudadana de cada uno de los territorios de nuestra regi\u00f3n radica en este Consejo Regional y desde all\u00ed la importancia de poder generar estos v\u00ednculos de manera temprana, para que nos permita llegar a marzo a asumir como Consejeros y Consejeras Regionales ya en conocimiento de todo el trabajo que se est\u00e1 realizando\u00bb, contin\u00fao la Gobernadora Mac\u00edas.<\/p>\n<p style=\"text-align: justify;\">Los resultados de las elecciones, en el caso de la Provincia de Coyhaique, defini\u00f3 que los 6 consejeros electos fueran Ra\u00fal Rudolphi (RN), Omar Mu\u00f1oz (UDI), Marisol Mart\u00ednez (PS), Paula Acu\u00f1a (Independiente por RD) y los DC Eduardo Cruces y Rocco Martiniello.<\/p>\n<p style=\"text-align: justify;\">En Ays\u00e9n, representar\u00e1n a la Provincia los Consejeros Electos Marco Gilibrand (Independiente por Ev\u00f3poli), Jorge Moya (Ind. Ev\u00f3poli), Sergio Gonz\u00e1lez (DC) y Paola Rodr\u00edguez (RN).<\/p>\n<p style=\"text-align: justify;\">Para la Provincia de General Carrera tendr\u00e1 como dos autoridades a Lilian Inostroza (UDI) y Paulina Hern\u00e1ndez (DC).<\/p>\n<p style=\"text-align: justify;\">Finalmente, la Provincia de Capit\u00e1n Prat tendr\u00e1 como sus representantes a Jorge Abello (DC) y V\u00edctor Escobar (UDI).<\/p>\n<p style=\"text-align: justify;\">\u00abUno reconoce la composici\u00f3n pol\u00edtica que tiene el Consejo Regional no obstante aquello hoy d\u00eda la campa\u00f1a electoral ha finalizado, esta es la decisi\u00f3n soberana del pueblo de manera democr\u00e1tica que se ha expresado. Desde ah\u00ed el objetivo es avanzar en construir una mejor regi\u00f3n, el objetivo es el desarrollo regional y en eso no hay ning\u00fan Consejero o Consejera Regional que discrepe de aquello\u00bb, puntualiz\u00f3 en sus palabras de cierre la m\u00e1xima autoridad regional.<\/p>\n<p style=\"text-align: justify;\">El nuevo Consejo esperar\u00e1 asumir el 11 de marzo de 2022 y ser\u00e1n parte de un Cuerpo Colegiado que, con la elecci\u00f3n de la Gobernadora Regional, es el \u00f3rgano aut\u00f3nomo representante de los intereses del territorio de la regi\u00f3n de Ays\u00e9n.<\/p>\n<\/div><\/section><\/div><div  style='height:50px' class='hr hr-invisible   avia-builder-el-6  el_after_av_one_full  el_before_av_social_share '><span class='hr-inner ' ><span class='hr-inner-style'><\/span><\/span><\/div><\/p>\n<div  class='av-social-sharing-box  avia-builder-el-7  el_after_av_hr  el_before_av_hr  '><div class='av-share-box'><h5 class='av-share-link-description av-no-toc '>Compartir esta noticia<\/h5><ul class='av-share-box-list noLightbox'><li class='av-share-link av-social-link-facebook' ><a target=\"_blank\" aria-label=\"Compartir en Facebook\" href='https:\/\/www.facebook.com\/sharer.php?u=https:\/\/radiorevelacionfm.cl\/?p=11135&#038;t=Gobernadora%20Andrea%20Mac%C3%ADas%20da%20bienvenida%20a%20nuevos%20Consejeros%20y%20Consejeras%20Regionales' aria-hidden='false' data-av_icon='\ue8f3' data-av_iconfont='entypo-fontello' title='' data-avia-related-tooltip='Compartir en Facebook' rel=\"noopener\"><span class='avia_hidden_link_text'>Compartir en Facebook<\/span><\/a><\/li><li class='av-share-link av-social-link-twitter' ><a target=\"_blank\" aria-label=\"Compartir en Twitter\" href='https:\/\/twitter.com\/share?text=Gobernadora%20Andrea%20Mac%C3%ADas%20da%20bienvenida%20a%20nuevos%20Consejeros%20y%20Consejeras%20Regionales&#038;url=https:\/\/radiorevelacionfm.cl\/?p=11135' aria-hidden='false' data-av_icon='\ue8f1' data-av_iconfont='entypo-fontello' title='' data-avia-related-tooltip='Compartir en Twitter' rel=\"noopener\"><span class='avia_hidden_link_text'>Compartir en Twitter<\/span><\/a><\/li><li class='av-share-link av-social-link-whatsapp' ><a target=\"_blank\" aria-label=\"Compartir en Whatsapp\" href='https:\/\/api.whatsapp.com\/send?text=https:\/\/radiorevelacionfm.cl\/?p=11135' aria-hidden='false' data-av_icon='\uf232' data-av_iconfont='entypo-fontello' title='' data-avia-related-tooltip='Compartir en Whatsapp' rel=\"noopener\"><span class='avia_hidden_link_text'>Compartir en Whatsapp<\/span><\/a><\/li><li class='av-share-link av-social-link-linkedin' ><a target=\"_blank\" aria-label=\"Compartir en LinkedIn\" href='https:\/\/linkedin.com\/shareArticle?mini=true&#038;title=Gobernadora%20Andrea%20Mac%C3%ADas%20da%20bienvenida%20a%20nuevos%20Consejeros%20y%20Consejeras%20Regionales&#038;url=https:\/\/radiorevelacionfm.cl\/?p=11135' aria-hidden='false' data-av_icon='\ue8fc' data-av_iconfont='entypo-fontello' title='' data-avia-related-tooltip='Compartir en LinkedIn' rel=\"noopener\"><span class='avia_hidden_link_text'>Compartir en LinkedIn<\/span><\/a><\/li><li class='av-share-link av-social-link-mail' ><a  aria-label=\"Compartir por correo\" href='mailto:?subject=Gobernadora%20Andrea%20Mac%C3%ADas%20da%20bienvenida%20a%20nuevos%20Consejeros%20y%20Consejeras%20Regionales&#038;body=https:\/\/radiorevelacionfm.cl\/?p=11135' aria-hidden='false' data-av_icon='\ue805' data-av_iconfont='entypo-fontello' title='' data-avia-related-tooltip='Compartir por correo'><span class='avia_hidden_link_text'>Compartir por correo<\/span><\/a><\/li><\/ul><\/div><\/div>\n<div  style='height:50px' class='hr hr-invisible   avia-builder-el-8  el_after_av_social_share  el_before_av_comments_list '><span class='hr-inner ' ><span class='hr-inner-style'><\/span><\/span><\/div>\n<div  class='av-buildercomment  av-blog-meta-html-info-disabled av-blog-meta-tag-disabled  '><\/div>\n","protected":false},"excerpt":{"rendered":"","protected":false},"author":1,"featured_media":11136,"comment_status":"open","ping_status":"open","sticky":false,"template":"","format":"standard","meta":{"footnotes":""},"categories":[38],"tags":[],"class_list":["post-11135","post","type-post","status-publish","format-standard","has-post-thumbnail","hentry","category-regional"],"jetpack_featured_media_url":"https:\/\/radiorevelacionfm.cl\/wp-content\/uploads\/2021\/11\/Foto2-1-1-1.jpeg","_links":{"self":[{"href":"https:\/\/radiorevelacionfm.cl\/index.php?rest_route=\/wp\/v2\/posts\/11135","targetHints":{"allow":["GET"]}}],"collection":[{"href":"https:\/\/radiorevelacionfm.cl\/index.php?rest_route=\/wp\/v2\/posts"}],"about":[{"href":"https:\/\/radiorevelacionfm.cl\/index.php?rest_route=\/wp\/v2\/types\/post"}],"author":[{"embeddable":true,"href":"https:\/\/radiorevelacionfm.cl\/index.php?rest_route=\/wp\/v2\/users\/1"}],"replies":[{"embeddable":true,"href":"https:\/\/radiorevelacionfm.cl\/index.php?rest_route=%2Fwp%2Fv2%2Fcomments&post=11135"}],"version-history":[{"count":2,"href":"https:\/\/radiorevelacionfm.cl\/index.php?rest_route=\/wp\/v2\/posts\/11135\/revisions"}],"predecessor-version":[{"id":11155,"href":"https:\/\/radiorevelacionfm.cl\/index.php?rest_route=\/wp\/v2\/posts\/11135\/revisions\/11155"}],"wp:featuredmedia":[{"embeddable":true,"href":"https:\/\/radiorevelacionfm.cl\/index.php?rest_route=\/wp\/v2\/media\/11136"}],"wp:attachment":[{"href":"https:\/\/radiorevelacionfm.cl\/index.php?rest_route=%2Fwp%2Fv2%2Fmedia&parent=11135"}],"wp:term":[{"taxonomy":"category","embeddable":true,"href":"https:\/\/radiorevelacionfm.cl\/index.php?rest_route=%2Fwp%2Fv2%2Fcategories&post=11135"},{"taxonomy":"post_tag","embeddable":true,"href":"https:\/\/radiorevelacionfm.cl\/index.php?rest_route=%2Fwp%2Fv2%2Ftags&post=11135"}],"curies":[{"name":"wp","href":"https:\/\/api.w.org\/{rel}","templated":true}]}}