{"id":11131,"date":"2021-11-23T17:03:35","date_gmt":"2021-11-23T20:03:35","guid":{"rendered":"https:\/\/radiorevelacionfm.cl\/?p=11131"},"modified":"2021-11-23T17:03:35","modified_gmt":"2021-11-23T20:03:35","slug":"liceos-de-cerro-castillo-y-cochrane-firmaron-el-compromiso-bicentenario","status":"publish","type":"post","link":"https:\/\/radiorevelacionfm.cl\/?p=11131","title":{"rendered":"Liceos de Cerro Castillo y Cochrane firmaron el Compromiso Bicentenario"},"content":{"rendered":"<div class=\"flex_column av_one_full  flex_column_div av-zero-column-padding first  avia-builder-el-0  el_before_av_one_full  avia-builder-el-first  \" style='border-radius:0px; '><div  class='avia-image-container  av-styling-    avia-builder-el-1  avia-builder-el-no-sibling  avia-align-center '  itemprop=\"image\" itemscope=\"itemscope\" itemtype=\"https:\/\/schema.org\/ImageObject\"  ><div class='avia-image-container-inner'><div class='avia-image-overlay-wrap'><img decoding=\"async\" class='wp-image-11132 avia-img-lazy-loading-not-11132 avia_image' src=\"https:\/\/radiorevelacionfm.cl\/wp-content\/uploads\/2021\/11\/Lic-Cerro-castillo2-1-1.jpeg\" alt='' title='Lic Cerro castillo2 (1) (1)' height=\"600\" width=\"1067\"  itemprop=\"thumbnailUrl\" srcset=\"https:\/\/radiorevelacionfm.cl\/wp-content\/uploads\/2021\/11\/Lic-Cerro-castillo2-1-1.jpeg 1067w, https:\/\/radiorevelacionfm.cl\/wp-content\/uploads\/2021\/11\/Lic-Cerro-castillo2-1-1-300x169.jpeg 300w, https:\/\/radiorevelacionfm.cl\/wp-content\/uploads\/2021\/11\/Lic-Cerro-castillo2-1-1-1030x579.jpeg 1030w, https:\/\/radiorevelacionfm.cl\/wp-content\/uploads\/2021\/11\/Lic-Cerro-castillo2-1-1-768x432.jpeg 768w, https:\/\/radiorevelacionfm.cl\/wp-content\/uploads\/2021\/11\/Lic-Cerro-castillo2-1-1-705x396.jpeg 705w, https:\/\/radiorevelacionfm.cl\/wp-content\/uploads\/2021\/11\/Lic-Cerro-castillo2-1-1-600x337.jpeg 600w\" sizes=\"(max-width: 1067px) 100vw, 1067px\" \/><\/div><\/div><\/div><\/div><div class=\"flex_column av_one_full  flex_column_div av-zero-column-padding first  avia-builder-el-2  el_after_av_one_full  el_before_av_one_full  column-top-margin\" style='border-radius:0px; '><section class=\"av_textblock_section \"  itemscope=\"itemscope\" itemtype=\"https:\/\/schema.org\/BlogPosting\" itemprop=\"blogPost\" ><div class='avia_textblock  '   itemprop=\"text\" ><p style=\"text-align: center;\"><span style=\"font-size: 18pt;\"><b>Liceos de Cerro Castillo y Cochrane firmaron el Compromiso Bicentenario<\/b><\/span><\/p>\n<div id=\"gtx-trans\" style=\"position: absolute; left: -50px; top: 4.31534px;\">\n<div class=\"gtx-trans-icon\"><\/div>\n<\/div>\n<\/div><\/section><\/div><div class=\"flex_column av_one_full  flex_column_div av-zero-column-padding first  avia-builder-el-4  el_after_av_one_full  el_before_av_hr  column-top-margin\" style='border-radius:0px; '><section class=\"av_textblock_section \"  itemscope=\"itemscope\" itemtype=\"https:\/\/schema.org\/BlogPosting\" itemprop=\"blogPost\" ><div class='avia_textblock  '   itemprop=\"text\" ><p class=\"v1MsoNormal\" style=\"text-align: justify;\">El Seremi de Educaci\u00f3n Sergio Becerra Mera visit\u00f3 los Liceos Bicentenario Rural de Cerro Castillo y Austral de Cochrane para acompa\u00f1ar a sus comunidades escolares en la firma del Compromiso Bicentenario, un desaf\u00edo para alcanzar la excelencia educativa. En el periplo fue acompa\u00f1ado por profesionales del programa Liceos Bicentenario del Mineduc para evaluar en terreno los avances en infraestructura, equipamiento y pedag\u00f3gicos concretados a la fecha.<\/p>\n<p class=\"v1MsoNormal\" style=\"text-align: justify;\">En sendas ceremonias, representantes de los distintos estamentos del establecimiento educacional: Sostenedor, directivos, docentes, asistentes de la educaci\u00f3n, padres y apoderados y estudiantes suscribieron este compromiso\u00a0para trabajar en procura de buenos resultados acad\u00e9micos. La firma cuyo prop\u00f3sito es reforzar el compromiso de toda la comunidad escolar para alcanzar las metas educativas \u201cBicentenario\u201d, representa la incorporaci\u00f3n oficial de estos establecimientos, a la red de 320 colegios comprometidos a inicios de Gobierno, pudiendo llegar con esta exitosa pol\u00edtica educativa a m\u00e1s de 248 mil ni\u00f1os y j\u00f3venes en todo Chile. En ambos colegios y tambi\u00e9n en el Liceo Luisa Rabanal Palma de Chile Chico se descubri\u00f3 la Placa del Sello Bicentenario.<\/p>\n<p class=\"v1MsoNormal\" style=\"text-align: justify;\">Durante su estad\u00eda en los tres planteles, el Seremi Sergio Becerra Mera destac\u00f3 que el programa Liceos Bicentenario ha logrado resultados reales en el corto plazo, y sin duda, es una de las pol\u00edticas educativas m\u00e1s exitosas en a\u00f1os.<\/p>\n<p class=\"v1MsoNormal\" style=\"text-align: justify;\">\u201cComo regi\u00f3n sentimos una gran satisfacci\u00f3n porque cuando iniciamos nuestro per\u00edodo de Gobierno en 2018 planteamos como desaf\u00edo sumar 3 nuevos planteles a la red y finalmente hemos duplicado esa meta, ya que se han sumado en el segundo mandato del Presidente Pi\u00f1era 6 nuevos Liceos Bicentenario, lo que adem\u00e1s es un alto porcentaje del total de liceos existentes en la regi\u00f3n. De los 8 liceos Bicentenario de la Regi\u00f3n 5 son de formaci\u00f3n Humanista- Cient\u00edfica y 3 de Educaci\u00f3n T\u00e9cnico Profesional\u201d, concluy\u00f3 Sergio Becerra.<\/p>\n<p class=\"v1MsoNormal\" style=\"text-align: justify;\"><b><u>Liceos Bicentenario Regi\u00f3n de Ays\u00e9n<\/u><\/b><\/p>\n<p class=\"v1MsoNormal\" style=\"text-align: justify;\">Liceo Bicentenario Altos del Mackay, comuna Coyhaique,\u00a0 a\u00f1o 2010<\/p>\n<p class=\"v1MsoNormal\" style=\"text-align: justify;\">Liceo Bicentenario San Jos\u00e9 UR, comuna Ays\u00e9n, a\u00f1o 2010<\/p>\n<p class=\"v1MsoNormal\" style=\"text-align: justify;\">Liceo Bicentenario Luisa Rabanal Palma, comuna Chile Chico, a\u00f1o 2018<\/p>\n<p class=\"v1MsoNormal\" style=\"text-align: justify;\">Liceo Bicentenario Rural Cerro Castillo, comuna R\u00edo Iba\u00f1ez, a\u00f1o 2019<\/p>\n<p class=\"v1MsoNormal\" style=\"text-align: justify;\">Liceo Bicentenario Austral Lord Cochrane, comuna Cochrane, a\u00f1o 2019<\/p>\n<p class=\"v1MsoNormal\" style=\"text-align: justify;\">Liceo Bicentenario Santa teresa de los Andes, Comuna Ays\u00e9n, a\u00f1o 2019<\/p>\n<p class=\"v1MsoNormal\" style=\"text-align: justify;\">Liceo Bicentenario Agr\u00edcola e Industrial de la Patagonia, comuna Coyhaique a\u00f1o 2020<\/p>\n<p class=\"v1MsoNormal\" style=\"text-align: justify;\">Liceo Bicentenario Kalem, comuna de Ays\u00e9n A\u00f1o 2020<\/p>\n<p class=\"v1MsoNormal\" style=\"text-align: justify;\"><b>Compromiso Bicentenario:<\/b><\/p>\n<ul type=\"disc\">\n<li class=\"v1MsoNormal\" style=\"text-align: justify;\">Como estudiantes nos comprometemos a ser protagonistas de nuestra educaci\u00f3n, aprovechando al m\u00e1ximo las oportunidades de aprendizaje, con esfuerzo y dedicaci\u00f3n.<\/li>\n<li class=\"v1MsoNormal\" style=\"text-align: justify;\">Los profesores nos comprometemos a entregar una educaci\u00f3n de calidad a todos los estudiantes, gui\u00e1ndolos y motiv\u00e1ndolos a aprender.<\/li>\n<li class=\"v1MsoNormal\" style=\"text-align: justify;\">Los asistentes de la educaci\u00f3n nos comprometemos a otorgar un ambiente propicio para el aprendizaje.<\/li>\n<li class=\"v1MsoNormal\" style=\"text-align: justify;\">El equipo directivo se compromete a acompa\u00f1ar al profesor, entregarle retroalimentaci\u00f3n y orientarlo en su docencia.<\/li>\n<li class=\"v1MsoNormal\" style=\"text-align: justify;\">Padres y apoderados nos comprometemos a apoyar a nuestros hijos fomentando el esfuerzo y dedicaci\u00f3n en sus deberes escolares e involucrarnos en el proyecto educativo del establecimiento.<\/li>\n<li class=\"v1MsoNormal\" style=\"text-align: justify;\">Como director me comprometo a ser un agente movilizador de cambio dentro de la comunidad educativa, teniendo como foco el logro de los aprendizajes.<\/li>\n<li class=\"v1MsoNormal\" style=\"text-align: justify;\">En el rol de sostenedor me comprometo a apoyar la implementaci\u00f3n del proyecto Bicentenario.<\/li>\n<li class=\"v1MsoNormal\" style=\"text-align: justify;\">Como Seremi de Educaci\u00f3n me comprometo a acompa\u00f1ar al establecimiento, contribuyendo a mejorar la educaci\u00f3n del pa\u00eds.<\/li>\n<li class=\"v1MsoNormal\" style=\"text-align: justify;\">Como Ministro de Educaci\u00f3n me comprometo a trabajar por un sistema educativo que se centre en la sala de clases, la convivencia escolar y la formaci\u00f3n integral de los estudiantes.<\/li>\n<\/ul>\n<\/div><\/section><\/div><div  style='height:50px' class='hr hr-invisible   avia-builder-el-6  el_after_av_one_full  el_before_av_social_share '><span class='hr-inner ' ><span class='hr-inner-style'><\/span><\/span><\/div><\/p>\n<div  class='av-social-sharing-box  avia-builder-el-7  el_after_av_hr  el_before_av_hr  '><div class='av-share-box'><h5 class='av-share-link-description av-no-toc '>Compartir esta noticia<\/h5><ul class='av-share-box-list noLightbox'><li class='av-share-link av-social-link-facebook' ><a target=\"_blank\" aria-label=\"Compartir en Facebook\" href='https:\/\/www.facebook.com\/sharer.php?u=https:\/\/radiorevelacionfm.cl\/?p=11131&#038;t=Liceos%20de%20Cerro%20Castillo%20y%20Cochrane%20firmaron%20el%20Compromiso%20Bicentenario' aria-hidden='false' data-av_icon='\ue8f3' data-av_iconfont='entypo-fontello' title='' data-avia-related-tooltip='Compartir en Facebook' rel=\"noopener\"><span class='avia_hidden_link_text'>Compartir en Facebook<\/span><\/a><\/li><li class='av-share-link av-social-link-twitter' ><a target=\"_blank\" aria-label=\"Compartir en Twitter\" href='https:\/\/twitter.com\/share?text=Liceos%20de%20Cerro%20Castillo%20y%20Cochrane%20firmaron%20el%20Compromiso%20Bicentenario&#038;url=https:\/\/radiorevelacionfm.cl\/?p=11131' aria-hidden='false' data-av_icon='\ue8f1' data-av_iconfont='entypo-fontello' title='' data-avia-related-tooltip='Compartir en Twitter' rel=\"noopener\"><span class='avia_hidden_link_text'>Compartir en Twitter<\/span><\/a><\/li><li class='av-share-link av-social-link-whatsapp' ><a target=\"_blank\" aria-label=\"Compartir en Whatsapp\" href='https:\/\/api.whatsapp.com\/send?text=https:\/\/radiorevelacionfm.cl\/?p=11131' aria-hidden='false' data-av_icon='\uf232' data-av_iconfont='entypo-fontello' title='' data-avia-related-tooltip='Compartir en Whatsapp' rel=\"noopener\"><span class='avia_hidden_link_text'>Compartir en Whatsapp<\/span><\/a><\/li><li class='av-share-link av-social-link-linkedin' ><a target=\"_blank\" aria-label=\"Compartir en LinkedIn\" href='https:\/\/linkedin.com\/shareArticle?mini=true&#038;title=Liceos%20de%20Cerro%20Castillo%20y%20Cochrane%20firmaron%20el%20Compromiso%20Bicentenario&#038;url=https:\/\/radiorevelacionfm.cl\/?p=11131' aria-hidden='false' data-av_icon='\ue8fc' data-av_iconfont='entypo-fontello' title='' data-avia-related-tooltip='Compartir en LinkedIn' rel=\"noopener\"><span class='avia_hidden_link_text'>Compartir en LinkedIn<\/span><\/a><\/li><li class='av-share-link av-social-link-mail' ><a  aria-label=\"Compartir por correo\" href='mailto:?subject=Liceos%20de%20Cerro%20Castillo%20y%20Cochrane%20firmaron%20el%20Compromiso%20Bicentenario&#038;body=https:\/\/radiorevelacionfm.cl\/?p=11131' aria-hidden='false' data-av_icon='\ue805' data-av_iconfont='entypo-fontello' title='' data-avia-related-tooltip='Compartir por correo'><span class='avia_hidden_link_text'>Compartir por correo<\/span><\/a><\/li><\/ul><\/div><\/div>\n<div  style='height:50px' class='hr hr-invisible   avia-builder-el-8  el_after_av_social_share  el_before_av_comments_list '><span class='hr-inner ' ><span class='hr-inner-style'><\/span><\/span><\/div>\n<div  class='av-buildercomment  av-blog-meta-html-info-disabled av-blog-meta-tag-disabled  '><\/div>\n","protected":false},"excerpt":{"rendered":"","protected":false},"author":1,"featured_media":11132,"comment_status":"open","ping_status":"open","sticky":false,"template":"","format":"standard","meta":{"footnotes":""},"categories":[49],"tags":[],"class_list":["post-11131","post","type-post","status-publish","format-standard","has-post-thumbnail","hentry","category-educacion"],"jetpack_featured_media_url":"https:\/\/radiorevelacionfm.cl\/wp-content\/uploads\/2021\/11\/Lic-Cerro-castillo2-1-1.jpeg","_links":{"self":[{"href":"https:\/\/radiorevelacionfm.cl\/index.php?rest_route=\/wp\/v2\/posts\/11131","targetHints":{"allow":["GET"]}}],"collection":[{"href":"https:\/\/radiorevelacionfm.cl\/index.php?rest_route=\/wp\/v2\/posts"}],"about":[{"href":"https:\/\/radiorevelacionfm.cl\/index.php?rest_route=\/wp\/v2\/types\/post"}],"author":[{"embeddable":true,"href":"https:\/\/radiorevelacionfm.cl\/index.php?rest_route=\/wp\/v2\/users\/1"}],"replies":[{"embeddable":true,"href":"https:\/\/radiorevelacionfm.cl\/index.php?rest_route=%2Fwp%2Fv2%2Fcomments&post=11131"}],"version-history":[{"count":2,"href":"https:\/\/radiorevelacionfm.cl\/index.php?rest_route=\/wp\/v2\/posts\/11131\/revisions"}],"predecessor-version":[{"id":11141,"href":"https:\/\/radiorevelacionfm.cl\/index.php?rest_route=\/wp\/v2\/posts\/11131\/revisions\/11141"}],"wp:featuredmedia":[{"embeddable":true,"href":"https:\/\/radiorevelacionfm.cl\/index.php?rest_route=\/wp\/v2\/media\/11132"}],"wp:attachment":[{"href":"https:\/\/radiorevelacionfm.cl\/index.php?rest_route=%2Fwp%2Fv2%2Fmedia&parent=11131"}],"wp:term":[{"taxonomy":"category","embeddable":true,"href":"https:\/\/radiorevelacionfm.cl\/index.php?rest_route=%2Fwp%2Fv2%2Fcategories&post=11131"},{"taxonomy":"post_tag","embeddable":true,"href":"https:\/\/radiorevelacionfm.cl\/index.php?rest_route=%2Fwp%2Fv2%2Ftags&post=11131"}],"curies":[{"name":"wp","href":"https:\/\/api.w.org\/{rel}","templated":true}]}}