{"id":11123,"date":"2021-11-23T16:23:20","date_gmt":"2021-11-23T19:23:20","guid":{"rendered":"https:\/\/radiorevelacionfm.cl\/?p=11123"},"modified":"2021-11-23T16:23:20","modified_gmt":"2021-11-23T19:23:20","slug":"detienen-y-logran-prision-preventiva-para-dos-integrantes-de-una-banda-criminal-por-robos-reiterados-en-puerto-aysen","status":"publish","type":"post","link":"https:\/\/radiorevelacionfm.cl\/?p=11123","title":{"rendered":"Detienen y logran prisi\u00f3n preventiva para dos integrantes de una banda criminal por robos reiterados en Puerto Ays\u00e9n"},"content":{"rendered":"<div class=\"flex_column av_one_full  flex_column_div av-zero-column-padding first  avia-builder-el-0  el_before_av_one_full  avia-builder-el-first  \" style='border-radius:0px; '><div  class='avia-image-container  av-styling-    avia-builder-el-1  avia-builder-el-no-sibling  avia-align-center '  itemprop=\"image\" itemscope=\"itemscope\" itemtype=\"https:\/\/schema.org\/ImageObject\"  ><div class='avia-image-container-inner'><div class='avia-image-overlay-wrap'><img decoding=\"async\" class='wp-image-11124 avia-img-lazy-loading-not-11124 avia_image' src=\"https:\/\/radiorevelacionfm.cl\/wp-content\/uploads\/2021\/11\/salida-detenido-22-11-2021-001-1_optimized.jpeg\" alt='' title='salida-detenido-22-11-2021-001-(1)_optimized' height=\"600\" width=\"1067\"  itemprop=\"thumbnailUrl\" srcset=\"https:\/\/radiorevelacionfm.cl\/wp-content\/uploads\/2021\/11\/salida-detenido-22-11-2021-001-1_optimized.jpeg 1067w, https:\/\/radiorevelacionfm.cl\/wp-content\/uploads\/2021\/11\/salida-detenido-22-11-2021-001-1_optimized-300x169.jpeg 300w, https:\/\/radiorevelacionfm.cl\/wp-content\/uploads\/2021\/11\/salida-detenido-22-11-2021-001-1_optimized-1030x579.jpeg 1030w, https:\/\/radiorevelacionfm.cl\/wp-content\/uploads\/2021\/11\/salida-detenido-22-11-2021-001-1_optimized-768x432.jpeg 768w, https:\/\/radiorevelacionfm.cl\/wp-content\/uploads\/2021\/11\/salida-detenido-22-11-2021-001-1_optimized-705x396.jpeg 705w, https:\/\/radiorevelacionfm.cl\/wp-content\/uploads\/2021\/11\/salida-detenido-22-11-2021-001-1_optimized-600x337.jpeg 600w\" sizes=\"(max-width: 1067px) 100vw, 1067px\" \/><\/div><\/div><\/div><\/div><div class=\"flex_column av_one_full  flex_column_div av-zero-column-padding first  avia-builder-el-2  el_after_av_one_full  el_before_av_one_full  column-top-margin\" style='border-radius:0px; '><section class=\"av_textblock_section \"  itemscope=\"itemscope\" itemtype=\"https:\/\/schema.org\/BlogPosting\" itemprop=\"blogPost\" ><div class='avia_textblock  '   itemprop=\"text\" ><p style=\"text-align: center;\"><strong><span style=\"font-size: 18pt;\">Detienen y logran prisi\u00f3n preventiva para dos integrantes de una banda criminal por robos reiterados en Puerto Ays\u00e9n<\/span><\/strong><\/p>\n<div id=\"gtx-trans\" style=\"position: absolute; left: -50px; top: 4.31534px;\">\n<div class=\"gtx-trans-icon\"><\/div>\n<\/div>\n<\/div><\/section><\/div><div class=\"flex_column av_one_full  flex_column_div av-zero-column-padding first  avia-builder-el-4  el_after_av_one_full  el_before_av_hr  column-top-margin\" style='border-radius:0px; '><section class=\"av_textblock_section \"  itemscope=\"itemscope\" itemtype=\"https:\/\/schema.org\/BlogPosting\" itemprop=\"blogPost\" ><div class='avia_textblock  '   itemprop=\"text\" ><p style=\"text-align: justify;\">Tras una investigaci\u00f3n entre la Polic\u00eda de Investigaciones de Chile y el Ministerio P\u00fablico por distintos hechos delictuales que afectaron a comerciantes de la ciudad de Puerto Ays\u00e9n entre los meses de septiembre y octubre del presente a\u00f1o, detectives de la Brigada Investigadora de Robos Coyhaique, en coordinaci\u00f3n con integrantes de la Prefectura Provincial Ays\u00e9n, lograron la detenci\u00f3n de dos sujetos de 25 y 26 a\u00f1os imputados por los delitos de robo con violencia y robo en lugar no habitado.<\/p>\n<p style=\"text-align: justify;\">Los hechos delictuales afectaron a los locales comerciales Casa Piedra, Triple 7 y Comercial Ays\u00e9n en pleno centro de la ciudad, con un alto nivel de violencia y montos sustra\u00eddos. Los sujetos se concertaban para la comisi\u00f3n de estos delitos, utilizando armas de fantas\u00eda y elementos contundentes, abordaban a sus v\u00edctimas para sustraer el dinero recaudado del d\u00eda o sustraer especies que eran comercializadas en la ciudad de Coyhaique.<\/p>\n<p style=\"text-align: justify;\">Al respecto, el jefe de la Prefectura Provincial Coyhaique, prefecto H\u00e9ctor Moya, se\u00f1al\u00f3 que \u201clos detectives de la unidad especializada en robos de la PDI, en conjunto con el Ministerio P\u00fablico, lograron identificar una cadena de situaciones relacionadas con robos en lugar no habitado y robos con violencia, que permiti\u00f3 vincular que estos hechos estaban siendo cometidos por una banda delictual que operaba entre Coyhaique y Ays\u00e9n\u201d.<\/p>\n<p style=\"text-align: justify;\">Se trata de una banda criminal autodenominada \u201cLos fantasmas\u201d, compuesta por sujetos de Coyhaique y Puerto Ays\u00e9n que actuaban con extrema violencia. Al respecto, el prefecto Moya agreg\u00f3 que \u201cen su actuar, eran principalmente violentos, personas con conductas at\u00edpicas de lo que uno ve ac\u00e1 en la regi\u00f3n, causando mayor impacto y sensaci\u00f3n de inseguridad entre la poblaci\u00f3n\u201d.<\/p>\n<p style=\"text-align: justify;\">Gracias al trabajo de an\u00e1lisis e investigaci\u00f3n criminal que permiti\u00f3 posicionar a los involucrados en al menos tres delitos de robo mediante distintos medios de prueba, durante la madrugada del lunes 22 de noviembre, \u201cse pudo concretar la detenci\u00f3n de dos de los integrantes de esta banda (\u2026) dos personas chilenas, de 25 y 26 a\u00f1os, que ten\u00edan domicilio en la regi\u00f3n\u201d, uno de ellos con antecedentes policiales por otros delitos de robo, puntualiz\u00f3 el jefe de la Prefectura Provincial Coyhaique, a\u00f1adiendo que \u201cpudimos establecer, al momento de la detenci\u00f3n, que estos sujetos ten\u00edan en su poder drogas de s\u00edntesis y clorhidrato de coca\u00edna\u201d.<\/p>\n<p style=\"text-align: justify;\">En ese sentido, desde la PDI indicaron que durante el procedimiento policial se incaut\u00f3 un arma de fantas\u00eda, $56.000 pesos de dinero en efectivo, 279 gramos de clorhidrato de coca\u00edna, 25,14 gramos de droga sint\u00e9tica, conocida como tusi o coca\u00edna rosa, y 4.7 gramos de cannabis sativa, antecedentes que permitieron formalizar a los sujetos por el delito de tr\u00e1fico de drogas. Esto equivale a 1.155 dosis de droga sacadas de circulaci\u00f3n, avaluadas en m\u00e1s de seis millones de pesos.<\/p>\n<p style=\"text-align: justify;\">Sobre el trabajo investigativo centrado en focos delictuales, el fiscal Luis Gonz\u00e1lez del Sistema de An\u00e1lisis Criminal y Focos Investigativos de la Fiscal\u00eda Regional de Ays\u00e9n subray\u00f3 que con la Brigada de Robos Coyhaique de la Polic\u00eda de Investigaciones se logr\u00f3 \u201cvincular a integrantes de una banda que ten\u00eda actuaciones en las comunas de Coyhaique y Puerto Ays\u00e9n y, luego de desarrollar diversas diligencias investigativas, recopilaci\u00f3n de antecedentes y an\u00e1lisis criminal, pedir las \u00f3rdenes de detenci\u00f3n para ponerlos a disposici\u00f3n del Juzgado de Garant\u00eda por delitos de robo con violencia y robo en lugar no habitado\u201d.<\/p>\n<p style=\"text-align: justify;\">El fiscal Gonz\u00e1lez explic\u00f3 que, debido al nivel de inseguridad que se genera en la poblaci\u00f3n con este tipo de bandas, \u201crealizamos diversas diligencias con las v\u00edctimas en la localidad de Puerto Ays\u00e9n hace casi un mes atr\u00e1s y, en atenci\u00f3n a ello, logramos tener este resultado que es el inicio de una investigaci\u00f3n contra una banda delictual que se encuentra desarticulada\u201d.<\/p>\n<p style=\"text-align: justify;\">Luego del control de detenci\u00f3n y formalizaci\u00f3n por parte del Ministerio P\u00fablico, \u201clas dos personas quedaron sometidas a la medida cautelar de prisi\u00f3n preventiva. Adem\u00e1s, fueron formalizadas por delitos conexos que se determinaron con la orden de detenci\u00f3n, como el delito de tr\u00e1fico de drogas, y en atenci\u00f3n a ello la investigaci\u00f3n qued\u00f3 con un plazo de 60 d\u00edas\u201d, indic\u00f3 el persecutor penal.<\/p>\n<p style=\"text-align: justify;\">Finalmente, tanto desde la PDI como desde la Fiscal\u00eda realizaron un llamado a realizar las denuncias sobre este tipo de casos y entregar todos los antecedentes que permitan obtener estos resultados.<\/p>\n<\/div><\/section><\/div><div  style='height:50px' class='hr hr-invisible   avia-builder-el-6  el_after_av_one_full  el_before_av_social_share '><span class='hr-inner ' ><span class='hr-inner-style'><\/span><\/span><\/div><\/p>\n<div  class='av-social-sharing-box  avia-builder-el-7  el_after_av_hr  el_before_av_hr  '><div class='av-share-box'><h5 class='av-share-link-description av-no-toc '>Compartir esta noticia<\/h5><ul class='av-share-box-list noLightbox'><li class='av-share-link av-social-link-facebook' ><a target=\"_blank\" aria-label=\"Compartir en Facebook\" href='https:\/\/www.facebook.com\/sharer.php?u=https:\/\/radiorevelacionfm.cl\/?p=11123&#038;t=Detienen%20y%20logran%20prisi%C3%B3n%20preventiva%20para%20dos%20integrantes%20de%20una%20banda%20criminal%20por%20robos%20reiterados%20en%20Puerto%20Ays%C3%A9n' aria-hidden='false' data-av_icon='\ue8f3' data-av_iconfont='entypo-fontello' title='' data-avia-related-tooltip='Compartir en Facebook' rel=\"noopener\"><span class='avia_hidden_link_text'>Compartir en Facebook<\/span><\/a><\/li><li class='av-share-link av-social-link-twitter' ><a target=\"_blank\" aria-label=\"Compartir en Twitter\" href='https:\/\/twitter.com\/share?text=Detienen%20y%20logran%20prisi%C3%B3n%20preventiva%20para%20dos%20integrantes%20de%20una%20banda%20criminal%20por%20robos%20reiterados%20en%20Puerto%20Ays%C3%A9n&#038;url=https:\/\/radiorevelacionfm.cl\/?p=11123' aria-hidden='false' data-av_icon='\ue8f1' data-av_iconfont='entypo-fontello' title='' data-avia-related-tooltip='Compartir en Twitter' rel=\"noopener\"><span class='avia_hidden_link_text'>Compartir en Twitter<\/span><\/a><\/li><li class='av-share-link av-social-link-whatsapp' ><a target=\"_blank\" aria-label=\"Compartir en Whatsapp\" href='https:\/\/api.whatsapp.com\/send?text=https:\/\/radiorevelacionfm.cl\/?p=11123' aria-hidden='false' data-av_icon='\uf232' data-av_iconfont='entypo-fontello' title='' data-avia-related-tooltip='Compartir en Whatsapp' rel=\"noopener\"><span class='avia_hidden_link_text'>Compartir en Whatsapp<\/span><\/a><\/li><li class='av-share-link av-social-link-linkedin' ><a target=\"_blank\" aria-label=\"Compartir en LinkedIn\" href='https:\/\/linkedin.com\/shareArticle?mini=true&#038;title=Detienen%20y%20logran%20prisi%C3%B3n%20preventiva%20para%20dos%20integrantes%20de%20una%20banda%20criminal%20por%20robos%20reiterados%20en%20Puerto%20Ays%C3%A9n&#038;url=https:\/\/radiorevelacionfm.cl\/?p=11123' aria-hidden='false' data-av_icon='\ue8fc' data-av_iconfont='entypo-fontello' title='' data-avia-related-tooltip='Compartir en LinkedIn' rel=\"noopener\"><span class='avia_hidden_link_text'>Compartir en LinkedIn<\/span><\/a><\/li><li class='av-share-link av-social-link-mail' ><a  aria-label=\"Compartir por correo\" href='mailto:?subject=Detienen%20y%20logran%20prisi%C3%B3n%20preventiva%20para%20dos%20integrantes%20de%20una%20banda%20criminal%20por%20robos%20reiterados%20en%20Puerto%20Ays%C3%A9n&#038;body=https:\/\/radiorevelacionfm.cl\/?p=11123' aria-hidden='false' data-av_icon='\ue805' data-av_iconfont='entypo-fontello' title='' data-avia-related-tooltip='Compartir por correo'><span class='avia_hidden_link_text'>Compartir por correo<\/span><\/a><\/li><\/ul><\/div><\/div>\n<div  style='height:50px' class='hr hr-invisible   avia-builder-el-8  el_after_av_social_share  el_before_av_comments_list '><span class='hr-inner ' ><span class='hr-inner-style'><\/span><\/span><\/div>\n<div  class='av-buildercomment  av-blog-meta-html-info-disabled av-blog-meta-tag-disabled  '><\/div>\n","protected":false},"excerpt":{"rendered":"","protected":false},"author":1,"featured_media":11124,"comment_status":"open","ping_status":"open","sticky":false,"template":"","format":"standard","meta":{"footnotes":""},"categories":[36],"tags":[],"class_list":["post-11123","post","type-post","status-publish","format-standard","has-post-thumbnail","hentry","category-policial"],"jetpack_featured_media_url":"https:\/\/radiorevelacionfm.cl\/wp-content\/uploads\/2021\/11\/salida-detenido-22-11-2021-001-1_optimized.jpeg","_links":{"self":[{"href":"https:\/\/radiorevelacionfm.cl\/index.php?rest_route=\/wp\/v2\/posts\/11123","targetHints":{"allow":["GET"]}}],"collection":[{"href":"https:\/\/radiorevelacionfm.cl\/index.php?rest_route=\/wp\/v2\/posts"}],"about":[{"href":"https:\/\/radiorevelacionfm.cl\/index.php?rest_route=\/wp\/v2\/types\/post"}],"author":[{"embeddable":true,"href":"https:\/\/radiorevelacionfm.cl\/index.php?rest_route=\/wp\/v2\/users\/1"}],"replies":[{"embeddable":true,"href":"https:\/\/radiorevelacionfm.cl\/index.php?rest_route=%2Fwp%2Fv2%2Fcomments&post=11123"}],"version-history":[{"count":2,"href":"https:\/\/radiorevelacionfm.cl\/index.php?rest_route=\/wp\/v2\/posts\/11123\/revisions"}],"predecessor-version":[{"id":11126,"href":"https:\/\/radiorevelacionfm.cl\/index.php?rest_route=\/wp\/v2\/posts\/11123\/revisions\/11126"}],"wp:featuredmedia":[{"embeddable":true,"href":"https:\/\/radiorevelacionfm.cl\/index.php?rest_route=\/wp\/v2\/media\/11124"}],"wp:attachment":[{"href":"https:\/\/radiorevelacionfm.cl\/index.php?rest_route=%2Fwp%2Fv2%2Fmedia&parent=11123"}],"wp:term":[{"taxonomy":"category","embeddable":true,"href":"https:\/\/radiorevelacionfm.cl\/index.php?rest_route=%2Fwp%2Fv2%2Fcategories&post=11123"},{"taxonomy":"post_tag","embeddable":true,"href":"https:\/\/radiorevelacionfm.cl\/index.php?rest_route=%2Fwp%2Fv2%2Ftags&post=11123"}],"curies":[{"name":"wp","href":"https:\/\/api.w.org\/{rel}","templated":true}]}}