{"id":11118,"date":"2021-11-23T10:42:17","date_gmt":"2021-11-23T13:42:17","guid":{"rendered":"https:\/\/radiorevelacionfm.cl\/?p=11118"},"modified":"2021-11-23T10:42:17","modified_gmt":"2021-11-23T13:42:17","slug":"alcalde-opazo-valoro-alta-votacion-de-kast-en-su-comuna-y-llamo-a-respaldarlo-en-segunda-vuelta","status":"publish","type":"post","link":"https:\/\/radiorevelacionfm.cl\/?p=11118","title":{"rendered":"Alcalde Opazo valor\u00f3 alta votaci\u00f3n de Kast en su comuna y llam\u00f3 a respaldarlo en segunda vuelta"},"content":{"rendered":"<div class=\"flex_column av_one_full  flex_column_div av-zero-column-padding first  avia-builder-el-0  el_before_av_one_full  avia-builder-el-first  \" style='border-radius:0px; '><div  class='avia-image-container  av-styling-    avia-builder-el-1  avia-builder-el-no-sibling  avia-align-center '  itemprop=\"image\" itemscope=\"itemscope\" itemtype=\"https:\/\/schema.org\/ImageObject\"  ><div class='avia-image-container-inner'><div class='avia-image-overlay-wrap'><img decoding=\"async\" class='wp-image-11119 avia-img-lazy-loading-not-11119 avia_image' src=\"https:\/\/radiorevelacionfm.cl\/wp-content\/uploads\/2021\/11\/kast-lago-verde-1-1_optimized.jpg\" alt='' title='kast-lago-verde-1-(1)_optimized' height=\"600\" width=\"789\"  itemprop=\"thumbnailUrl\" srcset=\"https:\/\/radiorevelacionfm.cl\/wp-content\/uploads\/2021\/11\/kast-lago-verde-1-1_optimized.jpg 789w, https:\/\/radiorevelacionfm.cl\/wp-content\/uploads\/2021\/11\/kast-lago-verde-1-1_optimized-300x228.jpg 300w, https:\/\/radiorevelacionfm.cl\/wp-content\/uploads\/2021\/11\/kast-lago-verde-1-1_optimized-768x584.jpg 768w, https:\/\/radiorevelacionfm.cl\/wp-content\/uploads\/2021\/11\/kast-lago-verde-1-1_optimized-705x536.jpg 705w, https:\/\/radiorevelacionfm.cl\/wp-content\/uploads\/2021\/11\/kast-lago-verde-1-1_optimized-600x456.jpg 600w\" sizes=\"(max-width: 789px) 100vw, 789px\" \/><\/div><\/div><\/div><\/div><div class=\"flex_column av_one_full  flex_column_div av-zero-column-padding first  avia-builder-el-2  el_after_av_one_full  el_before_av_one_full  column-top-margin\" style='border-radius:0px; '><section class=\"av_textblock_section \"  itemscope=\"itemscope\" itemtype=\"https:\/\/schema.org\/BlogPosting\" itemprop=\"blogPost\" ><div class='avia_textblock  '   itemprop=\"text\" ><p style=\"text-align: center;\"><strong><span style=\"font-size: 18pt;\">Alcalde Opazo valor\u00f3 alta votaci\u00f3n de Kast en su comuna y llam\u00f3 a respaldarlo en segunda vuelta<\/span><\/strong><\/p>\n<div id=\"gtx-trans\" style=\"position: absolute; left: -50px; top: 4.31534px;\">\n<div class=\"gtx-trans-icon\"><\/div>\n<\/div>\n<\/div><\/section><\/div><div class=\"flex_column av_one_full  flex_column_div av-zero-column-padding first  avia-builder-el-4  el_after_av_one_full  el_before_av_hr  column-top-margin\" style='border-radius:0px; '><section class=\"av_textblock_section \"  itemscope=\"itemscope\" itemtype=\"https:\/\/schema.org\/BlogPosting\" itemprop=\"blogPost\" ><div class='avia_textblock  '   itemprop=\"text\" ><p style=\"text-align: justify;\">Amplias expectativas manten\u00eda el Alcalde Nelson Opazo L\u00f3pez, respecto del candidato Jos\u00e9 Antonio Kast, las que sin duda se cumplieron, destacando la alta votaci\u00f3n que este presidenciable obtuvo en la comuna de Lago Verde, territorio donde Kast fue el \u00fanico aspirante a la Moneda en llegar.<\/p>\n<p style=\"text-align: justify;\">Solo en la cabecera comunal, Lago Verde, el representante de Republicanos obtuvo m\u00e1s del 60% de los sufragios. Ante estos resultados, el Alcalde Opazo, dijo sentirse orgulloso de la participaci\u00f3n de la comunidad y por ello agradeci\u00f3 el apoyo ciudadano a Jos\u00e9 Antonio Kast.<\/p>\n<p style=\"text-align: justify;\">\u201cUna vez m\u00e1s, sentir orgullo por mi gente de la comuna en estas instancias que participan activamente, en este caso nuestra apuesta es y seguir\u00e1 siendo Jos\u00e9 Antonio Kast. Por todo lo que hemos analizado, hemos conversado con nuestra gente, hemos analizado en el contexto nacional, lo que significa recuperar el orden p\u00fablico, actuar frente al narcotr\u00e1fico, proteger la vida, proteger a la familia, desarrollar los territorios, generar mayores oportunidades al emprendimiento. Son tantos factores y tantos elementos que hoy est\u00e1n en juego como pa\u00eds, donde nuestra comuna no ha querido estar ajena a ello y la verdad es que se obtuvo un gigantesco respaldo en Lago Verde como sector, 60.3% Jos\u00e9 Antonio Kast\u201d.<\/p>\n<p style=\"text-align: justify;\">Los resultados en otras localidades de la comuna de Lago Verde, tambi\u00e9n demostraron un importante respaldo al candidato Kast, a\u00f1adi\u00f3 Nelson Opazo.<\/p>\n<p style=\"text-align: justify;\">\u201cUn 23% en Villa Amengual y un 45% en Villa La Tapera, lo que se traduce en un tremendo respaldo de corte nacional, en t\u00e9rminos de lo que significa el proyecto de pa\u00eds que encabeza Jos\u00e9 Antonio Kast. Es importante se\u00f1alar que, es el \u00fanico candidato presidencial que estuvo en la comuna de Lago Verde, una persona con mucho equilibrio, con mucha mesura, con un an\u00e1lisis honesto, de frente con las personas, as\u00ed es que, tenemos la plena convicci\u00f3n de que re\u00fane absolutamente todos los requisitos para dirigir nuestro pa\u00eds, con un alto grado de eficiencia, pensando siempre en primer\u00edsima prioridad en las personas\u201d.<\/p>\n<p style=\"text-align: justify;\">Debido a que a\u00fan queda un proceso eleccionario, donde se decidir\u00e1 qui\u00e9n ser\u00e1 el pr\u00f3ximo presidente de Chile, el Alcalde Nelson Opazo, llam\u00f3 a conocer m\u00e1s al candidato Jos\u00e9 Antonio Kast, revisar su programa y apoyarlo este pr\u00f3ximo 19 de diciembre.<\/p>\n<p style=\"text-align: justify;\">\u201cUn especial llamado a los habitantes de mi comuna y de mi regi\u00f3n de Ays\u00e9n, a poder conocer m\u00e1s, poder interiorizarse m\u00e1s de quien es Jos\u00e9 Antonio Kast, cu\u00e1l es su programa con mayor detalle, no sobre las caricaturas que se hacen, sino sobre lo concreto, sobre el sentido com\u00fan que est\u00e1 dispuesto en ese programa, sobre lo que se puede venir para nuestro pa\u00eds si no tomamos las decisiones a conciencia. En ese aspecto, hacer un llamado a las personas que no estuvieron con Jos\u00e9 Antonio Kast, se puedan sumar en esta segunda vuelta\u201d.<\/p>\n<p style=\"text-align: justify;\">El Alcalde de Lago Verde, Nelson Opazo L\u00f3pez, agradeci\u00f3 el gran respaldo de la comunidad al candidato Kast, remarcando que en esta segunda vuelta, no da lo mismo por quien votar, sin duda, Jos\u00e9 Antonio Kast, es sin\u00f3nimo de un plan de trabajo y gobernabilidad como lo merece y necesita nuestro pa\u00eds. Pensando siempre en las personas, en su bienestar, en su seguridad y tranquilidad para seguir creciendo como pa\u00eds.<\/p>\n<\/div><\/section><\/div><div  style='height:50px' class='hr hr-invisible   avia-builder-el-6  el_after_av_one_full  el_before_av_social_share '><span class='hr-inner ' ><span class='hr-inner-style'><\/span><\/span><\/div><\/p>\n<div  class='av-social-sharing-box  avia-builder-el-7  el_after_av_hr  el_before_av_hr  '><div class='av-share-box'><h5 class='av-share-link-description av-no-toc '>Compartir esta noticia<\/h5><ul class='av-share-box-list noLightbox'><li class='av-share-link av-social-link-facebook' ><a target=\"_blank\" aria-label=\"Compartir en Facebook\" href='https:\/\/www.facebook.com\/sharer.php?u=https:\/\/radiorevelacionfm.cl\/?p=11118&#038;t=Alcalde%20Opazo%20valor%C3%B3%20alta%20votaci%C3%B3n%20de%20Kast%20en%20su%20comuna%20y%20llam%C3%B3%20a%20respaldarlo%20en%20segunda%20vuelta' aria-hidden='false' data-av_icon='\ue8f3' data-av_iconfont='entypo-fontello' title='' data-avia-related-tooltip='Compartir en Facebook' rel=\"noopener\"><span class='avia_hidden_link_text'>Compartir en Facebook<\/span><\/a><\/li><li class='av-share-link av-social-link-twitter' ><a target=\"_blank\" aria-label=\"Compartir en Twitter\" href='https:\/\/twitter.com\/share?text=Alcalde%20Opazo%20valor%C3%B3%20alta%20votaci%C3%B3n%20de%20Kast%20en%20su%20comuna%20y%20llam%C3%B3%20a%20respaldarlo%20en%20segunda%20vuelta&#038;url=https:\/\/radiorevelacionfm.cl\/?p=11118' aria-hidden='false' data-av_icon='\ue8f1' data-av_iconfont='entypo-fontello' title='' data-avia-related-tooltip='Compartir en Twitter' rel=\"noopener\"><span class='avia_hidden_link_text'>Compartir en Twitter<\/span><\/a><\/li><li class='av-share-link av-social-link-whatsapp' ><a target=\"_blank\" aria-label=\"Compartir en Whatsapp\" href='https:\/\/api.whatsapp.com\/send?text=https:\/\/radiorevelacionfm.cl\/?p=11118' aria-hidden='false' data-av_icon='\uf232' data-av_iconfont='entypo-fontello' title='' data-avia-related-tooltip='Compartir en Whatsapp' rel=\"noopener\"><span class='avia_hidden_link_text'>Compartir en Whatsapp<\/span><\/a><\/li><li class='av-share-link av-social-link-linkedin' ><a target=\"_blank\" aria-label=\"Compartir en LinkedIn\" href='https:\/\/linkedin.com\/shareArticle?mini=true&#038;title=Alcalde%20Opazo%20valor%C3%B3%20alta%20votaci%C3%B3n%20de%20Kast%20en%20su%20comuna%20y%20llam%C3%B3%20a%20respaldarlo%20en%20segunda%20vuelta&#038;url=https:\/\/radiorevelacionfm.cl\/?p=11118' aria-hidden='false' data-av_icon='\ue8fc' data-av_iconfont='entypo-fontello' title='' data-avia-related-tooltip='Compartir en LinkedIn' rel=\"noopener\"><span class='avia_hidden_link_text'>Compartir en LinkedIn<\/span><\/a><\/li><li class='av-share-link av-social-link-mail' ><a  aria-label=\"Compartir por correo\" href='mailto:?subject=Alcalde%20Opazo%20valor%C3%B3%20alta%20votaci%C3%B3n%20de%20Kast%20en%20su%20comuna%20y%20llam%C3%B3%20a%20respaldarlo%20en%20segunda%20vuelta&#038;body=https:\/\/radiorevelacionfm.cl\/?p=11118' aria-hidden='false' data-av_icon='\ue805' data-av_iconfont='entypo-fontello' title='' data-avia-related-tooltip='Compartir por correo'><span class='avia_hidden_link_text'>Compartir por correo<\/span><\/a><\/li><\/ul><\/div><\/div>\n<div  style='height:50px' class='hr hr-invisible   avia-builder-el-8  el_after_av_social_share  el_before_av_comments_list '><span class='hr-inner ' ><span class='hr-inner-style'><\/span><\/span><\/div>\n<div  class='av-buildercomment  av-blog-meta-html-info-disabled av-blog-meta-tag-disabled  '><\/div>\n","protected":false},"excerpt":{"rendered":"","protected":false},"author":1,"featured_media":11119,"comment_status":"open","ping_status":"open","sticky":false,"template":"","format":"standard","meta":{"footnotes":""},"categories":[35],"tags":[],"class_list":["post-11118","post","type-post","status-publish","format-standard","has-post-thumbnail","hentry","category-politica"],"jetpack_featured_media_url":"https:\/\/radiorevelacionfm.cl\/wp-content\/uploads\/2021\/11\/kast-lago-verde-1-1_optimized.jpg","_links":{"self":[{"href":"https:\/\/radiorevelacionfm.cl\/index.php?rest_route=\/wp\/v2\/posts\/11118","targetHints":{"allow":["GET"]}}],"collection":[{"href":"https:\/\/radiorevelacionfm.cl\/index.php?rest_route=\/wp\/v2\/posts"}],"about":[{"href":"https:\/\/radiorevelacionfm.cl\/index.php?rest_route=\/wp\/v2\/types\/post"}],"author":[{"embeddable":true,"href":"https:\/\/radiorevelacionfm.cl\/index.php?rest_route=\/wp\/v2\/users\/1"}],"replies":[{"embeddable":true,"href":"https:\/\/radiorevelacionfm.cl\/index.php?rest_route=%2Fwp%2Fv2%2Fcomments&post=11118"}],"version-history":[{"count":2,"href":"https:\/\/radiorevelacionfm.cl\/index.php?rest_route=\/wp\/v2\/posts\/11118\/revisions"}],"predecessor-version":[{"id":11122,"href":"https:\/\/radiorevelacionfm.cl\/index.php?rest_route=\/wp\/v2\/posts\/11118\/revisions\/11122"}],"wp:featuredmedia":[{"embeddable":true,"href":"https:\/\/radiorevelacionfm.cl\/index.php?rest_route=\/wp\/v2\/media\/11119"}],"wp:attachment":[{"href":"https:\/\/radiorevelacionfm.cl\/index.php?rest_route=%2Fwp%2Fv2%2Fmedia&parent=11118"}],"wp:term":[{"taxonomy":"category","embeddable":true,"href":"https:\/\/radiorevelacionfm.cl\/index.php?rest_route=%2Fwp%2Fv2%2Fcategories&post=11118"},{"taxonomy":"post_tag","embeddable":true,"href":"https:\/\/radiorevelacionfm.cl\/index.php?rest_route=%2Fwp%2Fv2%2Ftags&post=11118"}],"curies":[{"name":"wp","href":"https:\/\/api.w.org\/{rel}","templated":true}]}}