{"id":11110,"date":"2021-11-23T09:49:58","date_gmt":"2021-11-23T12:49:58","guid":{"rendered":"https:\/\/radiorevelacionfm.cl\/?p=11110"},"modified":"2021-11-23T10:01:10","modified_gmt":"2021-11-23T13:01:10","slug":"ministro-ward-anuncia-inversion-de-25-500-millones-en-17-localidades-a-lo-largo-de-todo-chile","status":"publish","type":"post","link":"https:\/\/radiorevelacionfm.cl\/?p=11110","title":{"rendered":"Ministro Ward anuncia inversi\u00f3n de $25.500 millones en 17 localidades a lo largo de todo Chile"},"content":{"rendered":"<div class=\"flex_column av_one_full  flex_column_div av-zero-column-padding first  avia-builder-el-0  el_before_av_one_full  avia-builder-el-first  \" style='border-radius:0px; '><div  class='avia-image-container  av-styling-    avia-builder-el-1  avia-builder-el-no-sibling  avia-align-center '  itemprop=\"image\" itemscope=\"itemscope\" itemtype=\"https:\/\/schema.org\/ImageObject\"  ><div class='avia-image-container-inner'><div class='avia-image-overlay-wrap'><img decoding=\"async\" class='wp-image-11114 avia-img-lazy-loading-not-11114 avia_image' src=\"https:\/\/radiorevelacionfm.cl\/wp-content\/uploads\/2021\/11\/image002-7i-1-1.jpg\" alt='' title='image002 (7)i (1) (1)' height=\"600\" width=\"979\"  itemprop=\"thumbnailUrl\" srcset=\"https:\/\/radiorevelacionfm.cl\/wp-content\/uploads\/2021\/11\/image002-7i-1-1.jpg 979w, https:\/\/radiorevelacionfm.cl\/wp-content\/uploads\/2021\/11\/image002-7i-1-1-300x184.jpg 300w, https:\/\/radiorevelacionfm.cl\/wp-content\/uploads\/2021\/11\/image002-7i-1-1-768x471.jpg 768w, https:\/\/radiorevelacionfm.cl\/wp-content\/uploads\/2021\/11\/image002-7i-1-1-705x432.jpg 705w, https:\/\/radiorevelacionfm.cl\/wp-content\/uploads\/2021\/11\/image002-7i-1-1-600x368.jpg 600w\" sizes=\"(max-width: 979px) 100vw, 979px\" \/><\/div><\/div><\/div><\/div>\n<div class=\"flex_column av_one_full  flex_column_div av-zero-column-padding first  avia-builder-el-2  el_after_av_one_full  el_before_av_one_full  column-top-margin\" style='border-radius:0px; '><section class=\"av_textblock_section \"  itemscope=\"itemscope\" itemtype=\"https:\/\/schema.org\/BlogPosting\" itemprop=\"blogPost\" ><div class='avia_textblock  '   itemprop=\"text\" ><p style=\"text-align: center;\"><strong><span style=\"font-size: 18pt;\">Ministro Ward anuncia inversi\u00f3n de $25.500 millones en 17 localidades a lo largo de todo Chile<\/span><\/strong><\/p>\n<div id=\"gtx-trans\" style=\"position: absolute; left: -50px; top: 4.31534px;\">\n<div class=\"gtx-trans-icon\"><\/div>\n<\/div>\n<\/div><\/section><\/div>\n<div class=\"flex_column av_one_full  flex_column_div av-zero-column-padding first  avia-builder-el-4  el_after_av_one_full  el_before_av_hr  column-top-margin\" style='border-radius:0px; '><section class=\"av_textblock_section \"  itemscope=\"itemscope\" itemtype=\"https:\/\/schema.org\/BlogPosting\" itemprop=\"blogPost\" ><div class='avia_textblock  '   itemprop=\"text\" ><p style=\"font-weight: 400; text-align: justify;\">En el marco de la selecci\u00f3n del \u201c<strong>Programa para Peque\u00f1as Localidades<\/strong>\u201d de este a\u00f1o, el ministro de Vivienda y Urbanismo,\u00a0Felipe Ward, asegur\u00f3 que se invertir\u00e1n\u00a025.500 millones de pesos en las 17 nuevas localidades\u00a0a lo largo de todo Chile. Esta iniciativa est\u00e1 dirigida a localidades de menos de 20 mil personas e impulsa el desarrollo de infraestructura urbana y habitacional para potenciar a la vocaci\u00f3n econ\u00f3mica de los sectores que presentan d\u00e9ficit urbano y habitacional con el objetivo de disminuir la desigualdad territorial.<\/p>\n<p style=\"font-weight: 400; text-align: justify;\">Sobre esto, el ministro de Vivienda y Urbanismo, Felipe Ward, asegur\u00f3 que \u201cCon el Programa para Peque\u00f1as Localidades promovemos el\u00a0crecimiento de las localidades\u00a0que presentan d\u00e9ficit urbano y habitacional con la implementaci\u00f3n de un plan de desarrollo enfocado en mejorar la calidad de vida de las familias. Este a\u00f1o sumaremos 17 nuevas localidades a esta iniciativa con una inversi\u00f3n de $25.500 millones en las que potenciaremos la\u00a0identidad local, junto con la equidad territorial del pa\u00eds\u201d.<\/p>\n<p style=\"font-weight: 400; text-align: justify;\">Cabe destacar que la selecci\u00f3n de este 2021 consolidar\u00e1 la gesti\u00f3n del programa que lleva adelante el Minvu\u00a0en todas las regiones del pa\u00eds. En total,\u00a044 localidades han sido seleccionadas\u00a0por este programa y dos ya han terminado su implementaci\u00f3n. Actualmente, este proyecto para peque\u00f1as localidades est\u00e1 presente en 27 territorios, donde cada una recibe un presupuesto de 1.500 millones de pesos.<\/p>\n<p style=\"font-weight: 400; text-align: justify;\">El trabajo que se realiza en las localidades responde a los anhelos de la comunidad, ya que el plan de desarrollo se elabora junto a una mesa de actores relevantes, quienes definen una cartera de proyectos de inversi\u00f3n urbana\/rural. Por otra parte, estas obras respetan la identidad local de cada lugar, permiti\u00e9ndole a las familias preservar la\u00a0cultura e historia, al mismo tiempo que se potencia el\u00a0sentido de pertenencia\u00a0con el lugar donde viven.<\/p>\n<p style=\"font-weight: 400;\"><strong>Localidades seleccionadas:<\/strong><\/p>\n<table style=\"font-weight: 400;\" width=\"553\">\n<tbody>\n<tr>\n<td width=\"128\">Regi\u00f3n<\/td>\n<td width=\"425\">Nombre Localidad<\/td>\n<\/tr>\n<tr>\n<td width=\"128\">Arica y Parinacota<\/td>\n<td width=\"425\">Putre Precordillera: Belen, Ticnamar, Chapiqui\u00f1a<\/td>\n<\/tr>\n<tr>\n<td width=\"128\">Tarapac\u00e1<\/td>\n<td width=\"425\">Huara<\/td>\n<\/tr>\n<tr>\n<td width=\"128\">Antofagasta<\/td>\n<td width=\"425\">Toconao<\/td>\n<\/tr>\n<tr>\n<td width=\"128\">Atacama<\/td>\n<td width=\"425\">Cerro Alegre &#8211; El Churcal &#8211; Los Canales &#8211; San F\u00e9lix<\/td>\n<\/tr>\n<tr>\n<td width=\"128\">Coquimbo<\/td>\n<td width=\"425\">Caleta Hornos<\/td>\n<\/tr>\n<tr>\n<td width=\"128\">Coquimbo<\/td>\n<td width=\"425\">Alcohuaz &#8211; Horc\u00f3n &#8211; Montegrande &#8211; Pisco Elqui<\/td>\n<\/tr>\n<tr>\n<td width=\"128\">Valpara\u00edso<\/td>\n<td width=\"425\">Pullalli<\/td>\n<\/tr>\n<tr>\n<td width=\"128\">Metropolitana<\/td>\n<td width=\"425\">Pomaire<\/td>\n<\/tr>\n<tr>\n<td width=\"128\">O\u2019Higgins<\/td>\n<td width=\"425\">Apalta<\/td>\n<\/tr>\n<tr>\n<td width=\"128\">Maule<\/td>\n<td width=\"425\">Villa Alegre<\/td>\n<\/tr>\n<tr>\n<td width=\"128\">\u00d1uble<\/td>\n<td width=\"425\">\u00d1ipas<\/td>\n<\/tr>\n<tr>\n<td width=\"128\">Biob\u00edo<\/td>\n<td width=\"425\">Pangue y Sara de Lebu<\/td>\n<\/tr>\n<tr>\n<td width=\"128\">La Araucan\u00eda<\/td>\n<td width=\"425\">Queule &#8211; La Barra<\/td>\n<\/tr>\n<tr>\n<td width=\"128\">Los R\u00edos<\/td>\n<td width=\"425\">Mehuin<\/td>\n<\/tr>\n<tr>\n<td width=\"128\">Los Lagos<\/td>\n<td width=\"425\">Chanhue &#8211; El Carrizo &#8211; La Pasada &#8211; La Pasada Lepihue- Lolcura &#8211; Los Coihues<\/td>\n<\/tr>\n<tr>\n<td width=\"128\">Ays\u00e9n<\/td>\n<td width=\"425\">La Tapera, Lago Verde, Villa Amengual<\/td>\n<\/tr>\n<tr>\n<td width=\"128\">Magallanes<\/td>\n<td width=\"425\">Dorotea<\/td>\n<\/tr>\n<\/tbody>\n<\/table>\n<\/div><\/section><\/div><div  style='height:50px' class='hr hr-invisible   avia-builder-el-6  el_after_av_one_full  el_before_av_social_share '><span class='hr-inner ' ><span class='hr-inner-style'><\/span><\/span><\/div><\/p>\n<div  class='av-social-sharing-box  avia-builder-el-7  el_after_av_hr  el_before_av_hr  '><div class='av-share-box'><h5 class='av-share-link-description av-no-toc '>Compartir esta noticia<\/h5><ul class='av-share-box-list noLightbox'><li class='av-share-link av-social-link-facebook' ><a target=\"_blank\" aria-label=\"Compartir en Facebook\" href='https:\/\/www.facebook.com\/sharer.php?u=https:\/\/radiorevelacionfm.cl\/?p=11110&#038;t=Ministro%20Ward%20anuncia%20inversi%C3%B3n%20de%20%2425.500%20millones%20en%2017%20localidades%20a%20lo%20largo%20de%20todo%20Chile' aria-hidden='false' data-av_icon='\ue8f3' data-av_iconfont='entypo-fontello' title='' data-avia-related-tooltip='Compartir en Facebook' rel=\"noopener\"><span class='avia_hidden_link_text'>Compartir en Facebook<\/span><\/a><\/li><li class='av-share-link av-social-link-twitter' ><a target=\"_blank\" aria-label=\"Compartir en Twitter\" href='https:\/\/twitter.com\/share?text=Ministro%20Ward%20anuncia%20inversi%C3%B3n%20de%20%2425.500%20millones%20en%2017%20localidades%20a%20lo%20largo%20de%20todo%20Chile&#038;url=https:\/\/radiorevelacionfm.cl\/?p=11110' aria-hidden='false' data-av_icon='\ue8f1' data-av_iconfont='entypo-fontello' title='' data-avia-related-tooltip='Compartir en Twitter' rel=\"noopener\"><span class='avia_hidden_link_text'>Compartir en Twitter<\/span><\/a><\/li><li class='av-share-link av-social-link-whatsapp' ><a target=\"_blank\" aria-label=\"Compartir en Whatsapp\" href='https:\/\/api.whatsapp.com\/send?text=https:\/\/radiorevelacionfm.cl\/?p=11110' aria-hidden='false' data-av_icon='\uf232' data-av_iconfont='entypo-fontello' title='' data-avia-related-tooltip='Compartir en Whatsapp' rel=\"noopener\"><span class='avia_hidden_link_text'>Compartir en Whatsapp<\/span><\/a><\/li><li class='av-share-link av-social-link-linkedin' ><a target=\"_blank\" aria-label=\"Compartir en LinkedIn\" href='https:\/\/linkedin.com\/shareArticle?mini=true&#038;title=Ministro%20Ward%20anuncia%20inversi%C3%B3n%20de%20%2425.500%20millones%20en%2017%20localidades%20a%20lo%20largo%20de%20todo%20Chile&#038;url=https:\/\/radiorevelacionfm.cl\/?p=11110' aria-hidden='false' data-av_icon='\ue8fc' data-av_iconfont='entypo-fontello' title='' data-avia-related-tooltip='Compartir en LinkedIn' rel=\"noopener\"><span class='avia_hidden_link_text'>Compartir en LinkedIn<\/span><\/a><\/li><li class='av-share-link av-social-link-mail' ><a  aria-label=\"Compartir por correo\" href='mailto:?subject=Ministro%20Ward%20anuncia%20inversi%C3%B3n%20de%20%2425.500%20millones%20en%2017%20localidades%20a%20lo%20largo%20de%20todo%20Chile&#038;body=https:\/\/radiorevelacionfm.cl\/?p=11110' aria-hidden='false' data-av_icon='\ue805' data-av_iconfont='entypo-fontello' title='' data-avia-related-tooltip='Compartir por correo'><span class='avia_hidden_link_text'>Compartir por correo<\/span><\/a><\/li><\/ul><\/div><\/div>\n<div  style='height:50px' class='hr hr-invisible   avia-builder-el-8  el_after_av_social_share  el_before_av_comments_list '><span class='hr-inner ' ><span class='hr-inner-style'><\/span><\/span><\/div>\n<div  class='av-buildercomment  av-blog-meta-html-info-disabled av-blog-meta-tag-disabled  '><\/div>\n","protected":false},"excerpt":{"rendered":"","protected":false},"author":1,"featured_media":11114,"comment_status":"open","ping_status":"open","sticky":false,"template":"","format":"standard","meta":{"footnotes":""},"categories":[57],"tags":[],"class_list":["post-11110","post","type-post","status-publish","format-standard","has-post-thumbnail","hentry","category-vivienda"],"jetpack_featured_media_url":"https:\/\/radiorevelacionfm.cl\/wp-content\/uploads\/2021\/11\/image002-7i-1-1.jpg","_links":{"self":[{"href":"https:\/\/radiorevelacionfm.cl\/index.php?rest_route=\/wp\/v2\/posts\/11110","targetHints":{"allow":["GET"]}}],"collection":[{"href":"https:\/\/radiorevelacionfm.cl\/index.php?rest_route=\/wp\/v2\/posts"}],"about":[{"href":"https:\/\/radiorevelacionfm.cl\/index.php?rest_route=\/wp\/v2\/types\/post"}],"author":[{"embeddable":true,"href":"https:\/\/radiorevelacionfm.cl\/index.php?rest_route=\/wp\/v2\/users\/1"}],"replies":[{"embeddable":true,"href":"https:\/\/radiorevelacionfm.cl\/index.php?rest_route=%2Fwp%2Fv2%2Fcomments&post=11110"}],"version-history":[{"count":4,"href":"https:\/\/radiorevelacionfm.cl\/index.php?rest_route=\/wp\/v2\/posts\/11110\/revisions"}],"predecessor-version":[{"id":11116,"href":"https:\/\/radiorevelacionfm.cl\/index.php?rest_route=\/wp\/v2\/posts\/11110\/revisions\/11116"}],"wp:featuredmedia":[{"embeddable":true,"href":"https:\/\/radiorevelacionfm.cl\/index.php?rest_route=\/wp\/v2\/media\/11114"}],"wp:attachment":[{"href":"https:\/\/radiorevelacionfm.cl\/index.php?rest_route=%2Fwp%2Fv2%2Fmedia&parent=11110"}],"wp:term":[{"taxonomy":"category","embeddable":true,"href":"https:\/\/radiorevelacionfm.cl\/index.php?rest_route=%2Fwp%2Fv2%2Fcategories&post=11110"},{"taxonomy":"post_tag","embeddable":true,"href":"https:\/\/radiorevelacionfm.cl\/index.php?rest_route=%2Fwp%2Fv2%2Ftags&post=11110"}],"curies":[{"name":"wp","href":"https:\/\/api.w.org\/{rel}","templated":true}]}}