{"id":11100,"date":"2021-11-22T17:22:47","date_gmt":"2021-11-22T20:22:47","guid":{"rendered":"https:\/\/radiorevelacionfm.cl\/?p=11100"},"modified":"2021-11-22T17:22:47","modified_gmt":"2021-11-22T20:22:47","slug":"realizan-premiacion-a-finalistas-del-campeonato-interescolar-de-triples-de-basquetbol-elige-vivir-sin-drogas","status":"publish","type":"post","link":"https:\/\/radiorevelacionfm.cl\/?p=11100","title":{"rendered":"Realizan premiaci\u00f3n a finalistas del campeonato interescolar de triples de b\u00e1squetbol \u00abElige Vivir Sin Drogas\u00bb"},"content":{"rendered":"<div class=\"flex_column av_one_full  flex_column_div av-zero-column-padding first  avia-builder-el-0  el_before_av_one_full  avia-builder-el-first  \" style='border-radius:0px; '><div  class='avia-image-container  av-styling-    avia-builder-el-1  avia-builder-el-no-sibling  avia-align-center '  itemprop=\"image\" itemscope=\"itemscope\" itemtype=\"https:\/\/schema.org\/ImageObject\"  ><div class='avia-image-container-inner'><div class='avia-image-overlay-wrap'><img decoding=\"async\" class='wp-image-11101 avia-img-lazy-loading-not-11101 avia_image' src=\"https:\/\/radiorevelacionfm.cl\/wp-content\/uploads\/2021\/11\/a-1_optimized.jpeg\" alt='' title='a-(1)_optimized' height=\"600\" width=\"800\"  itemprop=\"thumbnailUrl\" srcset=\"https:\/\/radiorevelacionfm.cl\/wp-content\/uploads\/2021\/11\/a-1_optimized.jpeg 800w, https:\/\/radiorevelacionfm.cl\/wp-content\/uploads\/2021\/11\/a-1_optimized-300x225.jpeg 300w, https:\/\/radiorevelacionfm.cl\/wp-content\/uploads\/2021\/11\/a-1_optimized-768x576.jpeg 768w, https:\/\/radiorevelacionfm.cl\/wp-content\/uploads\/2021\/11\/a-1_optimized-705x529.jpeg 705w, https:\/\/radiorevelacionfm.cl\/wp-content\/uploads\/2021\/11\/a-1_optimized-600x450.jpeg 600w\" sizes=\"(max-width: 800px) 100vw, 800px\" \/><\/div><\/div><\/div><\/div><div class=\"flex_column av_one_full  flex_column_div av-zero-column-padding first  avia-builder-el-2  el_after_av_one_full  el_before_av_one_full  column-top-margin\" style='border-radius:0px; '><section class=\"av_textblock_section \"  itemscope=\"itemscope\" itemtype=\"https:\/\/schema.org\/BlogPosting\" itemprop=\"blogPost\" ><div class='avia_textblock  '   itemprop=\"text\" ><p style=\"text-align: center;\"><span style=\"font-size: 18pt;\"><b>Realizan premiaci\u00f3n a finalistas del campeonato interescolar de triples de b\u00e1squetbol \u00abElige Vivir Sin Drogas\u00bb\u00a0\u00a0<\/b><\/span><\/p>\n<div id=\"gtx-trans\" style=\"position: absolute; left: -50px; top: 4.31534px;\">\n<div class=\"gtx-trans-icon\"><\/div>\n<\/div>\n<\/div><\/section><\/div><div class=\"flex_column av_one_full  flex_column_div av-zero-column-padding first  avia-builder-el-4  el_after_av_one_full  el_before_av_hr  column-top-margin\" style='border-radius:0px; '><section class=\"av_textblock_section \"  itemscope=\"itemscope\" itemtype=\"https:\/\/schema.org\/BlogPosting\" itemprop=\"blogPost\" ><div class='avia_textblock  '   itemprop=\"text\" ><p class=\"v1MsoNormal\" style=\"text-align: justify;\">Este 17 y 18 de noviembre, en las comunas de Ays\u00e9n y Coyhaique respectivamente, se efectu\u00f3 la ceremonia de premiaci\u00f3n del \u00ab1er Campeonato interescolar de Triples Elige Vivir Sin Drogas\u00bb, actividad que comenz\u00f3 en el mes de julio y pese a la situaci\u00f3n sanitaria, se logr\u00f3 llevar a cabo con m\u00e1s de cien estudiantes de diversos establecimientos educacionales, entre ambas comunas.<\/p>\n<p class=\"v1MsoNormal\" style=\"text-align: justify;\">En este sentido, el Director (s) Senda Ays\u00e9n Carlos Jara Neguel se\u00f1al\u00f3 \u00abesta actividad, enmarcada en pilar Tiempo Libre del Plan Nacional Elige Vivir sin Drogas, tiene por objetivo la promoci\u00f3n de ambientes efectivos de protecci\u00f3n del consumo de alcohol y otras drogas. Este campeonato, se desarroll\u00f3 en conjunto con la Serem\u00eda del Deporte, Instituto Nacional de Deportes, Municipios de Coyhaique y Puerto Ays\u00e9n, mediante la participaci\u00f3n de los profesionales Senda Previene. Por \u00faltimo, destacar lo m\u00e1s importante, la gran participaci\u00f3n de ni\u00f1os, ni\u00f1as y adolescentes desde los 08 a 17 a\u00f1os, que junto a sus padres y docentes asistieron a todas las fechas de este campeonato de triples\u00bb.<\/p>\n<p class=\"v1MsoNormal\" style=\"text-align: justify;\">Asimismo, el Seremi del Deporte Rodrigo Cubilla Retamal agreg\u00f3 \u00abcomo Ministerio del Deporte y junto al IND, agradecemos la invitaci\u00f3n a participar en la ejecuci\u00f3n de este campeonato que nos extendi\u00f3 Senda Ays\u00e9n, estamos muy contentos con el desarrollo de esta iniciativa que convoc\u00f3 a un gran n\u00famero de ni\u00f1os y j\u00f3venes quienes pudieron practicar su deporte favorito con el apoyo de los profesionales del IND regional, haciendo un buen uso del tiempo libre, iniciativa que est\u00e1 dentro del Plan Nacional Elige Vivir Sin Drogas, impulsado por el Presidente Sebasti\u00e1n Pi\u00f1era\u00bb.<\/p>\n<p style=\"text-align: justify;\">Cabe se\u00f1alar que los ganadores de Coyhaique, representar\u00e1n a la comuna, en un campeonato intercomunal, en el que se medir\u00e1n con los ganadores de la comuna de Ays\u00e9n en cada una de las categor\u00edas antes se\u00f1aladas, evento deportivo que se realizar\u00e1 en el Gimnasio Polideportivo 21 de abril durante el mes de diciembre de este a\u00f1o.<\/p>\n<p class=\"v1MsoNormal\" style=\"text-align: justify;\"><b><u>Resultados Ays\u00e9n<\/u><\/b><\/p>\n<p class=\"v1MsoNormal\" style=\"text-align: justify;\">\u00a0CATEGORIA 8-9 A\u00d1OS<\/p>\n<p class=\"v1MsoNormal\" style=\"text-align: justify;\">1-\u00a0\u00a0\u00a0\u00a0\u00a0\u00a0Isidora Bustos (Escuela Litoral Austral)<\/p>\n<p class=\"v1MsoNormal\" style=\"text-align: justify;\">2-\u00a0\u00a0\u00a0\u00a0\u00a0\u00a0Gaspar Olave (Escuela Litoral Austral)<\/p>\n<p class=\"v1MsoNormal\" style=\"text-align: justify;\">3-\u00a0\u00a0\u00a0\u00a0\u00a0\u00a0Agust\u00edn Tureuma (Escuela Litoral Austral)<\/p>\n<p class=\"v1MsoNormal\" style=\"text-align: justify;\">CATEGORIA 10-11 A\u00d1OS<\/p>\n<p class=\"v1MsoNormal\" style=\"text-align: justify;\">1-\u00a0\u00a0\u00a0\u00a0\u00a0\u00a0Gino Madriaza (Sagrada Familia)<\/p>\n<p class=\"v1MsoNormal\" style=\"text-align: justify;\">2-\u00a0\u00a0\u00a0\u00a0\u00a0\u00a0Brando Nahuelquin (Escuela Ays\u00e9n)<\/p>\n<p class=\"v1MsoNormal\" style=\"text-align: justify;\">3-\u00a0\u00a0\u00a0\u00a0\u00a0\u00a0Fernando \u00c1lvarez (Escuela Litoral Austral)<\/p>\n<p class=\"v1MsoNormal\" style=\"text-align: justify;\">\u00a0CATEGORIA 12-13 A\u00d1OS<\/p>\n<p class=\"v1MsoNormal\" style=\"text-align: justify;\">1-\u00a0\u00a0\u00a0\u00a0\u00a0\u00a0Gabriela Alvarado (Liceo Ma\u00f1ihuales)<\/p>\n<p class=\"v1MsoNormal\" style=\"text-align: justify;\">2-\u00a0\u00a0\u00a0\u00a0\u00a0\u00a0Joaqu\u00edn Salazar (Colegio Santa Teresa)<\/p>\n<p class=\"v1MsoNormal\" style=\"text-align: justify;\">3-\u00a0\u00a0\u00a0\u00a0\u00a0\u00a0Javier Ulloa (Liceo Ma\u00f1ihuales)<\/p>\n<p class=\"v1MsoNormal\" style=\"text-align: justify;\">CATEGORIA 14-15-16 A\u00d1OS<\/p>\n<p class=\"v1MsoNormal\" style=\"text-align: justify;\">1-\u00a0\u00a0\u00a0\u00a0\u00a0\u00a0Francisca Swarter (Liceo Ma\u00f1ihuales)<\/p>\n<p class=\"v1MsoNormal\" style=\"text-align: justify;\">2-\u00a0\u00a0\u00a0\u00a0\u00a0\u00a0Vicente Pe\u00f1a (Colegio Santa Teresa)<\/p>\n<p class=\"v1MsoNormal\" style=\"text-align: justify;\">3-\u00a0\u00a0\u00a0\u00a0\u00a0\u00a0Antonia Sandoval (Liceo San Jos\u00e9 ur)<\/p>\n<p class=\"v1MsoNormal\" style=\"text-align: justify;\">CATEGORIA 17 A\u00d1OS Y M\u00c1S<\/p>\n<p class=\"v1MsoNormal\" style=\"text-align: justify;\">1-\u00a0\u00a0\u00a0\u00a0\u00a0\u00a0Crist\u00f3bal Peralta (Liceo Ra\u00fal Broussain Campino)<\/p>\n<p class=\"v1MsoNormal\" style=\"text-align: justify;\">2-\u00a0\u00a0\u00a0\u00a0\u00a0\u00a0Mat\u00edas Bustos (Colegio Kalem)<\/p>\n<p class=\"v1MsoNormal\" style=\"text-align: justify;\">3-\u00a0\u00a0\u00a0\u00a0\u00a0\u00a0Diego Casanova (Colegio Santa Teresa)<\/p>\n<p class=\"v1MsoNormal\" style=\"text-align: justify;\"><b><u>Resultados Coyhaique<\/u><\/b><\/p>\n<p class=\"v1MsoNormal\" style=\"text-align: justify;\">\u00a0\u00a0\u00a0\u00a0CATEGORIA 8-9 A\u00d1OS<\/p>\n<p class=\"v1MsoNormal\" style=\"text-align: justify;\">1-\u00a0\u00a0\u00a0\u00a0\u00a0\u00a0Amanda Zapata Mansilla (Escuela El Camino)<\/p>\n<p class=\"v1MsoNormal\" style=\"text-align: justify;\">2-\u00a0\u00a0\u00a0\u00a0\u00a0\u00a0Joaqu\u00edn Vera<\/p>\n<p class=\"v1MsoNormal\" style=\"text-align: justify;\">3-\u00a0\u00a0\u00a0\u00a0\u00a0\u00a0Sara del Rio Soto (Colegio Alborada)<\/p>\n<p class=\"v1MsoNormal\" style=\"text-align: justify;\">CATEGORIA 10-11 A\u00d1OS<\/p>\n<p class=\"v1MsoNormal\" style=\"text-align: justify;\">1-\u00a0\u00a0\u00a0\u00a0\u00a0\u00a0Francisco Ulloa Illezca (Escuela Altamira)<\/p>\n<p class=\"v1MsoNormal\" style=\"text-align: justify;\">2-\u00a0\u00a0\u00a0\u00a0\u00a0\u00a0Lucas Pe\u00f1a Traillanca (Colegio Uni\u00f3n Fraterna)<\/p>\n<p class=\"v1MsoNormal\" style=\"text-align: justify;\">3-\u00a0\u00a0\u00a0\u00a0\u00a0\u00a0Vicente Sanda\u00f1a (Colegio Alborada)<\/p>\n<p class=\"v1MsoNormal\" style=\"text-align: justify;\">\u00a0CATEGORIA 12-13 A\u00d1OS<\/p>\n<p class=\"v1MsoNormal\" style=\"text-align: justify;\">1-\u00a0\u00a0\u00a0\u00a0\u00a0\u00a0Amelie G\u00e1rnica (Escuela El Camino)<\/p>\n<p class=\"v1MsoNormal\" style=\"text-align: justify;\">2-\u00a0\u00a0\u00a0\u00a0\u00a0\u00a0Fernanda Millar Santana (Colegio Mater Dei)<\/p>\n<p class=\"v1MsoNormal\" style=\"text-align: justify;\">3-\u00a0\u00a0\u00a0\u00a0\u00a0\u00a0Vicente Mansilla Ramos (Escuela Pedro Quintana Mansilla)<\/p>\n<p class=\"v1MsoNormal\" style=\"text-align: justify;\">CATEGORIA 14-15-16 A\u00d1OS<\/p>\n<p class=\"v1MsoNormal\" style=\"text-align: justify;\">1-\u00a0\u00a0\u00a0\u00a0\u00a0\u00a0Javiera Pe\u00f1a (Liceo San Felipe Benicio)<\/p>\n<p class=\"v1MsoNormal\" style=\"text-align: justify;\">2-\u00a0\u00a0\u00a0\u00a0\u00a0\u00a0Felipe Ulloa Illezca (Liceo San Felipe Benicio)<\/p>\n<p class=\"v1MsoNormal\" style=\"text-align: justify;\">3-\u00a0\u00a0\u00a0\u00a0\u00a0\u00a0Florencia Aguilera Trivi\u00f1o (Colegio Mater Dei)<\/p>\n<p class=\"v1MsoNormal\" style=\"text-align: justify;\">CATEGORIA 17 A\u00d1OS Y M\u00c1S<\/p>\n<p class=\"v1MsoNormal\" style=\"text-align: justify;\">1-\u00a0\u00a0\u00a0\u00a0\u00a0\u00a0Benjam\u00edn Reil\u00e9n<\/p>\n<p class=\"v1MsoNormal\" style=\"text-align: justify;\">2-\u00a0\u00a0\u00a0\u00a0\u00a0\u00a0Diego Reyes (Colegio Alborada)<\/p>\n<p class=\"v1MsoNormal\" style=\"text-align: justify;\">3-\u00a0\u00a0\u00a0\u00a0\u00a0\u00a0Jos\u00e9 Tom\u00e1s Pretty Soto (Colegio Alborada)<\/p>\n<\/div><\/section><\/div><div  style='height:50px' class='hr hr-invisible   avia-builder-el-6  el_after_av_one_full  el_before_av_social_share '><span class='hr-inner ' ><span class='hr-inner-style'><\/span><\/span><\/div><\/p>\n<div  class='av-social-sharing-box  avia-builder-el-7  el_after_av_hr  el_before_av_hr  '><div class='av-share-box'><h5 class='av-share-link-description av-no-toc '>Compartir esta noticia<\/h5><ul class='av-share-box-list noLightbox'><li class='av-share-link av-social-link-facebook' ><a target=\"_blank\" aria-label=\"Compartir en Facebook\" href='https:\/\/www.facebook.com\/sharer.php?u=https:\/\/radiorevelacionfm.cl\/?p=11100&#038;t=Realizan%20premiaci%C3%B3n%20a%20finalistas%20del%20campeonato%20interescolar%20de%20triples%20de%20b%C3%A1squetbol%20%C2%ABElige%20Vivir%20Sin%20Drogas%C2%BB' aria-hidden='false' data-av_icon='\ue8f3' data-av_iconfont='entypo-fontello' title='' data-avia-related-tooltip='Compartir en Facebook' rel=\"noopener\"><span class='avia_hidden_link_text'>Compartir en Facebook<\/span><\/a><\/li><li class='av-share-link av-social-link-twitter' ><a target=\"_blank\" aria-label=\"Compartir en Twitter\" href='https:\/\/twitter.com\/share?text=Realizan%20premiaci%C3%B3n%20a%20finalistas%20del%20campeonato%20interescolar%20de%20triples%20de%20b%C3%A1squetbol%20%C2%ABElige%20Vivir%20Sin%20Drogas%C2%BB&#038;url=https:\/\/radiorevelacionfm.cl\/?p=11100' aria-hidden='false' data-av_icon='\ue8f1' data-av_iconfont='entypo-fontello' title='' data-avia-related-tooltip='Compartir en Twitter' rel=\"noopener\"><span class='avia_hidden_link_text'>Compartir en Twitter<\/span><\/a><\/li><li class='av-share-link av-social-link-whatsapp' ><a target=\"_blank\" aria-label=\"Compartir en Whatsapp\" href='https:\/\/api.whatsapp.com\/send?text=https:\/\/radiorevelacionfm.cl\/?p=11100' aria-hidden='false' data-av_icon='\uf232' data-av_iconfont='entypo-fontello' title='' data-avia-related-tooltip='Compartir en Whatsapp' rel=\"noopener\"><span class='avia_hidden_link_text'>Compartir en Whatsapp<\/span><\/a><\/li><li class='av-share-link av-social-link-linkedin' ><a target=\"_blank\" aria-label=\"Compartir en LinkedIn\" href='https:\/\/linkedin.com\/shareArticle?mini=true&#038;title=Realizan%20premiaci%C3%B3n%20a%20finalistas%20del%20campeonato%20interescolar%20de%20triples%20de%20b%C3%A1squetbol%20%C2%ABElige%20Vivir%20Sin%20Drogas%C2%BB&#038;url=https:\/\/radiorevelacionfm.cl\/?p=11100' aria-hidden='false' data-av_icon='\ue8fc' data-av_iconfont='entypo-fontello' title='' data-avia-related-tooltip='Compartir en LinkedIn' rel=\"noopener\"><span class='avia_hidden_link_text'>Compartir en LinkedIn<\/span><\/a><\/li><li class='av-share-link av-social-link-mail' ><a  aria-label=\"Compartir por correo\" href='mailto:?subject=Realizan%20premiaci%C3%B3n%20a%20finalistas%20del%20campeonato%20interescolar%20de%20triples%20de%20b%C3%A1squetbol%20%C2%ABElige%20Vivir%20Sin%20Drogas%C2%BB&#038;body=https:\/\/radiorevelacionfm.cl\/?p=11100' aria-hidden='false' data-av_icon='\ue805' data-av_iconfont='entypo-fontello' title='' data-avia-related-tooltip='Compartir por correo'><span class='avia_hidden_link_text'>Compartir por correo<\/span><\/a><\/li><\/ul><\/div><\/div>\n<div  style='height:50px' class='hr hr-invisible   avia-builder-el-8  el_after_av_social_share  el_before_av_comments_list '><span class='hr-inner ' ><span class='hr-inner-style'><\/span><\/span><\/div>\n<div  class='av-buildercomment  av-blog-meta-html-info-disabled av-blog-meta-tag-disabled  '><\/div>\n","protected":false},"excerpt":{"rendered":"","protected":false},"author":1,"featured_media":11101,"comment_status":"open","ping_status":"open","sticky":false,"template":"","format":"standard","meta":{"footnotes":""},"categories":[40],"tags":[],"class_list":["post-11100","post","type-post","status-publish","format-standard","has-post-thumbnail","hentry","category-deportes"],"jetpack_featured_media_url":"https:\/\/radiorevelacionfm.cl\/wp-content\/uploads\/2021\/11\/a-1_optimized.jpeg","_links":{"self":[{"href":"https:\/\/radiorevelacionfm.cl\/index.php?rest_route=\/wp\/v2\/posts\/11100","targetHints":{"allow":["GET"]}}],"collection":[{"href":"https:\/\/radiorevelacionfm.cl\/index.php?rest_route=\/wp\/v2\/posts"}],"about":[{"href":"https:\/\/radiorevelacionfm.cl\/index.php?rest_route=\/wp\/v2\/types\/post"}],"author":[{"embeddable":true,"href":"https:\/\/radiorevelacionfm.cl\/index.php?rest_route=\/wp\/v2\/users\/1"}],"replies":[{"embeddable":true,"href":"https:\/\/radiorevelacionfm.cl\/index.php?rest_route=%2Fwp%2Fv2%2Fcomments&post=11100"}],"version-history":[{"count":2,"href":"https:\/\/radiorevelacionfm.cl\/index.php?rest_route=\/wp\/v2\/posts\/11100\/revisions"}],"predecessor-version":[{"id":11103,"href":"https:\/\/radiorevelacionfm.cl\/index.php?rest_route=\/wp\/v2\/posts\/11100\/revisions\/11103"}],"wp:featuredmedia":[{"embeddable":true,"href":"https:\/\/radiorevelacionfm.cl\/index.php?rest_route=\/wp\/v2\/media\/11101"}],"wp:attachment":[{"href":"https:\/\/radiorevelacionfm.cl\/index.php?rest_route=%2Fwp%2Fv2%2Fmedia&parent=11100"}],"wp:term":[{"taxonomy":"category","embeddable":true,"href":"https:\/\/radiorevelacionfm.cl\/index.php?rest_route=%2Fwp%2Fv2%2Fcategories&post=11100"},{"taxonomy":"post_tag","embeddable":true,"href":"https:\/\/radiorevelacionfm.cl\/index.php?rest_route=%2Fwp%2Fv2%2Ftags&post=11100"}],"curies":[{"name":"wp","href":"https:\/\/api.w.org\/{rel}","templated":true}]}}