{"id":11097,"date":"2021-11-22T18:31:53","date_gmt":"2021-11-22T21:31:53","guid":{"rendered":"https:\/\/radiorevelacionfm.cl\/?p=11097"},"modified":"2021-11-22T18:43:31","modified_gmt":"2021-11-22T21:43:31","slug":"invitan-a-inscribirse-en-el-seminario-virtual-genero-y-violencia-extrema-en-la-region-de-aysen","status":"publish","type":"post","link":"https:\/\/radiorevelacionfm.cl\/?p=11097","title":{"rendered":"Invitan a inscribirse en el Seminario Virtual \u00abG\u00e9nero y Violencia Extrema en la regi\u00f3n de Ays\u00e9n\u00bb"},"content":{"rendered":"<div class=\"flex_column av_one_full  flex_column_div av-zero-column-padding first  avia-builder-el-0  el_before_av_one_full  avia-builder-el-first  \" style='border-radius:0px; '><div  class='avia-image-container  av-styling-    avia-builder-el-1  avia-builder-el-no-sibling  avia-align-center '  itemprop=\"image\" itemscope=\"itemscope\" itemtype=\"https:\/\/schema.org\/ImageObject\"  ><div class='avia-image-container-inner'><div class='avia-image-overlay-wrap'><img decoding=\"async\" class='wp-image-11098 avia-img-lazy-loading-not-11098 avia_image' src=\"https:\/\/radiorevelacionfm.cl\/wp-content\/uploads\/2021\/11\/Seminario-Violencia-Extrema-1-1.jpg\" alt='' title='Seminario Violencia Extrema (1) (1)' height=\"600\" width=\"600\"  itemprop=\"thumbnailUrl\" srcset=\"https:\/\/radiorevelacionfm.cl\/wp-content\/uploads\/2021\/11\/Seminario-Violencia-Extrema-1-1.jpg 600w, https:\/\/radiorevelacionfm.cl\/wp-content\/uploads\/2021\/11\/Seminario-Violencia-Extrema-1-1-300x300.jpg 300w, https:\/\/radiorevelacionfm.cl\/wp-content\/uploads\/2021\/11\/Seminario-Violencia-Extrema-1-1-80x80.jpg 80w, https:\/\/radiorevelacionfm.cl\/wp-content\/uploads\/2021\/11\/Seminario-Violencia-Extrema-1-1-36x36.jpg 36w, https:\/\/radiorevelacionfm.cl\/wp-content\/uploads\/2021\/11\/Seminario-Violencia-Extrema-1-1-180x180.jpg 180w, https:\/\/radiorevelacionfm.cl\/wp-content\/uploads\/2021\/11\/Seminario-Violencia-Extrema-1-1-100x100.jpg 100w\" sizes=\"(max-width: 600px) 100vw, 600px\" \/><\/div><\/div><\/div><\/div><div class=\"flex_column av_one_full  flex_column_div av-zero-column-padding first  avia-builder-el-2  el_after_av_one_full  el_before_av_one_full  column-top-margin\" style='border-radius:0px; '><section class=\"av_textblock_section \"  itemscope=\"itemscope\" itemtype=\"https:\/\/schema.org\/BlogPosting\" itemprop=\"blogPost\" ><div class='avia_textblock  '   itemprop=\"text\" ><p style=\"text-align: center;\"><strong><span style=\"font-size: 18pt;\">Invitan a inscribirse en el Seminario Virtual \u00abG\u00e9nero y Violencia Extrema en la regi\u00f3n de Ays\u00e9n\u00bb<\/span><\/strong><\/p>\n<div id=\"gtx-trans\" style=\"position: absolute; left: -50px; top: 4.31534px;\">\n<div class=\"gtx-trans-icon\"><\/div>\n<\/div>\n<\/div><\/section><\/div><div class=\"flex_column av_one_full  flex_column_div av-zero-column-padding first  avia-builder-el-4  el_after_av_one_full  el_before_av_hr  column-top-margin\" style='border-radius:0px; '><section class=\"av_textblock_section \"  itemscope=\"itemscope\" itemtype=\"https:\/\/schema.org\/BlogPosting\" itemprop=\"blogPost\" ><div class='avia_textblock  '   itemprop=\"text\" ><p style=\"font-weight: 400; text-align: justify;\">En el marco del Mes de la Eliminaci\u00f3n de la Violencia contra la Mujeres el Servicio Nacional de la Mujer y la Equidad de G\u00e9nero junto a la Fiscal\u00eda Regional de Ays\u00e9n y las dem\u00e1s instituciones que conforman el Circuito Intersectorial de Femicidio \u2013 Seremi de la Mujer y la Equidad de G\u00e9nero, Carabineros de Chile, Servicio M\u00e9dico Legal, Polic\u00eda de Investigaciones de Chile, Servicio Nacional de Protecci\u00f3n Especializada a la Ni\u00f1ez y Adolescencia y el Centro de Atenci\u00f3n a V\u00edctimas del Ministerio del Interior y Seguridad- invitan a inscribirse en el seminario virtual \u00abG\u00e9nero y Violencia Extrema en la regi\u00f3n de Ays\u00e9n\u00bb cuyo objetivo es fortalecer las competencias t\u00e9cnicas espec\u00edficas de funcionarias\/os de servicios p\u00fablicos, profesionales vinculados a la tem\u00e1tica, polic\u00edas, funcionarias\/os municipales y comunidad en general. La actividad se llevar\u00e1 a cabo el martes 30 de noviembre a las 15:00 horas en el Canal YouTube Fiscal\u00eda Ays\u00e9n y por el Fan Page de SernamEG Ays\u00e9n.<\/p>\n<p style=\"font-weight: 400; text-align: justify;\">Respecto al objetivo del evento telem\u00e1tico la Directora Regional de SernamEG, Elizabeth Guti\u00e9rrez Eggers, dijo: \u201cen el trabajo colaborativo que hemos venido desarrollando como Circuito Intersectorial de Femicidio uno de nuestros objetivos es contribuir a generar m\u00e1s informaci\u00f3n sobre la violencia de g\u00e9nero. La idea de este Seminario apunta a que este conocimiento sea compartido con la comunidad e instituciones p\u00fablicas, porque entendemos que el llamado constante a que todas y todos se conviertan en agentes de cambio, lo que\u00a0 debe ir de la mano con la entrega de informaci\u00f3n actualizada sobre la normativa legal; as\u00ed como los datos regionales y la forma en que las instituciones interact\u00faan para enfrentar esta problem\u00e1tica sociocultural\u201d.<\/p>\n<p style=\"font-weight: 400; text-align: justify;\">Por su parte, el Jefe de la Unidad de V\u00edctimas y Testigos, URAVIT, de la Fiscal\u00eda Regional de Ays\u00e9n, Julio S\u00e1nchez Meza, dijo: \u201ces sumamente importante la realizaci\u00f3n del Seminario, porque dentro de la segunda funci\u00f3n del Ministerio P\u00fablico &#8211; aparte de la investigaci\u00f3n de hechos constitutivos de delitos y determinar responsabilidades \u2013 es otorgar protecci\u00f3n a las v\u00edctimas y testigos. Ahora esta funci\u00f3n se puede cumplir de distintas formas, una de ellas l\u00f3gicamente a trav\u00e9s de la integraci\u00f3n que hace el Ministerio P\u00fablico en la comunidad; espec\u00edficamente en lo que dice relaci\u00f3n con la organizaci\u00f3n de actividades de \u00edndole acad\u00e9mico y de informaci\u00f3n. En este sentido, el Ministerio P\u00fablico debe propender l\u00f3gicamente al mejor conocimiento de sus funciones e integrarse con las otras instituciones a fin de poder lograr el mejor resultado en cuanto a este objetivo\u201d.<\/p>\n<p style=\"font-weight: 400; text-align: justify;\">El\u00a0seminario virtual \u00abG\u00e9nero y Violencia Extrema en la regi\u00f3n de Ays\u00e9n\u00bb consistir\u00e1 en 4 ponencias, cada una de ellas contempla\u00a0una rueda de preguntas. La primera de ellas se denomina\u00a0\u00abEl femicidio como un delito de g\u00e9nero contra las mujeres y Circuito Intersectorial de Respuesta\u00bb a cargo de la Abogada del Programa de Atenci\u00f3n, Protecci\u00f3n y Reparaci\u00f3n en Violencia contra las Mujeres del Servicio Nacional de la Mujer y la Equidad de G\u00e9nero, Alicia Candia Molina. A continuaci\u00f3n, expondr\u00e1 la Abogada y Directora de la Unidad Especializada en Derechos Humanos, Violencia de G\u00e9nero y Delitos Sexuales de la Fiscal\u00eda Nacional, Imay Ortiz Pulgar, cuya exposici\u00f3n lleva por nombre \u00abLegislaci\u00f3n y Procedimientos Investigativos en Violencia Intrafamiliar y Delitos Sexuales\u00bb.<\/p>\n<p style=\"font-weight: 400; text-align: justify;\">Otra de las exposiciones del Seminario es\u00a0\u00abLa Realidad Regional en el Abordaje de la Violencia contra las Mujeres\u00bb a cargo del Comisario de Coyhaique, Mayor C\u00e9sar Leiva Mart\u00ednez. Finalmente, concluye el ciclo de ponencias la Directora Regional (s) del Servicio Nacional de Protecci\u00f3n Especializada a la Ni\u00f1ez y Adolescencia, Gabriela Opazo Pino, con \u00abReflexiones t\u00e9cnicas, entorno a la atenci\u00f3n multidisciplinar a los ni\u00f1os, ni\u00f1as y adolescentes, v\u00edctimas de la violencia extrema contra la mujer\u00bb.\u00a0El evento es de car\u00e1cter gratuito y las personas interesadas pueden inscribirse en el siguiente link\u00a0<a href=\"https:\/\/forms.gle\/CBfXH6AkXyYuRJso8\" data-saferedirecturl=\"https:\/\/www.google.com\/url?q=https:\/\/forms.gle\/CBfXH6AkXyYuRJso8&amp;source=gmail&amp;ust=1637695748369000&amp;usg=AOvVaw1VYB9pe0f7mKtC-eblkJCg\">https:\/\/forms.gle\/CBfXH6AkXyYuRJso8<\/a><\/p>\n<\/div><\/section><\/div><div  style='height:50px' class='hr hr-invisible   avia-builder-el-6  el_after_av_one_full  el_before_av_social_share '><span class='hr-inner ' ><span class='hr-inner-style'><\/span><\/span><\/div><\/p>\n<div  class='av-social-sharing-box  avia-builder-el-7  el_after_av_hr  el_before_av_hr  '><div class='av-share-box'><h5 class='av-share-link-description av-no-toc '>Compartir esta noticia<\/h5><ul class='av-share-box-list noLightbox'><li class='av-share-link av-social-link-facebook' ><a target=\"_blank\" aria-label=\"Compartir en Facebook\" href='https:\/\/www.facebook.com\/sharer.php?u=https:\/\/radiorevelacionfm.cl\/?p=11097&#038;t=Invitan%20a%20inscribirse%20en%20el%20Seminario%20Virtual%20%C2%ABG%C3%A9nero%20y%20Violencia%20Extrema%20en%20la%20regi%C3%B3n%20de%20Ays%C3%A9n%C2%BB' aria-hidden='false' data-av_icon='\ue8f3' data-av_iconfont='entypo-fontello' title='' data-avia-related-tooltip='Compartir en Facebook' rel=\"noopener\"><span class='avia_hidden_link_text'>Compartir en Facebook<\/span><\/a><\/li><li class='av-share-link av-social-link-twitter' ><a target=\"_blank\" aria-label=\"Compartir en Twitter\" href='https:\/\/twitter.com\/share?text=Invitan%20a%20inscribirse%20en%20el%20Seminario%20Virtual%20%C2%ABG%C3%A9nero%20y%20Violencia%20Extrema%20en%20la%20regi%C3%B3n%20de%20Ays%C3%A9n%C2%BB&#038;url=https:\/\/radiorevelacionfm.cl\/?p=11097' aria-hidden='false' data-av_icon='\ue8f1' data-av_iconfont='entypo-fontello' title='' data-avia-related-tooltip='Compartir en Twitter' rel=\"noopener\"><span class='avia_hidden_link_text'>Compartir en Twitter<\/span><\/a><\/li><li class='av-share-link av-social-link-whatsapp' ><a target=\"_blank\" aria-label=\"Compartir en Whatsapp\" href='https:\/\/api.whatsapp.com\/send?text=https:\/\/radiorevelacionfm.cl\/?p=11097' aria-hidden='false' data-av_icon='\uf232' data-av_iconfont='entypo-fontello' title='' data-avia-related-tooltip='Compartir en Whatsapp' rel=\"noopener\"><span class='avia_hidden_link_text'>Compartir en Whatsapp<\/span><\/a><\/li><li class='av-share-link av-social-link-linkedin' ><a target=\"_blank\" aria-label=\"Compartir en LinkedIn\" href='https:\/\/linkedin.com\/shareArticle?mini=true&#038;title=Invitan%20a%20inscribirse%20en%20el%20Seminario%20Virtual%20%C2%ABG%C3%A9nero%20y%20Violencia%20Extrema%20en%20la%20regi%C3%B3n%20de%20Ays%C3%A9n%C2%BB&#038;url=https:\/\/radiorevelacionfm.cl\/?p=11097' aria-hidden='false' data-av_icon='\ue8fc' data-av_iconfont='entypo-fontello' title='' data-avia-related-tooltip='Compartir en LinkedIn' rel=\"noopener\"><span class='avia_hidden_link_text'>Compartir en LinkedIn<\/span><\/a><\/li><li class='av-share-link av-social-link-mail' ><a  aria-label=\"Compartir por correo\" href='mailto:?subject=Invitan%20a%20inscribirse%20en%20el%20Seminario%20Virtual%20%C2%ABG%C3%A9nero%20y%20Violencia%20Extrema%20en%20la%20regi%C3%B3n%20de%20Ays%C3%A9n%C2%BB&#038;body=https:\/\/radiorevelacionfm.cl\/?p=11097' aria-hidden='false' data-av_icon='\ue805' data-av_iconfont='entypo-fontello' title='' data-avia-related-tooltip='Compartir por correo'><span class='avia_hidden_link_text'>Compartir por correo<\/span><\/a><\/li><\/ul><\/div><\/div>\n<div  style='height:50px' class='hr hr-invisible   avia-builder-el-8  el_after_av_social_share  el_before_av_comments_list '><span class='hr-inner ' ><span class='hr-inner-style'><\/span><\/span><\/div>\n<div  class='av-buildercomment  av-blog-meta-html-info-disabled av-blog-meta-tag-disabled  '><\/div>\n","protected":false},"excerpt":{"rendered":"","protected":false},"author":1,"featured_media":11105,"comment_status":"open","ping_status":"open","sticky":false,"template":"","format":"standard","meta":{"footnotes":""},"categories":[38],"tags":[],"class_list":["post-11097","post","type-post","status-publish","format-standard","has-post-thumbnail","hentry","category-regional"],"jetpack_featured_media_url":"https:\/\/radiorevelacionfm.cl\/wp-content\/uploads\/2021\/11\/seminario-violencia-extrema1-1_optimized.jpg","_links":{"self":[{"href":"https:\/\/radiorevelacionfm.cl\/index.php?rest_route=\/wp\/v2\/posts\/11097","targetHints":{"allow":["GET"]}}],"collection":[{"href":"https:\/\/radiorevelacionfm.cl\/index.php?rest_route=\/wp\/v2\/posts"}],"about":[{"href":"https:\/\/radiorevelacionfm.cl\/index.php?rest_route=\/wp\/v2\/types\/post"}],"author":[{"embeddable":true,"href":"https:\/\/radiorevelacionfm.cl\/index.php?rest_route=\/wp\/v2\/users\/1"}],"replies":[{"embeddable":true,"href":"https:\/\/radiorevelacionfm.cl\/index.php?rest_route=%2Fwp%2Fv2%2Fcomments&post=11097"}],"version-history":[{"count":2,"href":"https:\/\/radiorevelacionfm.cl\/index.php?rest_route=\/wp\/v2\/posts\/11097\/revisions"}],"predecessor-version":[{"id":11104,"href":"https:\/\/radiorevelacionfm.cl\/index.php?rest_route=\/wp\/v2\/posts\/11097\/revisions\/11104"}],"wp:featuredmedia":[{"embeddable":true,"href":"https:\/\/radiorevelacionfm.cl\/index.php?rest_route=\/wp\/v2\/media\/11105"}],"wp:attachment":[{"href":"https:\/\/radiorevelacionfm.cl\/index.php?rest_route=%2Fwp%2Fv2%2Fmedia&parent=11097"}],"wp:term":[{"taxonomy":"category","embeddable":true,"href":"https:\/\/radiorevelacionfm.cl\/index.php?rest_route=%2Fwp%2Fv2%2Fcategories&post=11097"},{"taxonomy":"post_tag","embeddable":true,"href":"https:\/\/radiorevelacionfm.cl\/index.php?rest_route=%2Fwp%2Fv2%2Ftags&post=11097"}],"curies":[{"name":"wp","href":"https:\/\/api.w.org\/{rel}","templated":true}]}}