{"id":11093,"date":"2021-11-22T17:02:07","date_gmt":"2021-11-22T20:02:07","guid":{"rendered":"https:\/\/radiorevelacionfm.cl\/?p=11093"},"modified":"2021-11-22T17:02:07","modified_gmt":"2021-11-22T20:02:07","slug":"calisto-logra-una-de-las-mayorias-mas-altas-del-pais-y-la-dc-consigue-cinco-cupos-en-el-consejo-regional","status":"publish","type":"post","link":"https:\/\/radiorevelacionfm.cl\/?p=11093","title":{"rendered":"Calisto logra una de las mayor\u00edas m\u00e1s altas del pa\u00eds y la DC consigue cinco cupos en el Consejo Regional"},"content":{"rendered":"<div class=\"flex_column av_one_full  flex_column_div av-zero-column-padding first  avia-builder-el-0  el_before_av_one_full  avia-builder-el-first  \" style='border-radius:0px; '><div  class='avia-image-container  av-styling-    avia-builder-el-1  avia-builder-el-no-sibling  avia-align-center '  itemprop=\"image\" itemscope=\"itemscope\" itemtype=\"https:\/\/schema.org\/ImageObject\"  ><div class='avia-image-container-inner'><div class='avia-image-overlay-wrap'><img decoding=\"async\" class='wp-image-11094 avia-img-lazy-loading-not-11094 avia_image' src=\"https:\/\/radiorevelacionfm.cl\/wp-content\/uploads\/2021\/11\/CALISTO-TRAS-ELECCION-1-1.jpg\" alt='' title='CALISTO TRAS ELECCI\u00d3N (1) (1)' height=\"600\" width=\"748\"  itemprop=\"thumbnailUrl\" srcset=\"https:\/\/radiorevelacionfm.cl\/wp-content\/uploads\/2021\/11\/CALISTO-TRAS-ELECCION-1-1.jpg 748w, https:\/\/radiorevelacionfm.cl\/wp-content\/uploads\/2021\/11\/CALISTO-TRAS-ELECCION-1-1-300x241.jpg 300w, https:\/\/radiorevelacionfm.cl\/wp-content\/uploads\/2021\/11\/CALISTO-TRAS-ELECCION-1-1-705x566.jpg 705w, https:\/\/radiorevelacionfm.cl\/wp-content\/uploads\/2021\/11\/CALISTO-TRAS-ELECCION-1-1-600x481.jpg 600w\" sizes=\"(max-width: 748px) 100vw, 748px\" \/><\/div><\/div><\/div><\/div><div class=\"flex_column av_one_full  flex_column_div av-zero-column-padding first  avia-builder-el-2  el_after_av_one_full  el_before_av_one_full  column-top-margin\" style='border-radius:0px; '><section class=\"av_textblock_section \"  itemscope=\"itemscope\" itemtype=\"https:\/\/schema.org\/BlogPosting\" itemprop=\"blogPost\" ><div class='avia_textblock  '   itemprop=\"text\" ><p style=\"text-align: center;\"><span style=\"font-size: 18pt;\"><b><span lang=\"ES\">Calisto logra una de las mayor\u00edas m\u00e1s altas del pa\u00eds y la DC consigue cinco cupos en el Consejo Regional<\/span><\/b><\/span><\/p>\n<div id=\"gtx-trans\" style=\"position: absolute; left: -50px; top: 4.31534px;\">\n<div class=\"gtx-trans-icon\"><\/div>\n<\/div>\n<\/div><\/section><\/div><div class=\"flex_column av_one_full  flex_column_div av-zero-column-padding first  avia-builder-el-4  el_after_av_one_full  el_before_av_hr  column-top-margin\" style='border-radius:0px; '><section class=\"av_textblock_section \"  itemscope=\"itemscope\" itemtype=\"https:\/\/schema.org\/BlogPosting\" itemprop=\"blogPost\" ><div class='avia_textblock  '   itemprop=\"text\" ><p style=\"font-weight: 400; text-align: justify;\">Junto con valorar los resultados obtenidos en las elecciones, que le permitieron situarse como primera mayor\u00eda regional y tercera a nivel nacional, el diputado Miguel \u00c1ngel Calisto agradeci\u00f3 el amplio apoyo obtenido en la regi\u00f3n, y desliz\u00f3 cr\u00edticas a la c\u00fapula regional del partido, quienes intentaron dejarlo fuera de este proceso en agosto pasado.<\/p>\n<p style=\"font-weight: 400; text-align: justify;\">Seg\u00fan el legislador, \u201cquiero agradecer el gran respaldo ciudadano que recibimos en esta elecci\u00f3n. Es la primera mayor\u00eda regional y una de las primeras mayor\u00edas nacionales en elecci\u00f3n de diputados, todo esto gracias a las vecinas y vecinos quienes nos han acompa\u00f1ado con este triunfo. Tambi\u00e9n quiero destacar gratamente el resultado que obtuvimos como Democracia Cristiana por la gran representaci\u00f3n en el Gobierno Regional\u201d.<\/p>\n<p style=\"font-weight: 400; text-align: justify;\">\u201cHoy tenemos electos a cinco consejeros regionales, dos en Coyhaique, con el doctor Eduardo Cruces y Rocco Martiniello. La reelecci\u00f3n de Jorge Abello en Capit\u00e1n Prat y Sergio Gonz\u00e1lez en Ays\u00e9n, adem\u00e1s de la elecci\u00f3n de Paulina Hern\u00e1ndez en la provincia de General Carrera. Se trata de una fuerte representaci\u00f3n en el Gobierno Regional, es un triunfo importante y vamos a ser un gran equipo\u201d, indic\u00f3.<\/p>\n<p style=\"font-weight: 400; text-align: justify;\">\u201cQuiero agradecer tambi\u00e9n el apoyo de nuestro alcalde, Carlos Gatica. Estamos haciendo un trabajo en equipo para nuestra comunidad regional, que incorpora experiencia y rostros j\u00f3venes. Para nosotros, la regi\u00f3n est\u00e1 primero\u201d, se\u00f1al\u00f3.<\/p>\n<p style=\"font-weight: 400; text-align: justify;\">Calisto indic\u00f3 que \u201clos resultados demuestran que la sabidur\u00eda popular es mucho m\u00e1s importante que la decisi\u00f3n de las c\u00fapulas, aqu\u00ed gan\u00f3 la decisi\u00f3n popular, y perdieron las c\u00fapulas. Yo espero que la directiva de mi partido reflexione respecto a esta situaci\u00f3n. A veces se estigmatiza y se dice que mi partido me quiso bajar, pero fueron personas de una directiva regional, no los militantes, las bases, que siempre han estado con nosotros y que hoy nos permitieron sacar buenos resultados en Consejeros\u201d.<\/p>\n<p style=\"font-weight: 400; text-align: justify;\">Por su parte, el alcalde Carlos Gatica se\u00f1al\u00f3 que \u201cquiero felicitar a mis camaradas, a mi diputado, que sac\u00f3 una mayor\u00eda nacional, con un gran porcentaje y m\u00e1s de 10 mil votos. Esto es muy importante, porque no tan solo se valida la figura de diputado, sino el trabajo y el reconocimiento a su labor, el trabajo en terreno, con la gente. Tambi\u00e9n se valida el trabajo de nuestro partido\u201d.<\/p>\n<p style=\"font-weight: 400; text-align: justify;\">Finalmente, el Consejero Regional electo, Eduardo Cruces, indic\u00f3 que \u201cla verdad es que estamos muy contentos con los resultados. Esta regi\u00f3n demuestra que la DC est\u00e1 viva, con cinco consejeros electos en la regi\u00f3n, lo que ser\u00e1 un gran aporte para revitalizar el partido. Quiero manifestarle a la gente que nos apoy\u00f3 que mantendremos siempre la sinton\u00eda con lo que nos demanden\u201d.<\/p>\n<\/div><\/section><\/div><div  style='height:50px' class='hr hr-invisible   avia-builder-el-6  el_after_av_one_full  el_before_av_social_share '><span class='hr-inner ' ><span class='hr-inner-style'><\/span><\/span><\/div><\/p>\n<div  class='av-social-sharing-box  avia-builder-el-7  el_after_av_hr  el_before_av_hr  '><div class='av-share-box'><h5 class='av-share-link-description av-no-toc '>Compartir esta noticia<\/h5><ul class='av-share-box-list noLightbox'><li class='av-share-link av-social-link-facebook' ><a target=\"_blank\" aria-label=\"Compartir en Facebook\" href='https:\/\/www.facebook.com\/sharer.php?u=https:\/\/radiorevelacionfm.cl\/?p=11093&#038;t=Calisto%20logra%20una%20de%20las%20mayor%C3%ADas%20m%C3%A1s%20altas%20del%20pa%C3%ADs%20y%20la%20DC%20consigue%20cinco%20cupos%20en%20el%20Consejo%20Regional' aria-hidden='false' data-av_icon='\ue8f3' data-av_iconfont='entypo-fontello' title='' data-avia-related-tooltip='Compartir en Facebook' rel=\"noopener\"><span class='avia_hidden_link_text'>Compartir en Facebook<\/span><\/a><\/li><li class='av-share-link av-social-link-twitter' ><a target=\"_blank\" aria-label=\"Compartir en Twitter\" href='https:\/\/twitter.com\/share?text=Calisto%20logra%20una%20de%20las%20mayor%C3%ADas%20m%C3%A1s%20altas%20del%20pa%C3%ADs%20y%20la%20DC%20consigue%20cinco%20cupos%20en%20el%20Consejo%20Regional&#038;url=https:\/\/radiorevelacionfm.cl\/?p=11093' aria-hidden='false' data-av_icon='\ue8f1' data-av_iconfont='entypo-fontello' title='' data-avia-related-tooltip='Compartir en Twitter' rel=\"noopener\"><span class='avia_hidden_link_text'>Compartir en Twitter<\/span><\/a><\/li><li class='av-share-link av-social-link-whatsapp' ><a target=\"_blank\" aria-label=\"Compartir en Whatsapp\" href='https:\/\/api.whatsapp.com\/send?text=https:\/\/radiorevelacionfm.cl\/?p=11093' aria-hidden='false' data-av_icon='\uf232' data-av_iconfont='entypo-fontello' title='' data-avia-related-tooltip='Compartir en Whatsapp' rel=\"noopener\"><span class='avia_hidden_link_text'>Compartir en Whatsapp<\/span><\/a><\/li><li class='av-share-link av-social-link-linkedin' ><a target=\"_blank\" aria-label=\"Compartir en LinkedIn\" href='https:\/\/linkedin.com\/shareArticle?mini=true&#038;title=Calisto%20logra%20una%20de%20las%20mayor%C3%ADas%20m%C3%A1s%20altas%20del%20pa%C3%ADs%20y%20la%20DC%20consigue%20cinco%20cupos%20en%20el%20Consejo%20Regional&#038;url=https:\/\/radiorevelacionfm.cl\/?p=11093' aria-hidden='false' data-av_icon='\ue8fc' data-av_iconfont='entypo-fontello' title='' data-avia-related-tooltip='Compartir en LinkedIn' rel=\"noopener\"><span class='avia_hidden_link_text'>Compartir en LinkedIn<\/span><\/a><\/li><li class='av-share-link av-social-link-mail' ><a  aria-label=\"Compartir por correo\" href='mailto:?subject=Calisto%20logra%20una%20de%20las%20mayor%C3%ADas%20m%C3%A1s%20altas%20del%20pa%C3%ADs%20y%20la%20DC%20consigue%20cinco%20cupos%20en%20el%20Consejo%20Regional&#038;body=https:\/\/radiorevelacionfm.cl\/?p=11093' aria-hidden='false' data-av_icon='\ue805' data-av_iconfont='entypo-fontello' title='' data-avia-related-tooltip='Compartir por correo'><span class='avia_hidden_link_text'>Compartir por correo<\/span><\/a><\/li><\/ul><\/div><\/div>\n<div  style='height:50px' class='hr hr-invisible   avia-builder-el-8  el_after_av_social_share  el_before_av_comments_list '><span class='hr-inner ' ><span class='hr-inner-style'><\/span><\/span><\/div>\n<div  class='av-buildercomment  av-blog-meta-html-info-disabled av-blog-meta-tag-disabled  '><\/div>\n","protected":false},"excerpt":{"rendered":"","protected":false},"author":1,"featured_media":11094,"comment_status":"open","ping_status":"open","sticky":false,"template":"","format":"standard","meta":{"footnotes":""},"categories":[35],"tags":[],"class_list":["post-11093","post","type-post","status-publish","format-standard","has-post-thumbnail","hentry","category-politica"],"jetpack_featured_media_url":"https:\/\/radiorevelacionfm.cl\/wp-content\/uploads\/2021\/11\/CALISTO-TRAS-ELECCION-1-1.jpg","_links":{"self":[{"href":"https:\/\/radiorevelacionfm.cl\/index.php?rest_route=\/wp\/v2\/posts\/11093","targetHints":{"allow":["GET"]}}],"collection":[{"href":"https:\/\/radiorevelacionfm.cl\/index.php?rest_route=\/wp\/v2\/posts"}],"about":[{"href":"https:\/\/radiorevelacionfm.cl\/index.php?rest_route=\/wp\/v2\/types\/post"}],"author":[{"embeddable":true,"href":"https:\/\/radiorevelacionfm.cl\/index.php?rest_route=\/wp\/v2\/users\/1"}],"replies":[{"embeddable":true,"href":"https:\/\/radiorevelacionfm.cl\/index.php?rest_route=%2Fwp%2Fv2%2Fcomments&post=11093"}],"version-history":[{"count":2,"href":"https:\/\/radiorevelacionfm.cl\/index.php?rest_route=\/wp\/v2\/posts\/11093\/revisions"}],"predecessor-version":[{"id":11096,"href":"https:\/\/radiorevelacionfm.cl\/index.php?rest_route=\/wp\/v2\/posts\/11093\/revisions\/11096"}],"wp:featuredmedia":[{"embeddable":true,"href":"https:\/\/radiorevelacionfm.cl\/index.php?rest_route=\/wp\/v2\/media\/11094"}],"wp:attachment":[{"href":"https:\/\/radiorevelacionfm.cl\/index.php?rest_route=%2Fwp%2Fv2%2Fmedia&parent=11093"}],"wp:term":[{"taxonomy":"category","embeddable":true,"href":"https:\/\/radiorevelacionfm.cl\/index.php?rest_route=%2Fwp%2Fv2%2Fcategories&post=11093"},{"taxonomy":"post_tag","embeddable":true,"href":"https:\/\/radiorevelacionfm.cl\/index.php?rest_route=%2Fwp%2Fv2%2Ftags&post=11093"}],"curies":[{"name":"wp","href":"https:\/\/api.w.org\/{rel}","templated":true}]}}