{"id":11085,"date":"2021-11-22T12:31:41","date_gmt":"2021-11-22T15:31:41","guid":{"rendered":"https:\/\/radiorevelacionfm.cl\/?p=11085"},"modified":"2021-11-22T12:31:41","modified_gmt":"2021-11-22T15:31:41","slug":"campus-patagonia-uach-realiza-proyecto-de-vinculacion-en-la-escuela-pablo-neruda-de-villa-ortega","status":"publish","type":"post","link":"https:\/\/radiorevelacionfm.cl\/?p=11085","title":{"rendered":"Campus Patagonia UACh realiza proyecto de vinculaci\u00f3n en la Escuela Pablo Neruda de Villa Ortega"},"content":{"rendered":"<div class=\"flex_column av_one_full  flex_column_div av-zero-column-padding first  avia-builder-el-0  el_before_av_one_full  avia-builder-el-first  \" style='border-radius:0px; '><div  class='avia-image-container  av-styling-    avia-builder-el-1  avia-builder-el-no-sibling  avia-align-center '  itemprop=\"image\" itemscope=\"itemscope\" itemtype=\"https:\/\/schema.org\/ImageObject\"  ><div class='avia-image-container-inner'><div class='avia-image-overlay-wrap'><img decoding=\"async\" class='wp-image-11086 avia-img-lazy-loading-not-11086 avia_image' src=\"https:\/\/radiorevelacionfm.cl\/wp-content\/uploads\/2021\/11\/Escuela-Villa-Ortega-1-1.jpg\" alt='' title='Escuela Villa Ortega (1) (1)' height=\"600\" width=\"799\"  itemprop=\"thumbnailUrl\" srcset=\"https:\/\/radiorevelacionfm.cl\/wp-content\/uploads\/2021\/11\/Escuela-Villa-Ortega-1-1.jpg 799w, https:\/\/radiorevelacionfm.cl\/wp-content\/uploads\/2021\/11\/Escuela-Villa-Ortega-1-1-300x225.jpg 300w, https:\/\/radiorevelacionfm.cl\/wp-content\/uploads\/2021\/11\/Escuela-Villa-Ortega-1-1-768x577.jpg 768w, https:\/\/radiorevelacionfm.cl\/wp-content\/uploads\/2021\/11\/Escuela-Villa-Ortega-1-1-705x529.jpg 705w, https:\/\/radiorevelacionfm.cl\/wp-content\/uploads\/2021\/11\/Escuela-Villa-Ortega-1-1-600x451.jpg 600w\" sizes=\"(max-width: 799px) 100vw, 799px\" \/><\/div><\/div><\/div><\/div><div class=\"flex_column av_one_full  flex_column_div av-zero-column-padding first  avia-builder-el-2  el_after_av_one_full  el_before_av_one_full  column-top-margin\" style='border-radius:0px; '><section class=\"av_textblock_section \"  itemscope=\"itemscope\" itemtype=\"https:\/\/schema.org\/BlogPosting\" itemprop=\"blogPost\" ><div class='avia_textblock  '   itemprop=\"text\" ><p style=\"text-align: center;\"><span style=\"font-size: 18pt;\"><strong>Campus Patagonia UACh realiza proyecto de vinculaci\u00f3n en la Escuela Pablo Neruda de Villa Ortega<\/strong><\/span><\/p>\n<div id=\"gtx-trans\" style=\"position: absolute; left: -50px; top: 4.31534px;\">\n<div class=\"gtx-trans-icon\"><\/div>\n<\/div>\n<\/div><\/section><\/div><div class=\"flex_column av_one_full  flex_column_div av-zero-column-padding first  avia-builder-el-4  el_after_av_one_full  el_before_av_hr  column-top-margin\" style='border-radius:0px; '><section class=\"av_textblock_section \"  itemscope=\"itemscope\" itemtype=\"https:\/\/schema.org\/BlogPosting\" itemprop=\"blogPost\" ><div class='avia_textblock  '   itemprop=\"text\" ><p style=\"text-align: justify;\">En el marco del Proyecto Formaci\u00f3n Inicial Docente, FID, del Ministerio de Educaci\u00f3n, la docente de la carrera Pedagog\u00eda en Educaci\u00f3n B\u00e1sica con menciones del Campus Patagonia de la Universidad Austral de Chile, Naiara Schuck, se encuentra realizando diversas capacitaciones y talleres a profesores, profesoras e integrantes de la Unidad T\u00e9cnica Pedag\u00f3gica, UTP, de la Escuela Pablo Neruda de Villa Ortega, Coyhaique.<\/p>\n<p style=\"text-align: justify;\">\u201cPor una evaluaci\u00f3n inclusiva, aut\u00e9ntica y colaborativa\u201d, es el nombre que lleva esta iniciativa y que pretende trabajar desde la importancia de evaluar en estos \u00e1mbitos, incluyendo el decreto 67 del Ministerio de Educaci\u00f3n, que tiene como prop\u00f3sito hacer de la evaluaci\u00f3n parte del proceso de ense\u00f1anza, de manera\u00a0que los estudiantes y profesores puedan sacarle el m\u00e1ximo provecho hacia el logro de contenidos y habilidades centrales de curr\u00edculum nacional. Y por otra parte, trabajar tambi\u00e9n en el decreto 83 de la misma cartera, que promueve la diversificaci\u00f3n de la ense\u00f1anza en Educaci\u00f3n B\u00e1sica y Parvularia, que aprueba criterios y orientaciones de adecuaci\u00f3n curricular para estudiantes que lo requieran, favoreciendo el aprendizaje y participaci\u00f3n de los y las estudiantes.<\/p>\n<p style=\"text-align: justify;\">Al respecto, Naiara Schuck, se\u00f1al\u00f3 que \u201cest\u00e1 siendo un proceso formativo muy enriquecedor porque m\u00e1s que realizar talleres o capacitaciones, se trata tambi\u00e9n, de un intercambio de experiencias. El grupo de profesores de la escuela es muy receptivo, participativo y abierto, lo que facilita mucho el desarrollo del trabajo, adem\u00e1s de compartir sus experiencias de a\u00f1os de servicio, entonces vamos enriqueci\u00e9ndonos juntos. El proyecto est\u00e1 enfocado en potenciar la evaluaci\u00f3n formativa, hemos estado viendo instrumentos evaluativos.\u201d<\/p>\n<p style=\"text-align: justify;\">El proyecto comenz\u00f3 a implementarse el segundo semestre del a\u00f1o 2021 y finalizar\u00e1 en el mes de diciembre certificando a los profesores y profesoras participantes de la Escuela Pablo Neruda de la localidad de Villa Ortega.<\/p>\n<p style=\"text-align: justify;\">Finalmente, la docente manifest\u00f3 que \u201cla relevancia que tiene este tipo de proyectos para los docentes de la carrera de Pedagog\u00eda es que, a parte de fortalecer el v\u00ednculo regional, es tambi\u00e9n potenciar y apoyar a los establecimientos en lo que necesiten, ya que tenemos un abanico de especialistas en la carrera y que pueden apoyar y entregar sus conocimientos.\u201d<\/p>\n<\/div><\/section><\/div><div  style='height:50px' class='hr hr-invisible   avia-builder-el-6  el_after_av_one_full  el_before_av_social_share '><span class='hr-inner ' ><span class='hr-inner-style'><\/span><\/span><\/div><\/p>\n<div  class='av-social-sharing-box  avia-builder-el-7  el_after_av_hr  el_before_av_hr  '><div class='av-share-box'><h5 class='av-share-link-description av-no-toc '>Compartir esta noticia<\/h5><ul class='av-share-box-list noLightbox'><li class='av-share-link av-social-link-facebook' ><a target=\"_blank\" aria-label=\"Compartir en Facebook\" href='https:\/\/www.facebook.com\/sharer.php?u=https:\/\/radiorevelacionfm.cl\/?p=11085&#038;t=Campus%20Patagonia%20UACh%20realiza%20proyecto%20de%20vinculaci%C3%B3n%20en%20la%20Escuela%20Pablo%20Neruda%20de%20Villa%20Ortega' aria-hidden='false' data-av_icon='\ue8f3' data-av_iconfont='entypo-fontello' title='' data-avia-related-tooltip='Compartir en Facebook' rel=\"noopener\"><span class='avia_hidden_link_text'>Compartir en Facebook<\/span><\/a><\/li><li class='av-share-link av-social-link-twitter' ><a target=\"_blank\" aria-label=\"Compartir en Twitter\" href='https:\/\/twitter.com\/share?text=Campus%20Patagonia%20UACh%20realiza%20proyecto%20de%20vinculaci%C3%B3n%20en%20la%20Escuela%20Pablo%20Neruda%20de%20Villa%20Ortega&#038;url=https:\/\/radiorevelacionfm.cl\/?p=11085' aria-hidden='false' data-av_icon='\ue8f1' data-av_iconfont='entypo-fontello' title='' data-avia-related-tooltip='Compartir en Twitter' rel=\"noopener\"><span class='avia_hidden_link_text'>Compartir en Twitter<\/span><\/a><\/li><li class='av-share-link av-social-link-whatsapp' ><a target=\"_blank\" aria-label=\"Compartir en Whatsapp\" href='https:\/\/api.whatsapp.com\/send?text=https:\/\/radiorevelacionfm.cl\/?p=11085' aria-hidden='false' data-av_icon='\uf232' data-av_iconfont='entypo-fontello' title='' data-avia-related-tooltip='Compartir en Whatsapp' rel=\"noopener\"><span class='avia_hidden_link_text'>Compartir en Whatsapp<\/span><\/a><\/li><li class='av-share-link av-social-link-linkedin' ><a target=\"_blank\" aria-label=\"Compartir en LinkedIn\" href='https:\/\/linkedin.com\/shareArticle?mini=true&#038;title=Campus%20Patagonia%20UACh%20realiza%20proyecto%20de%20vinculaci%C3%B3n%20en%20la%20Escuela%20Pablo%20Neruda%20de%20Villa%20Ortega&#038;url=https:\/\/radiorevelacionfm.cl\/?p=11085' aria-hidden='false' data-av_icon='\ue8fc' data-av_iconfont='entypo-fontello' title='' data-avia-related-tooltip='Compartir en LinkedIn' rel=\"noopener\"><span class='avia_hidden_link_text'>Compartir en LinkedIn<\/span><\/a><\/li><li class='av-share-link av-social-link-mail' ><a  aria-label=\"Compartir por correo\" href='mailto:?subject=Campus%20Patagonia%20UACh%20realiza%20proyecto%20de%20vinculaci%C3%B3n%20en%20la%20Escuela%20Pablo%20Neruda%20de%20Villa%20Ortega&#038;body=https:\/\/radiorevelacionfm.cl\/?p=11085' aria-hidden='false' data-av_icon='\ue805' data-av_iconfont='entypo-fontello' title='' data-avia-related-tooltip='Compartir por correo'><span class='avia_hidden_link_text'>Compartir por correo<\/span><\/a><\/li><\/ul><\/div><\/div>\n<div  style='height:50px' class='hr hr-invisible   avia-builder-el-8  el_after_av_social_share  el_before_av_comments_list '><span class='hr-inner ' ><span class='hr-inner-style'><\/span><\/span><\/div>\n<div  class='av-buildercomment  av-blog-meta-html-info-disabled av-blog-meta-tag-disabled  '><\/div>\n","protected":false},"excerpt":{"rendered":"","protected":false},"author":1,"featured_media":11086,"comment_status":"open","ping_status":"open","sticky":false,"template":"","format":"standard","meta":{"footnotes":""},"categories":[49],"tags":[],"class_list":["post-11085","post","type-post","status-publish","format-standard","has-post-thumbnail","hentry","category-educacion"],"jetpack_featured_media_url":"https:\/\/radiorevelacionfm.cl\/wp-content\/uploads\/2021\/11\/Escuela-Villa-Ortega-1-1.jpg","_links":{"self":[{"href":"https:\/\/radiorevelacionfm.cl\/index.php?rest_route=\/wp\/v2\/posts\/11085","targetHints":{"allow":["GET"]}}],"collection":[{"href":"https:\/\/radiorevelacionfm.cl\/index.php?rest_route=\/wp\/v2\/posts"}],"about":[{"href":"https:\/\/radiorevelacionfm.cl\/index.php?rest_route=\/wp\/v2\/types\/post"}],"author":[{"embeddable":true,"href":"https:\/\/radiorevelacionfm.cl\/index.php?rest_route=\/wp\/v2\/users\/1"}],"replies":[{"embeddable":true,"href":"https:\/\/radiorevelacionfm.cl\/index.php?rest_route=%2Fwp%2Fv2%2Fcomments&post=11085"}],"version-history":[{"count":2,"href":"https:\/\/radiorevelacionfm.cl\/index.php?rest_route=\/wp\/v2\/posts\/11085\/revisions"}],"predecessor-version":[{"id":11088,"href":"https:\/\/radiorevelacionfm.cl\/index.php?rest_route=\/wp\/v2\/posts\/11085\/revisions\/11088"}],"wp:featuredmedia":[{"embeddable":true,"href":"https:\/\/radiorevelacionfm.cl\/index.php?rest_route=\/wp\/v2\/media\/11086"}],"wp:attachment":[{"href":"https:\/\/radiorevelacionfm.cl\/index.php?rest_route=%2Fwp%2Fv2%2Fmedia&parent=11085"}],"wp:term":[{"taxonomy":"category","embeddable":true,"href":"https:\/\/radiorevelacionfm.cl\/index.php?rest_route=%2Fwp%2Fv2%2Fcategories&post=11085"},{"taxonomy":"post_tag","embeddable":true,"href":"https:\/\/radiorevelacionfm.cl\/index.php?rest_route=%2Fwp%2Fv2%2Ftags&post=11085"}],"curies":[{"name":"wp","href":"https:\/\/api.w.org\/{rel}","templated":true}]}}