{"id":11080,"date":"2021-11-22T11:47:56","date_gmt":"2021-11-22T14:47:56","guid":{"rendered":"https:\/\/radiorevelacionfm.cl\/?p=11080"},"modified":"2021-11-22T11:47:56","modified_gmt":"2021-11-22T14:47:56","slug":"rene-alinco-tras-su-reeleccion-como-diputado-mi-compromiso-es-y-sera-con-la-gente","status":"publish","type":"post","link":"https:\/\/radiorevelacionfm.cl\/?p=11080","title":{"rendered":"Ren\u00e9 Alinco tras su reelecci\u00f3n como diputado: \u201cMi compromiso es y ser\u00e1 con la gente\u201d"},"content":{"rendered":"<div class=\"flex_column av_one_full  flex_column_div av-zero-column-padding first  avia-builder-el-0  el_before_av_one_full  avia-builder-el-first  \" style='border-radius:0px; '><div  class='avia-image-container  av-styling-    avia-builder-el-1  avia-builder-el-no-sibling  avia-align-center '  itemprop=\"image\" itemscope=\"itemscope\" itemtype=\"https:\/\/schema.org\/ImageObject\"  ><div class='avia-image-container-inner'><div class='avia-image-overlay-wrap'><img decoding=\"async\" class='wp-image-11082 avia-img-lazy-loading-not-11082 avia_image' src=\"https:\/\/radiorevelacionfm.cl\/wp-content\/uploads\/2021\/11\/diputado_alinco1-1_optimized.jpg\" alt='' title='diputado_alinco1-(1)_optimized' height=\"600\" width=\"919\"  itemprop=\"thumbnailUrl\" srcset=\"https:\/\/radiorevelacionfm.cl\/wp-content\/uploads\/2021\/11\/diputado_alinco1-1_optimized.jpg 919w, https:\/\/radiorevelacionfm.cl\/wp-content\/uploads\/2021\/11\/diputado_alinco1-1_optimized-300x196.jpg 300w, https:\/\/radiorevelacionfm.cl\/wp-content\/uploads\/2021\/11\/diputado_alinco1-1_optimized-768x501.jpg 768w, https:\/\/radiorevelacionfm.cl\/wp-content\/uploads\/2021\/11\/diputado_alinco1-1_optimized-705x460.jpg 705w, https:\/\/radiorevelacionfm.cl\/wp-content\/uploads\/2021\/11\/diputado_alinco1-1_optimized-600x392.jpg 600w\" sizes=\"(max-width: 919px) 100vw, 919px\" \/><\/div><\/div><\/div><\/div><div class=\"flex_column av_one_full  flex_column_div av-zero-column-padding first  avia-builder-el-2  el_after_av_one_full  el_before_av_one_full  column-top-margin\" style='border-radius:0px; '><section class=\"av_textblock_section \"  itemscope=\"itemscope\" itemtype=\"https:\/\/schema.org\/BlogPosting\" itemprop=\"blogPost\" ><div class='avia_textblock  '   itemprop=\"text\" ><p style=\"text-align: center;\"><strong><span style=\"font-size: 18pt;\">Ren\u00e9 Alinco tras su reelecci\u00f3n como diputado: \u201cMi compromiso es y ser\u00e1 con la gente\u201d<\/span><\/strong><\/p>\n<div id=\"gtx-trans\" style=\"position: absolute; left: -50px; top: 4.31534px;\">\n<div class=\"gtx-trans-icon\"><\/div>\n<\/div>\n<\/div><\/section><\/div><div class=\"flex_column av_one_full  flex_column_div av-zero-column-padding first  avia-builder-el-4  el_after_av_one_full  el_before_av_hr  column-top-margin\" style='border-radius:0px; '><section class=\"av_textblock_section \"  itemscope=\"itemscope\" itemtype=\"https:\/\/schema.org\/BlogPosting\" itemprop=\"blogPost\" ><div class='avia_textblock  '   itemprop=\"text\" ><p style=\"text-align: justify;\">Al empezar el conteo de votos en las primeras mesas de la regi\u00f3n de Ays\u00e9n, la tendencia empez\u00f3 a marcarse, y ya se daba cuenta de la reelecci\u00f3n del diputado independiente Ren\u00e9 Alinco Bustos. Es as\u00ed, al promediar las 9 de la noche de este domingo, los medios de comunicaci\u00f3n y vecinos se acercaron a la oficina parlamentaria para conocer de primera fuente las impresiones del congresista reelecto quien a\u00fan se mostraba nervioso por el resultado pero contento por el mayor respaldo ciudadano que recibi\u00f3 en esta ocasi\u00f3n a comparaci\u00f3n de las elecciones pasadas cuando retorn\u00f3 al trabajo pol\u00edtico.<\/p>\n<p style=\"text-align: justify;\">Es as\u00ed, al pasar de los minutos ya las cifras que arrojaba el escrutinio del 40 % de las mesas en la regi\u00f3n de Ays\u00e9n y sin vuelta atr\u00e1s se marc\u00f3 la pauta de elecci\u00f3n de parlamentarios para los pr\u00f3ximos 4 a\u00f1os. \u201cEso significa que nuestro trabajo social y pol\u00edtico ha sido reconocido por la gente\u201d, indic\u00f3 el diputado reelecto a los medios de comunicaci\u00f3n.<\/p>\n<p style=\"text-align: justify;\">Y es que con una campa\u00f1a austera que contempl\u00f3 puntualmente la entrega del diario p\u00fablico de trabajo realizado por el parlamentario y su equipo, el parlamentario con segunda mayor\u00eda regional, se sinti\u00f3 orgulloso al declarar que \u201c\u2026tengan la plena confianza, porque nuestra campa\u00f1a fue autofinanciada y eso no es menor. No tengo compromiso con ninguna industria, ni del salm\u00f3n, ni la industria de la construcci\u00f3n, miner\u00eda, ni nada, mi compromiso es y ser\u00e1 con la gente\u201d, enfatiz\u00f3.<\/p>\n<p style=\"text-align: justify;\">\u201cLos compromisos establecidos tanto con el sector de la vivienda, como con la conectividad interna de nuestra regi\u00f3n van a continuar\u201d, remarc\u00f3 el parlamentario, agregando que fortalecer\u00e1 sus puntos d\u00e9biles, \u201cy para eso seguiremos recogiendo las opiniones, cr\u00edticas constructivas porque voy a entregar toda mi capacidad y experiencia al servicio de la gente sin importar si son de derecha o izquierda\u201d, sostuvo, \u201cvamos a luchar por eso\u201d, finaliz\u00f3.<\/p>\n<\/div><\/section><\/div><div  style='height:50px' class='hr hr-invisible   avia-builder-el-6  el_after_av_one_full  el_before_av_social_share '><span class='hr-inner ' ><span class='hr-inner-style'><\/span><\/span><\/div><\/p>\n<div  class='av-social-sharing-box  avia-builder-el-7  el_after_av_hr  el_before_av_hr  '><div class='av-share-box'><h5 class='av-share-link-description av-no-toc '>Compartir esta noticia<\/h5><ul class='av-share-box-list noLightbox'><li class='av-share-link av-social-link-facebook' ><a target=\"_blank\" aria-label=\"Compartir en Facebook\" href='https:\/\/www.facebook.com\/sharer.php?u=https:\/\/radiorevelacionfm.cl\/?p=11080&#038;t=Ren%C3%A9%20Alinco%20tras%20su%20reelecci%C3%B3n%20como%20diputado%3A%20%E2%80%9CMi%20compromiso%20es%20y%20ser%C3%A1%20con%20la%20gente%E2%80%9D' aria-hidden='false' data-av_icon='\ue8f3' data-av_iconfont='entypo-fontello' title='' data-avia-related-tooltip='Compartir en Facebook' rel=\"noopener\"><span class='avia_hidden_link_text'>Compartir en Facebook<\/span><\/a><\/li><li class='av-share-link av-social-link-twitter' ><a target=\"_blank\" aria-label=\"Compartir en Twitter\" href='https:\/\/twitter.com\/share?text=Ren%C3%A9%20Alinco%20tras%20su%20reelecci%C3%B3n%20como%20diputado%3A%20%E2%80%9CMi%20compromiso%20es%20y%20ser%C3%A1%20con%20la%20gente%E2%80%9D&#038;url=https:\/\/radiorevelacionfm.cl\/?p=11080' aria-hidden='false' data-av_icon='\ue8f1' data-av_iconfont='entypo-fontello' title='' data-avia-related-tooltip='Compartir en Twitter' rel=\"noopener\"><span class='avia_hidden_link_text'>Compartir en Twitter<\/span><\/a><\/li><li class='av-share-link av-social-link-whatsapp' ><a target=\"_blank\" aria-label=\"Compartir en Whatsapp\" href='https:\/\/api.whatsapp.com\/send?text=https:\/\/radiorevelacionfm.cl\/?p=11080' aria-hidden='false' data-av_icon='\uf232' data-av_iconfont='entypo-fontello' title='' data-avia-related-tooltip='Compartir en Whatsapp' rel=\"noopener\"><span class='avia_hidden_link_text'>Compartir en Whatsapp<\/span><\/a><\/li><li class='av-share-link av-social-link-linkedin' ><a target=\"_blank\" aria-label=\"Compartir en LinkedIn\" href='https:\/\/linkedin.com\/shareArticle?mini=true&#038;title=Ren%C3%A9%20Alinco%20tras%20su%20reelecci%C3%B3n%20como%20diputado%3A%20%E2%80%9CMi%20compromiso%20es%20y%20ser%C3%A1%20con%20la%20gente%E2%80%9D&#038;url=https:\/\/radiorevelacionfm.cl\/?p=11080' aria-hidden='false' data-av_icon='\ue8fc' data-av_iconfont='entypo-fontello' title='' data-avia-related-tooltip='Compartir en LinkedIn' rel=\"noopener\"><span class='avia_hidden_link_text'>Compartir en LinkedIn<\/span><\/a><\/li><li class='av-share-link av-social-link-mail' ><a  aria-label=\"Compartir por correo\" href='mailto:?subject=Ren%C3%A9%20Alinco%20tras%20su%20reelecci%C3%B3n%20como%20diputado%3A%20%E2%80%9CMi%20compromiso%20es%20y%20ser%C3%A1%20con%20la%20gente%E2%80%9D&#038;body=https:\/\/radiorevelacionfm.cl\/?p=11080' aria-hidden='false' data-av_icon='\ue805' data-av_iconfont='entypo-fontello' title='' data-avia-related-tooltip='Compartir por correo'><span class='avia_hidden_link_text'>Compartir por correo<\/span><\/a><\/li><\/ul><\/div><\/div>\n<div  style='height:50px' class='hr hr-invisible   avia-builder-el-8  el_after_av_social_share  el_before_av_comments_list '><span class='hr-inner ' ><span class='hr-inner-style'><\/span><\/span><\/div>\n<div  class='av-buildercomment  av-blog-meta-html-info-disabled av-blog-meta-tag-disabled  '><\/div>\n","protected":false},"excerpt":{"rendered":"","protected":false},"author":1,"featured_media":11082,"comment_status":"open","ping_status":"open","sticky":false,"template":"","format":"standard","meta":{"footnotes":""},"categories":[35],"tags":[],"class_list":["post-11080","post","type-post","status-publish","format-standard","has-post-thumbnail","hentry","category-politica"],"jetpack_featured_media_url":"https:\/\/radiorevelacionfm.cl\/wp-content\/uploads\/2021\/11\/diputado_alinco1-1_optimized.jpg","_links":{"self":[{"href":"https:\/\/radiorevelacionfm.cl\/index.php?rest_route=\/wp\/v2\/posts\/11080","targetHints":{"allow":["GET"]}}],"collection":[{"href":"https:\/\/radiorevelacionfm.cl\/index.php?rest_route=\/wp\/v2\/posts"}],"about":[{"href":"https:\/\/radiorevelacionfm.cl\/index.php?rest_route=\/wp\/v2\/types\/post"}],"author":[{"embeddable":true,"href":"https:\/\/radiorevelacionfm.cl\/index.php?rest_route=\/wp\/v2\/users\/1"}],"replies":[{"embeddable":true,"href":"https:\/\/radiorevelacionfm.cl\/index.php?rest_route=%2Fwp%2Fv2%2Fcomments&post=11080"}],"version-history":[{"count":2,"href":"https:\/\/radiorevelacionfm.cl\/index.php?rest_route=\/wp\/v2\/posts\/11080\/revisions"}],"predecessor-version":[{"id":11084,"href":"https:\/\/radiorevelacionfm.cl\/index.php?rest_route=\/wp\/v2\/posts\/11080\/revisions\/11084"}],"wp:featuredmedia":[{"embeddable":true,"href":"https:\/\/radiorevelacionfm.cl\/index.php?rest_route=\/wp\/v2\/media\/11082"}],"wp:attachment":[{"href":"https:\/\/radiorevelacionfm.cl\/index.php?rest_route=%2Fwp%2Fv2%2Fmedia&parent=11080"}],"wp:term":[{"taxonomy":"category","embeddable":true,"href":"https:\/\/radiorevelacionfm.cl\/index.php?rest_route=%2Fwp%2Fv2%2Fcategories&post=11080"},{"taxonomy":"post_tag","embeddable":true,"href":"https:\/\/radiorevelacionfm.cl\/index.php?rest_route=%2Fwp%2Fv2%2Ftags&post=11080"}],"curies":[{"name":"wp","href":"https:\/\/api.w.org\/{rel}","templated":true}]}}