{"id":11076,"date":"2021-11-22T11:29:52","date_gmt":"2021-11-22T14:29:52","guid":{"rendered":"https:\/\/radiorevelacionfm.cl\/?p=11076"},"modified":"2021-11-22T11:29:52","modified_gmt":"2021-11-22T14:29:52","slug":"carabineros-aysen-brinda-amplia-cobertura-y-seguridad-durante-proceso-electoral","status":"publish","type":"post","link":"https:\/\/radiorevelacionfm.cl\/?p=11076","title":{"rendered":"Carabineros Ays\u00e9n brinda amplia cobertura y seguridad durante proceso electoral"},"content":{"rendered":"<div class=\"flex_column av_one_full  flex_column_div av-zero-column-padding first  avia-builder-el-0  el_before_av_one_full  avia-builder-el-first  \" style='border-radius:0px; '><div  class='avia-image-container  av-styling-    avia-builder-el-1  avia-builder-el-no-sibling  avia-align-center '  itemprop=\"image\" itemscope=\"itemscope\" itemtype=\"https:\/\/schema.org\/ImageObject\"  ><div class='avia-image-container-inner'><div class='avia-image-overlay-wrap'><img decoding=\"async\" class='wp-image-11077 avia-img-lazy-loading-not-11077 avia_image' src=\"https:\/\/radiorevelacionfm.cl\/wp-content\/uploads\/2021\/11\/c_elecciones-1_optimized.jpg\" alt='' title='c_elecciones-(1)_optimized' height=\"600\" width=\"1067\"  itemprop=\"thumbnailUrl\" srcset=\"https:\/\/radiorevelacionfm.cl\/wp-content\/uploads\/2021\/11\/c_elecciones-1_optimized.jpg 1067w, https:\/\/radiorevelacionfm.cl\/wp-content\/uploads\/2021\/11\/c_elecciones-1_optimized-300x169.jpg 300w, https:\/\/radiorevelacionfm.cl\/wp-content\/uploads\/2021\/11\/c_elecciones-1_optimized-1030x579.jpg 1030w, https:\/\/radiorevelacionfm.cl\/wp-content\/uploads\/2021\/11\/c_elecciones-1_optimized-768x432.jpg 768w, https:\/\/radiorevelacionfm.cl\/wp-content\/uploads\/2021\/11\/c_elecciones-1_optimized-705x396.jpg 705w, https:\/\/radiorevelacionfm.cl\/wp-content\/uploads\/2021\/11\/c_elecciones-1_optimized-600x337.jpg 600w\" sizes=\"(max-width: 1067px) 100vw, 1067px\" \/><\/div><\/div><\/div><\/div><div class=\"flex_column av_one_full  flex_column_div av-zero-column-padding first  avia-builder-el-2  el_after_av_one_full  el_before_av_one_full  column-top-margin\" style='border-radius:0px; '><section class=\"av_textblock_section \"  itemscope=\"itemscope\" itemtype=\"https:\/\/schema.org\/BlogPosting\" itemprop=\"blogPost\" ><div class='avia_textblock  '   itemprop=\"text\" ><p style=\"text-align: center;\"><span style=\"font-size: 18pt;\"><b>Carabineros\u00a0<\/b><b>Ays\u00e9n\u00a0<\/b><b>brinda amplia cobertura y seguridad <\/b><b>durante\u00a0<\/b><b>proceso elec<\/b><b>toral<\/b><\/span><\/p>\n<div id=\"gtx-trans\" style=\"position: absolute; left: -50px; top: 4.31534px;\">\n<div class=\"gtx-trans-icon\"><\/div>\n<\/div>\n<\/div><\/section><\/div><div class=\"flex_column av_one_full  flex_column_div av-zero-column-padding first  avia-builder-el-4  el_after_av_one_full  el_before_av_hr  column-top-margin\" style='border-radius:0px; '><section class=\"av_textblock_section \"  itemscope=\"itemscope\" itemtype=\"https:\/\/schema.org\/BlogPosting\" itemprop=\"blogPost\" ><div class='avia_textblock  '   itemprop=\"text\" ><p style=\"text-align: justify;\">El servicio comenz\u00f3 en los d\u00edas previos con el resguardo y escolta del material electoral, resguardo de la seguridad exterior de los 37 locales junto con garantizar el acceso expedito a toda persona que lo requiera para ejercer el derecho a sufragio.<\/p>\n<p style=\"text-align: justify;\">M\u00e1s de cien Carabineros fueron desplegados a partir de las 06:30 horas en la regi\u00f3n de Ays\u00e9n, con la finalidad de resguardar la seguridad en el per\u00edmetro exterior de los 37 locales de votaci\u00f3n distribuidos en las 10 comunas a lo largo del territorio.<\/p>\n<p style=\"text-align: justify;\">El servicio comenz\u00f3 conforme a lo dispuesto por el Jefe de la XI Zona Ays\u00e9n, General Hugo Zenteno V\u00e1squez con la cuenta del personal por parte del Prefecto de Ays\u00e9n, Coronel Paulo Pino Molina, quien imparti\u00f3 las instrucciones para el resguardo del proceso.<\/p>\n<p style=\"text-align: justify;\">Por su parte el Subprefecto de los Servicios de la Prefectura de Carabineros Ays\u00e9n, Teniente Coronel Rafael Cares Sep\u00falveda, el trabajo comenz\u00f3 en los d\u00edas previos a las elecciones con el resguardo y escolta del material sensible.<\/p>\n<p style=\"text-align: justify;\">\u00abEste es un proceso que no va a terminar hoy, sino que contin\u00faa la pr\u00f3xima semana en virtud de las escoltas que se deben realizar del material sensible utilizado en las elecciones\u00bb.<\/p>\n<p style=\"text-align: justify;\">Asimismo el Oficial Jefe destac\u00f3 el comportamiento ciudadano, quienes llegaron desde primeras horas, pudiendo ejercer el derecho a sufragio sin contratiempos.<\/p>\n<p style=\"text-align: justify;\">\u00abEstamos bastante satisfechos dado que el comportamiento ciudadano ha sido ejemplar, no hemos tenido ninguna situaci\u00f3n de alteraci\u00f3n al orden p\u00fablico y no se han registrado personas detenidas por ninguna situaci\u00f3n tanto dentro como fuera de los locales de votaci\u00f3n\u00bb, expres\u00f3 el Teniente Coronel Cares.<\/p>\n<p style=\"text-align: justify;\"><strong>Vocal abandon\u00f3 mesa<\/strong><\/p>\n<p style=\"text-align: justify;\">No obstante a lo anterior, el Subprefecto de los Servicios a\u00f1adi\u00f3 que \u00aben el sector de la Segunda Comisar\u00eda, en un local de votaci\u00f3n, hay una denuncia de un vocal de mesa, quien por razones que se investigan, dej\u00f3 su puesto de trabajo y no volvi\u00f3, situaci\u00f3n que fue denunciada al Ministerio P\u00fablico por parte del jefe de local\u00bb.<\/p>\n<p style=\"text-align: justify;\">Tal como en procesos anteriores -a partir aproximadamente de las 11:00 horas- los locales de votaci\u00f3n registraron una alta afluencia de electores, entre ellos adultos mayores y personas con alg\u00fan grado de dificultad f\u00edsica o con movilidad reducida.<\/p>\n<p style=\"text-align: justify;\">\u00abComo Instituci\u00f3n realizamos nuestras acciones para facilitar el acceso a ejercer su derecho a sufragio y, en ese sentido, nosotros debemos contribuir a que esas personas logren acceder a los locales de votaci\u00f3n de manera r\u00e1pida y sin inconvenientes. Tenemos la responsabilidad no solo de dar igualdad a las personas, sino la equidad suficiente para que puedan ejercer su derecho a voto\u00bb, resalt\u00f3 el Teniente Coronel Rafael Cares.<\/p>\n<p style=\"text-align: justify;\"><strong>Encuentran billetera<\/strong><\/p>\n<p style=\"text-align: justify;\">En otro \u00e1mbito, en horas de la tarde durante el servicio de elecciones, el Subprefecto Administrativo de la Prefectura de Carabineros Ays\u00e9n, Teniente Coronel Cristian Morgenstern, en el contexto de un patrullaje con motivo del \u00abservicio de elecciones\u00bb, encontr\u00f3 en plena v\u00eda p\u00fablica una billetera con dinero en efectivo -en diversas denominaciones- tarjetas bancarias y documentos personales.<\/p>\n<p style=\"text-align: justify;\">Al interior de dicha billetera, el Oficial Jefe ubic\u00f3 un n\u00famero telef\u00f3nico a trav\u00e9s del cual y luego de diversas gestiones -por intermedio de la Central de Comunicaciones (Cenco)- se logr\u00f3 establecer contacto con la propietaria, quien hasta ese momento no se hab\u00eda percatado del extrav\u00edo del portadocumentos, tras lo cual concurri\u00f3 hasta la Primera Comisar\u00eda de Coyhaique, lugar donde el personal hizo entrega de las pertenencias de manera \u00edntegra a su propietaria, quien reside en un sector rural de la comuna, la cual agradeci\u00f3 y valor\u00f3 la acci\u00f3n que le permiti\u00f3 recuperar sus especies personales.<\/p>\n<p style=\"text-align: justify;\">Paralelamente en Puerto Ays\u00e9n, luego de m\u00faltiples gestiones, Carabineros de la Segunda Comisar\u00eda recuper\u00f3 una c\u00e9dula de identidad perteneciente a un adulto mayor, la cual hab\u00eda sido entregada en forma err\u00f3nea a otra persona en un local de votaci\u00f3n.<\/p>\n<p style=\"text-align: justify;\">Carabineros contin\u00faa a esta hora el desarrollo del servicio, el cual se extender\u00e1 hasta horas despu\u00e9s de finalizado el proceso de conteo de votos, resguardando la seguridad con posterioridad al t\u00e9rmino de este hist\u00f3rico proceso electoral.<\/p>\n<\/div><\/section><\/div><div  style='height:50px' class='hr hr-invisible   avia-builder-el-6  el_after_av_one_full  el_before_av_social_share '><span class='hr-inner ' ><span class='hr-inner-style'><\/span><\/span><\/div><\/p>\n<div  class='av-social-sharing-box  avia-builder-el-7  el_after_av_hr  el_before_av_hr  '><div class='av-share-box'><h5 class='av-share-link-description av-no-toc '>Compartir esta noticia<\/h5><ul class='av-share-box-list noLightbox'><li class='av-share-link av-social-link-facebook' ><a target=\"_blank\" aria-label=\"Compartir en Facebook\" href='https:\/\/www.facebook.com\/sharer.php?u=https:\/\/radiorevelacionfm.cl\/?p=11076&#038;t=Carabineros%20Ays%C3%A9n%20brinda%20amplia%20cobertura%20y%20seguridad%20durante%20proceso%20electoral' aria-hidden='false' data-av_icon='\ue8f3' data-av_iconfont='entypo-fontello' title='' data-avia-related-tooltip='Compartir en Facebook' rel=\"noopener\"><span class='avia_hidden_link_text'>Compartir en Facebook<\/span><\/a><\/li><li class='av-share-link av-social-link-twitter' ><a target=\"_blank\" aria-label=\"Compartir en Twitter\" href='https:\/\/twitter.com\/share?text=Carabineros%20Ays%C3%A9n%20brinda%20amplia%20cobertura%20y%20seguridad%20durante%20proceso%20electoral&#038;url=https:\/\/radiorevelacionfm.cl\/?p=11076' aria-hidden='false' data-av_icon='\ue8f1' data-av_iconfont='entypo-fontello' title='' data-avia-related-tooltip='Compartir en Twitter' rel=\"noopener\"><span class='avia_hidden_link_text'>Compartir en Twitter<\/span><\/a><\/li><li class='av-share-link av-social-link-whatsapp' ><a target=\"_blank\" aria-label=\"Compartir en Whatsapp\" href='https:\/\/api.whatsapp.com\/send?text=https:\/\/radiorevelacionfm.cl\/?p=11076' aria-hidden='false' data-av_icon='\uf232' data-av_iconfont='entypo-fontello' title='' data-avia-related-tooltip='Compartir en Whatsapp' rel=\"noopener\"><span class='avia_hidden_link_text'>Compartir en Whatsapp<\/span><\/a><\/li><li class='av-share-link av-social-link-linkedin' ><a target=\"_blank\" aria-label=\"Compartir en LinkedIn\" href='https:\/\/linkedin.com\/shareArticle?mini=true&#038;title=Carabineros%20Ays%C3%A9n%20brinda%20amplia%20cobertura%20y%20seguridad%20durante%20proceso%20electoral&#038;url=https:\/\/radiorevelacionfm.cl\/?p=11076' aria-hidden='false' data-av_icon='\ue8fc' data-av_iconfont='entypo-fontello' title='' data-avia-related-tooltip='Compartir en LinkedIn' rel=\"noopener\"><span class='avia_hidden_link_text'>Compartir en LinkedIn<\/span><\/a><\/li><li class='av-share-link av-social-link-mail' ><a  aria-label=\"Compartir por correo\" href='mailto:?subject=Carabineros%20Ays%C3%A9n%20brinda%20amplia%20cobertura%20y%20seguridad%20durante%20proceso%20electoral&#038;body=https:\/\/radiorevelacionfm.cl\/?p=11076' aria-hidden='false' data-av_icon='\ue805' data-av_iconfont='entypo-fontello' title='' data-avia-related-tooltip='Compartir por correo'><span class='avia_hidden_link_text'>Compartir por correo<\/span><\/a><\/li><\/ul><\/div><\/div>\n<div  style='height:50px' class='hr hr-invisible   avia-builder-el-8  el_after_av_social_share  el_before_av_comments_list '><span class='hr-inner ' ><span class='hr-inner-style'><\/span><\/span><\/div>\n<div  class='av-buildercomment  av-blog-meta-html-info-disabled av-blog-meta-tag-disabled  '><\/div>\n","protected":false},"excerpt":{"rendered":"","protected":false},"author":1,"featured_media":11077,"comment_status":"open","ping_status":"open","sticky":false,"template":"","format":"standard","meta":{"footnotes":""},"categories":[36],"tags":[],"class_list":["post-11076","post","type-post","status-publish","format-standard","has-post-thumbnail","hentry","category-policial"],"jetpack_featured_media_url":"https:\/\/radiorevelacionfm.cl\/wp-content\/uploads\/2021\/11\/c_elecciones-1_optimized.jpg","_links":{"self":[{"href":"https:\/\/radiorevelacionfm.cl\/index.php?rest_route=\/wp\/v2\/posts\/11076","targetHints":{"allow":["GET"]}}],"collection":[{"href":"https:\/\/radiorevelacionfm.cl\/index.php?rest_route=\/wp\/v2\/posts"}],"about":[{"href":"https:\/\/radiorevelacionfm.cl\/index.php?rest_route=\/wp\/v2\/types\/post"}],"author":[{"embeddable":true,"href":"https:\/\/radiorevelacionfm.cl\/index.php?rest_route=\/wp\/v2\/users\/1"}],"replies":[{"embeddable":true,"href":"https:\/\/radiorevelacionfm.cl\/index.php?rest_route=%2Fwp%2Fv2%2Fcomments&post=11076"}],"version-history":[{"count":2,"href":"https:\/\/radiorevelacionfm.cl\/index.php?rest_route=\/wp\/v2\/posts\/11076\/revisions"}],"predecessor-version":[{"id":11079,"href":"https:\/\/radiorevelacionfm.cl\/index.php?rest_route=\/wp\/v2\/posts\/11076\/revisions\/11079"}],"wp:featuredmedia":[{"embeddable":true,"href":"https:\/\/radiorevelacionfm.cl\/index.php?rest_route=\/wp\/v2\/media\/11077"}],"wp:attachment":[{"href":"https:\/\/radiorevelacionfm.cl\/index.php?rest_route=%2Fwp%2Fv2%2Fmedia&parent=11076"}],"wp:term":[{"taxonomy":"category","embeddable":true,"href":"https:\/\/radiorevelacionfm.cl\/index.php?rest_route=%2Fwp%2Fv2%2Fcategories&post=11076"},{"taxonomy":"post_tag","embeddable":true,"href":"https:\/\/radiorevelacionfm.cl\/index.php?rest_route=%2Fwp%2Fv2%2Ftags&post=11076"}],"curies":[{"name":"wp","href":"https:\/\/api.w.org\/{rel}","templated":true}]}}