{"id":11072,"date":"2021-11-22T10:57:57","date_gmt":"2021-11-22T13:57:57","guid":{"rendered":"https:\/\/radiorevelacionfm.cl\/?p=11072"},"modified":"2021-11-22T10:57:57","modified_gmt":"2021-11-22T13:57:57","slug":"primer-encuentro-de-monitoreo-participativo-en-areas-silvestres-protegidas-del-estado-de-la-region-de-aysen","status":"publish","type":"post","link":"https:\/\/radiorevelacionfm.cl\/?p=11072","title":{"rendered":"Primer encuentro de monitoreo participativo en \u00c1reas Silvestres Protegidas del Estado de la Regi\u00f3n de Ays\u00e9n"},"content":{"rendered":"<div class=\"flex_column av_one_full  flex_column_div av-zero-column-padding first  avia-builder-el-0  el_before_av_one_full  avia-builder-el-first  \" style='border-radius:0px; '><div  class='avia-image-container  av-styling-    avia-builder-el-1  avia-builder-el-no-sibling  avia-align-center '  itemprop=\"image\" itemscope=\"itemscope\" itemtype=\"https:\/\/schema.org\/ImageObject\"  ><div class='avia-image-container-inner'><div class='avia-image-overlay-wrap'><img decoding=\"async\" class='wp-image-11073 avia-img-lazy-loading-not-11073 avia_image' src=\"https:\/\/radiorevelacionfm.cl\/wp-content\/uploads\/2021\/11\/monitoreo-2a-1_optimized.jpg\" alt='' title='monitoreo-2a-(1)_optimized' height=\"600\" width=\"938\"  itemprop=\"thumbnailUrl\" srcset=\"https:\/\/radiorevelacionfm.cl\/wp-content\/uploads\/2021\/11\/monitoreo-2a-1_optimized.jpg 938w, https:\/\/radiorevelacionfm.cl\/wp-content\/uploads\/2021\/11\/monitoreo-2a-1_optimized-300x192.jpg 300w, https:\/\/radiorevelacionfm.cl\/wp-content\/uploads\/2021\/11\/monitoreo-2a-1_optimized-768x491.jpg 768w, https:\/\/radiorevelacionfm.cl\/wp-content\/uploads\/2021\/11\/monitoreo-2a-1_optimized-705x451.jpg 705w, https:\/\/radiorevelacionfm.cl\/wp-content\/uploads\/2021\/11\/monitoreo-2a-1_optimized-600x384.jpg 600w\" sizes=\"(max-width: 938px) 100vw, 938px\" \/><\/div><\/div><\/div><\/div><div class=\"flex_column av_one_full  flex_column_div av-zero-column-padding first  avia-builder-el-2  el_after_av_one_full  el_before_av_one_full  column-top-margin\" style='border-radius:0px; '><section class=\"av_textblock_section \"  itemscope=\"itemscope\" itemtype=\"https:\/\/schema.org\/BlogPosting\" itemprop=\"blogPost\" ><div class='avia_textblock  '   itemprop=\"text\" ><p style=\"text-align: center;\"><strong><span style=\"font-size: 18pt;\">Primer encuentro de monitoreo participativo en \u00c1reas Silvestres Protegidas del Estado de la Regi\u00f3n de Ays\u00e9n<\/span><\/strong><\/p>\n<div id=\"gtx-trans\" style=\"position: absolute; left: -50px; top: 4.31534px;\">\n<div class=\"gtx-trans-icon\"><\/div>\n<\/div>\n<\/div><\/section><\/div><div class=\"flex_column av_one_full  flex_column_div av-zero-column-padding first  avia-builder-el-4  el_after_av_one_full  el_before_av_hr  column-top-margin\" style='border-radius:0px; '><section class=\"av_textblock_section \"  itemscope=\"itemscope\" itemtype=\"https:\/\/schema.org\/BlogPosting\" itemprop=\"blogPost\" ><div class='avia_textblock  '   itemprop=\"text\" ><p style=\"text-align: justify;\">El Monumento Natural Dos Lagunas y la Reserva Nacional R\u00edo Simpson fueron los lugares elegidos esta vez para participar del primer monitoreo participativo hecho en la regi\u00f3n, impulsado por la Corporaci\u00f3n Nacional Forestal (CONAF), y que estuvo enfocado en establecimientos educacionales, fomentando en las y los estudiantes la importancia de la conservaci\u00f3n y el cuidado del medio ambiente.<\/p>\n<p style=\"text-align: justify;\">En esta iniciativa estuvieron el Colegio Alianza Austral y Escuela Las Nieves en el Monumento Natural Dos Lagunas, y el Colegio Santa Teresa en conjunto con el Liceo Ra\u00fal Broussain Campino en la Reserva Nacional R\u00edo Simpson.<\/p>\n<p style=\"text-align: justify;\">Las cuatro comunidades educativas tuvieron la oportunidad de utilizar la plataforma cient\u00edfica i-Naturalist, que permite canalizar hacia una base de datos abierta los registros de observaciones de especies de plantas, animales u hongos en alguna zona determinada, en este caso, hacia los 10 proyectos creados por la Corporaci\u00f3n Nacional Forestal (CONAF) en las \u00c1reas Silvestres Protegidas de la Regi\u00f3n de Ays\u00e9n.<\/p>\n<p style=\"text-align: justify;\">Esta iniciativa se efectu\u00f3 con el Sistema Integrado de Monitoreo de Ecosistemas Forestales Nativos (SIMEF), programa del Ministerio de Agricultura, que ejecuta el Instituto Forestal (INFOR), con el apoyo de la Corporaci\u00f3n Nacional Forestal (CONAF) y el Centro de Informaci\u00f3n de Recursos Naturales (CIREN).<\/p>\n<p style=\"text-align: justify;\">El SIMEF es una plataforma digital que entrega informaci\u00f3n actualizada sobre el estado de situaci\u00f3n de ecosistemas forestales nativos de pa\u00eds. En el monitoreo participativo, esta entidad busca impulsar y apoyar iniciativas de monitoreo basado en la metodolog\u00eda de ciencia ciudadana, la cual busca compartir y reunir conocimientos con la comunidad cient\u00edfica para avanzar colaborativamente en el cuidado y protecci\u00f3n de los ecosistemas forestales. Y es aqu\u00ed donde entra la comunidad, porque ellos aportan a esta informaci\u00f3n cient\u00edfica.<\/p>\n<p style=\"text-align: justify;\">Las \u00c1reas Silvestres Protegidas de Ays\u00e9n son las \u00e1reas pilotos donde CONAF se encuentra implementando este monitoreo participativo, con esta plataforma internacional, con el objetivo que la evaluaci\u00f3n que se haga de esta experiencia, se pueda replicar en todas las regiones del pa\u00eds en las \u00e1reas silvestres protegidas que CONAF tiene a su cargo.<\/p>\n<p style=\"text-align: justify;\">\u201cComo SIMEF y como INFOR la idea del monitoreo participativo es justamente potenciar esta herramienta, porque consideramos que es eficaz para promover un cambio social y cultural que fomente la conservaci\u00f3n de la biodiversidad en el pa\u00eds, as\u00ed que he estado muy contento de los resultados de la participaci\u00f3n de los estudiantes en estos dos d\u00edas de actividades de monitoreo participativo. Esperamos que CONAF siga en esta senda tambi\u00e9n, porque es importante que a trav\u00e9s de sus \u00e1reas protegidas tambi\u00e9n se d\u00e9 a conocer la importancia de la biodiversidad que contienen estas \u00e1reas y que puedan sumar a las personas a que hagan ciencia ciudadana, realicen monitoreos participativos, para incluirlos e involucrarlos de mejor forma a la hora de conservar y manejar mejor nuestro bosque nativo\u201d, indic\u00f3 Richard Vel\u00e1squez, profesional del SIMEF, entidad que participa en esta experiencia.<\/p>\n<p style=\"text-align: justify;\">Por su parte, la jefa de Conservaci\u00f3n de Biodiversidad del Departamento de \u00c1reas Silvestres Protegidas de la Regi\u00f3n de Ays\u00e9n, Andrea Bahamonde Valenzuela, se mostr\u00f3 muy contenta de poder difundir estos proyectos creados para que sean un aporte a la conservaci\u00f3n de la biodiversidad presente las diferentes unidades.<\/p>\n<p style=\"text-align: justify;\">\u201cEstos cuatro establecimientos educacionales fueron el punto de inicio de esta difusi\u00f3n, lo que fue una muy buena experiencia, ya que los estudiantes pudieron observar la naturaleza con otra perspectiva y, con ello, contribuir en los proyectos de Biodiversidad del Monumento Natural Dos Lagunas y de la Reserva Nacional R\u00edo Simpson a trav\u00e9s de sus fotograf\u00edas tomadas en la actividad. Pensamos replicar este tipo de actividades en otras comunas de la regi\u00f3n, incorporando a la comunidad local, sociedad civil y establecimientos educacionales, con la finalidad que todos seamos naturalistas y aportemos al cuidado del patrimonio natural que posee la regi\u00f3n\u201d, se\u00f1al\u00f3 Bahamonde.<\/p>\n<\/div><\/section><\/div><div  style='height:50px' class='hr hr-invisible   avia-builder-el-6  el_after_av_one_full  el_before_av_social_share '><span class='hr-inner ' ><span class='hr-inner-style'><\/span><\/span><\/div><\/p>\n<div  class='av-social-sharing-box  avia-builder-el-7  el_after_av_hr  el_before_av_hr  '><div class='av-share-box'><h5 class='av-share-link-description av-no-toc '>Compartir esta noticia<\/h5><ul class='av-share-box-list noLightbox'><li class='av-share-link av-social-link-facebook' ><a target=\"_blank\" aria-label=\"Compartir en Facebook\" href='https:\/\/www.facebook.com\/sharer.php?u=https:\/\/radiorevelacionfm.cl\/?p=11072&#038;t=Primer%20encuentro%20de%20monitoreo%20participativo%20en%20%C3%81reas%20Silvestres%20Protegidas%20del%20Estado%20de%20la%20Regi%C3%B3n%20de%20Ays%C3%A9n' aria-hidden='false' data-av_icon='\ue8f3' data-av_iconfont='entypo-fontello' title='' data-avia-related-tooltip='Compartir en Facebook' rel=\"noopener\"><span class='avia_hidden_link_text'>Compartir en Facebook<\/span><\/a><\/li><li class='av-share-link av-social-link-twitter' ><a target=\"_blank\" aria-label=\"Compartir en Twitter\" href='https:\/\/twitter.com\/share?text=Primer%20encuentro%20de%20monitoreo%20participativo%20en%20%C3%81reas%20Silvestres%20Protegidas%20del%20Estado%20de%20la%20Regi%C3%B3n%20de%20Ays%C3%A9n&#038;url=https:\/\/radiorevelacionfm.cl\/?p=11072' aria-hidden='false' data-av_icon='\ue8f1' data-av_iconfont='entypo-fontello' title='' data-avia-related-tooltip='Compartir en Twitter' rel=\"noopener\"><span class='avia_hidden_link_text'>Compartir en Twitter<\/span><\/a><\/li><li class='av-share-link av-social-link-whatsapp' ><a target=\"_blank\" aria-label=\"Compartir en Whatsapp\" href='https:\/\/api.whatsapp.com\/send?text=https:\/\/radiorevelacionfm.cl\/?p=11072' aria-hidden='false' data-av_icon='\uf232' data-av_iconfont='entypo-fontello' title='' data-avia-related-tooltip='Compartir en Whatsapp' rel=\"noopener\"><span class='avia_hidden_link_text'>Compartir en Whatsapp<\/span><\/a><\/li><li class='av-share-link av-social-link-linkedin' ><a target=\"_blank\" aria-label=\"Compartir en LinkedIn\" href='https:\/\/linkedin.com\/shareArticle?mini=true&#038;title=Primer%20encuentro%20de%20monitoreo%20participativo%20en%20%C3%81reas%20Silvestres%20Protegidas%20del%20Estado%20de%20la%20Regi%C3%B3n%20de%20Ays%C3%A9n&#038;url=https:\/\/radiorevelacionfm.cl\/?p=11072' aria-hidden='false' data-av_icon='\ue8fc' data-av_iconfont='entypo-fontello' title='' data-avia-related-tooltip='Compartir en LinkedIn' rel=\"noopener\"><span class='avia_hidden_link_text'>Compartir en LinkedIn<\/span><\/a><\/li><li class='av-share-link av-social-link-mail' ><a  aria-label=\"Compartir por correo\" href='mailto:?subject=Primer%20encuentro%20de%20monitoreo%20participativo%20en%20%C3%81reas%20Silvestres%20Protegidas%20del%20Estado%20de%20la%20Regi%C3%B3n%20de%20Ays%C3%A9n&#038;body=https:\/\/radiorevelacionfm.cl\/?p=11072' aria-hidden='false' data-av_icon='\ue805' data-av_iconfont='entypo-fontello' title='' data-avia-related-tooltip='Compartir por correo'><span class='avia_hidden_link_text'>Compartir por correo<\/span><\/a><\/li><\/ul><\/div><\/div>\n<div  style='height:50px' class='hr hr-invisible   avia-builder-el-8  el_after_av_social_share  el_before_av_comments_list '><span class='hr-inner ' ><span class='hr-inner-style'><\/span><\/span><\/div>\n<div  class='av-buildercomment  av-blog-meta-html-info-disabled av-blog-meta-tag-disabled  '><\/div>\n","protected":false},"excerpt":{"rendered":"","protected":false},"author":1,"featured_media":11073,"comment_status":"open","ping_status":"open","sticky":false,"template":"","format":"standard","meta":{"footnotes":""},"categories":[39],"tags":[],"class_list":["post-11072","post","type-post","status-publish","format-standard","has-post-thumbnail","hentry","category-medio-ambiente"],"jetpack_featured_media_url":"https:\/\/radiorevelacionfm.cl\/wp-content\/uploads\/2021\/11\/monitoreo-2a-1_optimized.jpg","_links":{"self":[{"href":"https:\/\/radiorevelacionfm.cl\/index.php?rest_route=\/wp\/v2\/posts\/11072","targetHints":{"allow":["GET"]}}],"collection":[{"href":"https:\/\/radiorevelacionfm.cl\/index.php?rest_route=\/wp\/v2\/posts"}],"about":[{"href":"https:\/\/radiorevelacionfm.cl\/index.php?rest_route=\/wp\/v2\/types\/post"}],"author":[{"embeddable":true,"href":"https:\/\/radiorevelacionfm.cl\/index.php?rest_route=\/wp\/v2\/users\/1"}],"replies":[{"embeddable":true,"href":"https:\/\/radiorevelacionfm.cl\/index.php?rest_route=%2Fwp%2Fv2%2Fcomments&post=11072"}],"version-history":[{"count":2,"href":"https:\/\/radiorevelacionfm.cl\/index.php?rest_route=\/wp\/v2\/posts\/11072\/revisions"}],"predecessor-version":[{"id":11075,"href":"https:\/\/radiorevelacionfm.cl\/index.php?rest_route=\/wp\/v2\/posts\/11072\/revisions\/11075"}],"wp:featuredmedia":[{"embeddable":true,"href":"https:\/\/radiorevelacionfm.cl\/index.php?rest_route=\/wp\/v2\/media\/11073"}],"wp:attachment":[{"href":"https:\/\/radiorevelacionfm.cl\/index.php?rest_route=%2Fwp%2Fv2%2Fmedia&parent=11072"}],"wp:term":[{"taxonomy":"category","embeddable":true,"href":"https:\/\/radiorevelacionfm.cl\/index.php?rest_route=%2Fwp%2Fv2%2Fcategories&post=11072"},{"taxonomy":"post_tag","embeddable":true,"href":"https:\/\/radiorevelacionfm.cl\/index.php?rest_route=%2Fwp%2Fv2%2Ftags&post=11072"}],"curies":[{"name":"wp","href":"https:\/\/api.w.org\/{rel}","templated":true}]}}