{"id":11060,"date":"2021-11-20T19:27:24","date_gmt":"2021-11-20T22:27:24","guid":{"rendered":"https:\/\/radiorevelacionfm.cl\/?p=11060"},"modified":"2021-11-20T19:27:24","modified_gmt":"2021-11-20T22:27:24","slug":"en-la-junta-se-realiza-encuentro-regional-de-la-mesa-de-jovenes-rurales-de-aysen","status":"publish","type":"post","link":"https:\/\/radiorevelacionfm.cl\/?p=11060","title":{"rendered":"En la Junta se realiza encuentro regional de la Mesa de J\u00f3venes Rurales de Ays\u00e9n"},"content":{"rendered":"<div class=\"flex_column av_one_full  flex_column_div av-zero-column-padding first  avia-builder-el-0  el_before_av_one_full  avia-builder-el-first  \" style='border-radius:0px; '><div  class='avia-image-container  av-styling-    avia-builder-el-1  avia-builder-el-no-sibling  avia-align-center '  itemprop=\"image\" itemscope=\"itemscope\" itemtype=\"https:\/\/schema.org\/ImageObject\"  ><div class='avia-image-container-inner'><div class='avia-image-overlay-wrap'><img decoding=\"async\" class='wp-image-11061 avia-img-lazy-loading-not-11061 avia_image' src=\"https:\/\/radiorevelacionfm.cl\/wp-content\/uploads\/2021\/11\/Encuentro-La-Junta0-1-1.jpg\" alt='' title='Encuentro La Junta0 (1) (1)' height=\"600\" width=\"900\"  itemprop=\"thumbnailUrl\" srcset=\"https:\/\/radiorevelacionfm.cl\/wp-content\/uploads\/2021\/11\/Encuentro-La-Junta0-1-1.jpg 900w, https:\/\/radiorevelacionfm.cl\/wp-content\/uploads\/2021\/11\/Encuentro-La-Junta0-1-1-300x200.jpg 300w, https:\/\/radiorevelacionfm.cl\/wp-content\/uploads\/2021\/11\/Encuentro-La-Junta0-1-1-768x512.jpg 768w, https:\/\/radiorevelacionfm.cl\/wp-content\/uploads\/2021\/11\/Encuentro-La-Junta0-1-1-705x470.jpg 705w, https:\/\/radiorevelacionfm.cl\/wp-content\/uploads\/2021\/11\/Encuentro-La-Junta0-1-1-600x400.jpg 600w\" sizes=\"(max-width: 900px) 100vw, 900px\" \/><\/div><\/div><\/div><\/div><div class=\"flex_column av_one_full  flex_column_div av-zero-column-padding first  avia-builder-el-2  el_after_av_one_full  el_before_av_one_full  column-top-margin\" style='border-radius:0px; '><section class=\"av_textblock_section \"  itemscope=\"itemscope\" itemtype=\"https:\/\/schema.org\/BlogPosting\" itemprop=\"blogPost\" ><div class='avia_textblock  '   itemprop=\"text\" ><p style=\"text-align: center;\"><strong><span style=\"font-size: 18pt;\">En la Junta se realiza encuentro regional de la Mesa de J\u00f3venes Rurales de Ays\u00e9n<\/span><\/strong><\/p>\n<div id=\"gtx-trans\" style=\"position: absolute; left: -50px; top: 4.31534px;\">\n<div class=\"gtx-trans-icon\"><\/div>\n<\/div>\n<\/div><\/section><\/div><div class=\"flex_column av_one_full  flex_column_div av-zero-column-padding first  avia-builder-el-4  el_after_av_one_full  el_before_av_hr  column-top-margin\" style='border-radius:0px; '><section class=\"av_textblock_section \"  itemscope=\"itemscope\" itemtype=\"https:\/\/schema.org\/BlogPosting\" itemprop=\"blogPost\" ><div class='avia_textblock  '   itemprop=\"text\" ><p style=\"text-align: justify;\">Hasta el predio de don\u00a0<em>\u201c<strong>Tito Altamirano\u201d <\/strong><\/em>en la localidad de La Junta llegaron desde distintos puntos de la regi\u00f3n, los integrantes de la Mesa de J\u00f3venes Rurales de la regi\u00f3n de Ays\u00e9n para dialogar, conocer instrumentos del agro y compartir experiencias con el fin de fortalecer el trabajo asociativo del sector.<\/p>\n<p style=\"text-align: justify;\">Con la m\u00fasica de su guitarra y la historia de la construcci\u00f3n de su propio puente que le permiti\u00f3 progreso y desarrollo, don \u201cTito\u201d Altamirano, productor ganadero y de Turismo Rural, recibi\u00f3 a los asistentes provenientes de: Cerro Galera, Valle Simpson, R\u00edo Ib\u00e1\u00f1ez, La Junta y Coyhaique, entre otros lugares, quienes se maravillaron con la historia de tes\u00f3n y esfuerzo.<\/p>\n<p style=\"text-align: justify;\">\u201cEstamos a pocos kil\u00f3metros de La Junta, en el Predio de Don \u201cTito\u201d Altamirano, compartiendo una nueva reuni\u00f3n de la Mesa de J\u00f3venes Rurales, lo que era una anhelo de los j\u00f3venes integrantes de la Mesa, como es conocer la experiencia en ganader\u00eda, desarrollo hortofrut\u00edcola e innovaci\u00f3n de esta localidad. La idea era que conocieran la Lecher\u00eda de la Junta y tambi\u00e9n aprovechar el tiempo para conversar de distintas tem\u00e1ticas que son de inter\u00e9s de los j\u00f3venes, que nos han planteado y desde el Ministerio de Agricultura, tambi\u00e9n poder dar a conocer los concursos que est\u00e1n disponibles para fomentar inversi\u00f3n productiva en el sector rural\u201d, indic\u00f3 Felipe Henr\u00edquez Raglianti, Seremi de Agricultura.<\/p>\n<p style=\"text-align: justify;\">Durante la jornada tambi\u00e9n el m\u00e9dico veterinario Sergio Casanova, profesional del SAG de la Junta, realiz\u00f3 una presentaci\u00f3n respecto de la problem\u00e1tica del ataque de perros depredadores al ganado, lo que determin\u00f3 tambi\u00e9n el inter\u00e9s de los j\u00f3venes de poder agendar reuniones con las autoridades locales para abordar dicha problem\u00e1tica, la cual \u00a0por largos a\u00f1os ha afectado a los productores ganaderos.<\/p>\n<p style=\"text-align: justify;\">Por su parte el Jefe de \u00c1rea de la Junta, Juan Pablo Luzzi, en representaci\u00f3n del Director regional de INDAP, indic\u00f3: \u201cHemos visto como a algunos j\u00f3venes les han dado ganas de volver al campo porque \u00e9ste tiene mejor rentabilidad, siempre est\u00e1 la posibilidad y nosotros como INDAP siempre vamos a estar llanos a a que el campo se renueve y que la sangre nueva no se vaya a la ciudad, sino se quede en el campo\u201d, enfatiz\u00f3.<\/p>\n<p style=\"text-align: justify;\">El encuentro tambi\u00e9n cont\u00f3 con la presentaci\u00f3n de la profesional de apoyo de la Seremi de Agricultura Mary Schmidt, quien expuso sobre el Fondo de Transferencia Fortalecimiento a la Inversi\u00f3n Hortofrut\u00edcola, financiado por el FNDR y ejecutado a trav\u00e9s del Fondo de Inversiones PDI de INDAP, el cual busca contribuir a mejorar y aumentar el volumen de producci\u00f3n de los productos hortofrut\u00edcolas de la regi\u00f3n de Ays\u00e9n.<\/p>\n<p style=\"text-align: justify;\">El concurso \u00a0enfocado a\u00a0 usuarios del INDAP que correspondan al segmento II y III y productores hortofrut\u00edcolas NO INDAP, en lo espec\u00edfico, busca fomentar la promoci\u00f3n de productos hortofrut\u00edcolas regionales, generar promoci\u00f3n en ferias productivas y apostar a un plan de difusi\u00f3n.<\/p>\n<p style=\"text-align: justify;\">Cabe destacar que este concurso estar\u00e1 abierto hasta el 26 de noviembre de este a\u00f1o, y los interesados pueden realizar sus postulaciones en las respectivas Agencias de \u00c1reas de INDAP.<\/p>\n<p style=\"text-align: justify;\"><strong>Conociendo nuevas experiencias y afianzando lazos<\/strong><\/p>\n<p style=\"text-align: justify;\">Por otra parte, los j\u00f3venes rurales, tambi\u00e9n se dieron el tiempo de poder conocer otros emprendimientos silvoagropecuarios de la localidad de La Junta. Como es la visita al predio de la joven rural Constanza Schenke en el sector del Valle Mirta, donde los j\u00f3venes pudieron conocer el trabajo familiar de Constanza con sus pap\u00e1s, su producci\u00f3n de frutillas, producci\u00f3n de hortalizas y ganader\u00eda.<\/p>\n<p style=\"text-align: justify;\">En tanto la segunda visita fue a la lecher\u00eda y queser\u00eda de La Junta de Cristian Gallardo, donde pudieron conocer de la voz del productor su historia de esfuerzo y sacrificio, que lo llev\u00f3 a impulsar este emprendimiento tan reconocido a nivel regional.<\/p>\n<p style=\"text-align: justify;\">Cabe destacar que uno de los mayores logros de esta gira, fue poder compartir con los j\u00f3venes rurales de la localidad, donde se estableci\u00f3 un nexo de comunicaci\u00f3n con proyecci\u00f3n, el que permitir\u00e1 fortalecer sin duda la red de j\u00f3venes rurales de la regi\u00f3n.<\/p>\n<p style=\"text-align: justify;\">\u201cLa gira estuvo buen\u00edsima, me quedo contento, hay mucho trabajo por hacer, y me doy cuenta que desde este lugar los j\u00f3venes est\u00e1n trabajando. Me voy muy contento, porque si bien es cierto, los j\u00f3venes tenemos las mismas problem\u00e1ticas, tambi\u00e9n tenemos las mismas ganas de trabajar y esto es muy gratificante\u201d, finaliz\u00f3 Roberto Morales, Presidente de la Mesa de J\u00f3venes Rurales INDAP Ays\u00e9n.<\/p>\n<\/div><\/section><\/div><div  style='height:50px' class='hr hr-invisible   avia-builder-el-6  el_after_av_one_full  el_before_av_social_share '><span class='hr-inner ' ><span class='hr-inner-style'><\/span><\/span><\/div><\/p>\n<div  class='av-social-sharing-box  avia-builder-el-7  el_after_av_hr  el_before_av_hr  '><div class='av-share-box'><h5 class='av-share-link-description av-no-toc '>Compartir esta noticia<\/h5><ul class='av-share-box-list noLightbox'><li class='av-share-link av-social-link-facebook' ><a target=\"_blank\" aria-label=\"Compartir en Facebook\" href='https:\/\/www.facebook.com\/sharer.php?u=https:\/\/radiorevelacionfm.cl\/?p=11060&#038;t=En%20la%20Junta%20se%20realiza%20encuentro%20regional%20de%20la%20Mesa%20de%20J%C3%B3venes%20Rurales%20de%20Ays%C3%A9n' aria-hidden='false' data-av_icon='\ue8f3' data-av_iconfont='entypo-fontello' title='' data-avia-related-tooltip='Compartir en Facebook' rel=\"noopener\"><span class='avia_hidden_link_text'>Compartir en Facebook<\/span><\/a><\/li><li class='av-share-link av-social-link-twitter' ><a target=\"_blank\" aria-label=\"Compartir en Twitter\" href='https:\/\/twitter.com\/share?text=En%20la%20Junta%20se%20realiza%20encuentro%20regional%20de%20la%20Mesa%20de%20J%C3%B3venes%20Rurales%20de%20Ays%C3%A9n&#038;url=https:\/\/radiorevelacionfm.cl\/?p=11060' aria-hidden='false' data-av_icon='\ue8f1' data-av_iconfont='entypo-fontello' title='' data-avia-related-tooltip='Compartir en Twitter' rel=\"noopener\"><span class='avia_hidden_link_text'>Compartir en Twitter<\/span><\/a><\/li><li class='av-share-link av-social-link-whatsapp' ><a target=\"_blank\" aria-label=\"Compartir en Whatsapp\" href='https:\/\/api.whatsapp.com\/send?text=https:\/\/radiorevelacionfm.cl\/?p=11060' aria-hidden='false' data-av_icon='\uf232' data-av_iconfont='entypo-fontello' title='' data-avia-related-tooltip='Compartir en Whatsapp' rel=\"noopener\"><span class='avia_hidden_link_text'>Compartir en Whatsapp<\/span><\/a><\/li><li class='av-share-link av-social-link-linkedin' ><a target=\"_blank\" aria-label=\"Compartir en LinkedIn\" href='https:\/\/linkedin.com\/shareArticle?mini=true&#038;title=En%20la%20Junta%20se%20realiza%20encuentro%20regional%20de%20la%20Mesa%20de%20J%C3%B3venes%20Rurales%20de%20Ays%C3%A9n&#038;url=https:\/\/radiorevelacionfm.cl\/?p=11060' aria-hidden='false' data-av_icon='\ue8fc' data-av_iconfont='entypo-fontello' title='' data-avia-related-tooltip='Compartir en LinkedIn' rel=\"noopener\"><span class='avia_hidden_link_text'>Compartir en LinkedIn<\/span><\/a><\/li><li class='av-share-link av-social-link-mail' ><a  aria-label=\"Compartir por correo\" href='mailto:?subject=En%20la%20Junta%20se%20realiza%20encuentro%20regional%20de%20la%20Mesa%20de%20J%C3%B3venes%20Rurales%20de%20Ays%C3%A9n&#038;body=https:\/\/radiorevelacionfm.cl\/?p=11060' aria-hidden='false' data-av_icon='\ue805' data-av_iconfont='entypo-fontello' title='' data-avia-related-tooltip='Compartir por correo'><span class='avia_hidden_link_text'>Compartir por correo<\/span><\/a><\/li><\/ul><\/div><\/div>\n<div  style='height:50px' class='hr hr-invisible   avia-builder-el-8  el_after_av_social_share  el_before_av_comments_list '><span class='hr-inner ' ><span class='hr-inner-style'><\/span><\/span><\/div>\n<div  class='av-buildercomment  av-blog-meta-html-info-disabled av-blog-meta-tag-disabled  '><\/div>\n","protected":false},"excerpt":{"rendered":"","protected":false},"author":1,"featured_media":11061,"comment_status":"open","ping_status":"open","sticky":false,"template":"","format":"standard","meta":{"footnotes":""},"categories":[38],"tags":[],"class_list":["post-11060","post","type-post","status-publish","format-standard","has-post-thumbnail","hentry","category-regional"],"jetpack_featured_media_url":"https:\/\/radiorevelacionfm.cl\/wp-content\/uploads\/2021\/11\/Encuentro-La-Junta0-1-1.jpg","_links":{"self":[{"href":"https:\/\/radiorevelacionfm.cl\/index.php?rest_route=\/wp\/v2\/posts\/11060","targetHints":{"allow":["GET"]}}],"collection":[{"href":"https:\/\/radiorevelacionfm.cl\/index.php?rest_route=\/wp\/v2\/posts"}],"about":[{"href":"https:\/\/radiorevelacionfm.cl\/index.php?rest_route=\/wp\/v2\/types\/post"}],"author":[{"embeddable":true,"href":"https:\/\/radiorevelacionfm.cl\/index.php?rest_route=\/wp\/v2\/users\/1"}],"replies":[{"embeddable":true,"href":"https:\/\/radiorevelacionfm.cl\/index.php?rest_route=%2Fwp%2Fv2%2Fcomments&post=11060"}],"version-history":[{"count":2,"href":"https:\/\/radiorevelacionfm.cl\/index.php?rest_route=\/wp\/v2\/posts\/11060\/revisions"}],"predecessor-version":[{"id":11063,"href":"https:\/\/radiorevelacionfm.cl\/index.php?rest_route=\/wp\/v2\/posts\/11060\/revisions\/11063"}],"wp:featuredmedia":[{"embeddable":true,"href":"https:\/\/radiorevelacionfm.cl\/index.php?rest_route=\/wp\/v2\/media\/11061"}],"wp:attachment":[{"href":"https:\/\/radiorevelacionfm.cl\/index.php?rest_route=%2Fwp%2Fv2%2Fmedia&parent=11060"}],"wp:term":[{"taxonomy":"category","embeddable":true,"href":"https:\/\/radiorevelacionfm.cl\/index.php?rest_route=%2Fwp%2Fv2%2Fcategories&post=11060"},{"taxonomy":"post_tag","embeddable":true,"href":"https:\/\/radiorevelacionfm.cl\/index.php?rest_route=%2Fwp%2Fv2%2Ftags&post=11060"}],"curies":[{"name":"wp","href":"https:\/\/api.w.org\/{rel}","templated":true}]}}