{"id":11056,"date":"2021-11-20T18:45:17","date_gmt":"2021-11-20T21:45:17","guid":{"rendered":"https:\/\/radiorevelacionfm.cl\/?p=11056"},"modified":"2021-11-20T18:45:17","modified_gmt":"2021-11-20T21:45:17","slug":"concejal-figueroa-y-nueva-falla-de-barcaza-pilchero-hay-autoridades-que-deben-poner-su-cargo-a-disposicion","status":"publish","type":"post","link":"https:\/\/radiorevelacionfm.cl\/?p=11056","title":{"rendered":"Concejal Figueroa y nueva falla de barcaza Pilchero \u201chay autoridades que deben poner su cargo a disposici\u00f3n\u201d"},"content":{"rendered":"<div class=\"flex_column av_one_full  flex_column_div av-zero-column-padding first  avia-builder-el-0  el_before_av_one_full  avia-builder-el-first  \" style='border-radius:0px; '><div  class='avia-image-container  av-styling-    avia-builder-el-1  avia-builder-el-no-sibling  avia-align-center '  itemprop=\"image\" itemscope=\"itemscope\" itemtype=\"https:\/\/schema.org\/ImageObject\"  ><div class='avia-image-container-inner'><div class='avia-image-overlay-wrap'><img decoding=\"async\" class='wp-image-11057 avia-img-lazy-loading-not-11057 avia_image' src=\"https:\/\/radiorevelacionfm.cl\/wp-content\/uploads\/2021\/11\/Pilchero-2021-11-20-1-1.jpeg\" alt='' title='Pilchero 2021-11-20 (1) (1)' height=\"600\" width=\"677\"  itemprop=\"thumbnailUrl\" srcset=\"https:\/\/radiorevelacionfm.cl\/wp-content\/uploads\/2021\/11\/Pilchero-2021-11-20-1-1.jpeg 677w, https:\/\/radiorevelacionfm.cl\/wp-content\/uploads\/2021\/11\/Pilchero-2021-11-20-1-1-300x266.jpeg 300w, https:\/\/radiorevelacionfm.cl\/wp-content\/uploads\/2021\/11\/Pilchero-2021-11-20-1-1-600x532.jpeg 600w\" sizes=\"(max-width: 677px) 100vw, 677px\" \/><\/div><\/div><\/div><\/div><div class=\"flex_column av_one_full  flex_column_div av-zero-column-padding first  avia-builder-el-2  el_after_av_one_full  el_before_av_one_full  column-top-margin\" style='border-radius:0px; '><section class=\"av_textblock_section \"  itemscope=\"itemscope\" itemtype=\"https:\/\/schema.org\/BlogPosting\" itemprop=\"blogPost\" ><div class='avia_textblock  '   itemprop=\"text\" ><p style=\"text-align: center;\"><strong><span style=\"font-size: 18pt;\">Concejal Figueroa y nueva falla de barcaza Pilchero \u201chay autoridades que deben poner su cargo a disposici\u00f3n\u201d<\/span><\/strong><\/p>\n<div id=\"gtx-trans\" style=\"position: absolute; left: -50px; top: 4.31534px;\">\n<div class=\"gtx-trans-icon\"><\/div>\n<\/div>\n<\/div><\/section><\/div><div class=\"flex_column av_one_full  flex_column_div av-zero-column-padding first  avia-builder-el-4  el_after_av_one_full  el_before_av_hr  column-top-margin\" style='border-radius:0px; '><section class=\"av_textblock_section \"  itemscope=\"itemscope\" itemtype=\"https:\/\/schema.org\/BlogPosting\" itemprop=\"blogPost\" ><div class='avia_textblock  '   itemprop=\"text\" ><p style=\"text-align: justify;\">\u201cEs inaceptable\u201d y \u201cvergonzoso\u201d lo que esta ocurriendo, m\u00e1s a\u00fan \u201cad portas de una elecci\u00f3n\u201d, indic\u00f3 Mario Figueroa, Concejal de la comuna de Chile Chico.<\/p>\n<p style=\"text-align: justify;\">Nueva falla en la Pilchero complica la conectividad en el Lago General Carrera, situaci\u00f3n que lamentablemente para los vecinos y vecinas de Chile Chico ya no es una novedad, sino m\u00e1s bien, algo bastante repetitivo y que las autoridades de Gobierno no han logrado dar una soluci\u00f3n permanente y estable.<\/p>\n<p style=\"text-align: justify;\">El Concejal, Mario Figueroa Mayorga, cree que esto es tema que no tiene nombre y es sin lugar a dudas, una falta de respeto para la comunidad. \u201cLa verdad es que a este tema ya no sabemos qu\u00e9 nombre darle, este Concejal ha sido insistente en que de una vez por todas se respete a la comunidad, se respete a los vecinos. Ad portas de una elecci\u00f3n donde muchos vecinos vienen desde Coyhaique, otros viajan para cumplir con su deber c\u00edvico y nuevamente la barcaza con fallas\u201d.<\/p>\n<p style=\"text-align: justify;\">Debido a esta problem\u00e1tica que se ha vuelto algo permanente, el Concejal Figueroa, cree que hay autoridades de Gobierno que deben dejar su cargo.<\/p>\n<p style=\"text-align: justify;\">\u201cDemos gracias a Dios, los que somos creyentes, que los desperfectos y las fallas no se han presentado lago adentro, porque ah\u00ed si estar\u00edamos hablando de poner seriamente en riesgo la vida de las personas. Esto es inaceptable, es el colmo, yo creo que aqu\u00ed hay varias autoridades que deben poner su cargo a disposici\u00f3n, indistinto que quieran aprovechar estos tres o cuatro meses de sueldo que le est\u00e1n quedado, es simplemente vergonzoso\u201d.<\/p>\n<p style=\"text-align: justify;\">Es importante mencionar que, la empresa Somarco ha publicado en sus redes sociales, el plan de contingencia que disponen para asegurar la conectividad.<\/p>\n<\/div><\/section><\/div><div  style='height:50px' class='hr hr-invisible   avia-builder-el-6  el_after_av_one_full  el_before_av_social_share '><span class='hr-inner ' ><span class='hr-inner-style'><\/span><\/span><\/div><\/p>\n<div  class='av-social-sharing-box  avia-builder-el-7  el_after_av_hr  el_before_av_hr  '><div class='av-share-box'><h5 class='av-share-link-description av-no-toc '>Compartir esta noticia<\/h5><ul class='av-share-box-list noLightbox'><li class='av-share-link av-social-link-facebook' ><a target=\"_blank\" aria-label=\"Compartir en Facebook\" href='https:\/\/www.facebook.com\/sharer.php?u=https:\/\/radiorevelacionfm.cl\/?p=11056&#038;t=Concejal%20Figueroa%20y%20nueva%20falla%20de%20barcaza%20Pilchero%20%E2%80%9Chay%20autoridades%20que%20deben%20poner%20su%20cargo%20a%20disposici%C3%B3n%E2%80%9D' aria-hidden='false' data-av_icon='\ue8f3' data-av_iconfont='entypo-fontello' title='' data-avia-related-tooltip='Compartir en Facebook' rel=\"noopener\"><span class='avia_hidden_link_text'>Compartir en Facebook<\/span><\/a><\/li><li class='av-share-link av-social-link-twitter' ><a target=\"_blank\" aria-label=\"Compartir en Twitter\" href='https:\/\/twitter.com\/share?text=Concejal%20Figueroa%20y%20nueva%20falla%20de%20barcaza%20Pilchero%20%E2%80%9Chay%20autoridades%20que%20deben%20poner%20su%20cargo%20a%20disposici%C3%B3n%E2%80%9D&#038;url=https:\/\/radiorevelacionfm.cl\/?p=11056' aria-hidden='false' data-av_icon='\ue8f1' data-av_iconfont='entypo-fontello' title='' data-avia-related-tooltip='Compartir en Twitter' rel=\"noopener\"><span class='avia_hidden_link_text'>Compartir en Twitter<\/span><\/a><\/li><li class='av-share-link av-social-link-whatsapp' ><a target=\"_blank\" aria-label=\"Compartir en Whatsapp\" href='https:\/\/api.whatsapp.com\/send?text=https:\/\/radiorevelacionfm.cl\/?p=11056' aria-hidden='false' data-av_icon='\uf232' data-av_iconfont='entypo-fontello' title='' data-avia-related-tooltip='Compartir en Whatsapp' rel=\"noopener\"><span class='avia_hidden_link_text'>Compartir en Whatsapp<\/span><\/a><\/li><li class='av-share-link av-social-link-linkedin' ><a target=\"_blank\" aria-label=\"Compartir en LinkedIn\" href='https:\/\/linkedin.com\/shareArticle?mini=true&#038;title=Concejal%20Figueroa%20y%20nueva%20falla%20de%20barcaza%20Pilchero%20%E2%80%9Chay%20autoridades%20que%20deben%20poner%20su%20cargo%20a%20disposici%C3%B3n%E2%80%9D&#038;url=https:\/\/radiorevelacionfm.cl\/?p=11056' aria-hidden='false' data-av_icon='\ue8fc' data-av_iconfont='entypo-fontello' title='' data-avia-related-tooltip='Compartir en LinkedIn' rel=\"noopener\"><span class='avia_hidden_link_text'>Compartir en LinkedIn<\/span><\/a><\/li><li class='av-share-link av-social-link-mail' ><a  aria-label=\"Compartir por correo\" href='mailto:?subject=Concejal%20Figueroa%20y%20nueva%20falla%20de%20barcaza%20Pilchero%20%E2%80%9Chay%20autoridades%20que%20deben%20poner%20su%20cargo%20a%20disposici%C3%B3n%E2%80%9D&#038;body=https:\/\/radiorevelacionfm.cl\/?p=11056' aria-hidden='false' data-av_icon='\ue805' data-av_iconfont='entypo-fontello' title='' data-avia-related-tooltip='Compartir por correo'><span class='avia_hidden_link_text'>Compartir por correo<\/span><\/a><\/li><\/ul><\/div><\/div>\n<div  style='height:50px' class='hr hr-invisible   avia-builder-el-8  el_after_av_social_share  el_before_av_comments_list '><span class='hr-inner ' ><span class='hr-inner-style'><\/span><\/span><\/div>\n<div  class='av-buildercomment  av-blog-meta-html-info-disabled av-blog-meta-tag-disabled  '><\/div>\n","protected":false},"excerpt":{"rendered":"","protected":false},"author":1,"featured_media":11057,"comment_status":"open","ping_status":"open","sticky":false,"template":"","format":"standard","meta":{"footnotes":""},"categories":[38],"tags":[],"class_list":["post-11056","post","type-post","status-publish","format-standard","has-post-thumbnail","hentry","category-regional"],"jetpack_featured_media_url":"https:\/\/radiorevelacionfm.cl\/wp-content\/uploads\/2021\/11\/Pilchero-2021-11-20-1-1.jpeg","_links":{"self":[{"href":"https:\/\/radiorevelacionfm.cl\/index.php?rest_route=\/wp\/v2\/posts\/11056","targetHints":{"allow":["GET"]}}],"collection":[{"href":"https:\/\/radiorevelacionfm.cl\/index.php?rest_route=\/wp\/v2\/posts"}],"about":[{"href":"https:\/\/radiorevelacionfm.cl\/index.php?rest_route=\/wp\/v2\/types\/post"}],"author":[{"embeddable":true,"href":"https:\/\/radiorevelacionfm.cl\/index.php?rest_route=\/wp\/v2\/users\/1"}],"replies":[{"embeddable":true,"href":"https:\/\/radiorevelacionfm.cl\/index.php?rest_route=%2Fwp%2Fv2%2Fcomments&post=11056"}],"version-history":[{"count":2,"href":"https:\/\/radiorevelacionfm.cl\/index.php?rest_route=\/wp\/v2\/posts\/11056\/revisions"}],"predecessor-version":[{"id":11059,"href":"https:\/\/radiorevelacionfm.cl\/index.php?rest_route=\/wp\/v2\/posts\/11056\/revisions\/11059"}],"wp:featuredmedia":[{"embeddable":true,"href":"https:\/\/radiorevelacionfm.cl\/index.php?rest_route=\/wp\/v2\/media\/11057"}],"wp:attachment":[{"href":"https:\/\/radiorevelacionfm.cl\/index.php?rest_route=%2Fwp%2Fv2%2Fmedia&parent=11056"}],"wp:term":[{"taxonomy":"category","embeddable":true,"href":"https:\/\/radiorevelacionfm.cl\/index.php?rest_route=%2Fwp%2Fv2%2Fcategories&post=11056"},{"taxonomy":"post_tag","embeddable":true,"href":"https:\/\/radiorevelacionfm.cl\/index.php?rest_route=%2Fwp%2Fv2%2Ftags&post=11056"}],"curies":[{"name":"wp","href":"https:\/\/api.w.org\/{rel}","templated":true}]}}