{"id":11049,"date":"2021-11-19T19:23:12","date_gmt":"2021-11-19T22:23:12","guid":{"rendered":"https:\/\/radiorevelacionfm.cl\/?p=11049"},"modified":"2021-11-19T19:27:13","modified_gmt":"2021-11-19T22:27:13","slug":"carabineros-del-os-7-aysen-detuvo-en-villa-la-tapera-a-sujeto-por-trafico-de-drogas-en-pequenas-cantidades","status":"publish","type":"post","link":"https:\/\/radiorevelacionfm.cl\/?p=11049","title":{"rendered":"Carabineros del OS-7 Ays\u00e9n detuvo en Villa La Tapera a sujeto por tr\u00e1fico de drogas en peque\u00f1as cantidades"},"content":{"rendered":"<div class=\"flex_column av_one_full  flex_column_div av-zero-column-padding first  avia-builder-el-0  el_before_av_one_full  avia-builder-el-first  \" style='border-radius:0px; '><div  class='avia-image-container  av-styling-    avia-builder-el-1  avia-builder-el-no-sibling  avia-align-center '  itemprop=\"image\" itemscope=\"itemscope\" itemtype=\"https:\/\/schema.org\/ImageObject\"  ><div class='avia-image-container-inner'><div class='avia-image-overlay-wrap'><img decoding=\"async\" class='wp-image-11050 avia-img-lazy-loading-not-11050 avia_image' src=\"https:\/\/radiorevelacionfm.cl\/wp-content\/uploads\/2021\/11\/7599-1-1.jpg\" alt='' title='7599 (1) (1)' height=\"600\" width=\"542\"  itemprop=\"thumbnailUrl\" srcset=\"https:\/\/radiorevelacionfm.cl\/wp-content\/uploads\/2021\/11\/7599-1-1.jpg 542w, https:\/\/radiorevelacionfm.cl\/wp-content\/uploads\/2021\/11\/7599-1-1-271x300.jpg 271w\" sizes=\"(max-width: 542px) 100vw, 542px\" \/><\/div><\/div><\/div><\/div><div class=\"flex_column av_one_full  flex_column_div av-zero-column-padding first  avia-builder-el-2  el_after_av_one_full  el_before_av_one_full  column-top-margin\" style='border-radius:0px; '><section class=\"av_textblock_section \"  itemscope=\"itemscope\" itemtype=\"https:\/\/schema.org\/BlogPosting\" itemprop=\"blogPost\" ><div class='avia_textblock  '   itemprop=\"text\" ><p style=\"text-align: center;\"><strong><span style=\"font-size: 18pt;\">Carabineros del OS-7 Ays\u00e9n detuvo en Villa La Tapera a sujeto por tr\u00e1fico de drogas en peque\u00f1as cantidades<\/span><\/strong><\/p>\n<div id=\"gtx-trans\" style=\"position: absolute; left: -50px; top: 4.31534px;\">\n<div class=\"gtx-trans-icon\"><\/div>\n<\/div>\n<\/div><\/section><\/div><div class=\"flex_column av_one_full  flex_column_div av-zero-column-padding first  avia-builder-el-4  el_after_av_one_full  el_before_av_hr  column-top-margin\" style='border-radius:0px; '><section class=\"av_textblock_section \"  itemscope=\"itemscope\" itemtype=\"https:\/\/schema.org\/BlogPosting\" itemprop=\"blogPost\" ><div class='avia_textblock  '   itemprop=\"text\" ><p style=\"text-align: justify;\">Diligencias desarrolladas por personal especializado de Carabineros de la Secci\u00f3n OS-7 Ays\u00e9n en virtud de una orden de investigar emanada desde la Fiscal\u00eda local de Puerto Cisnes, culmin\u00f3 con la detenci\u00f3n -en Villa La Tapera- de un sujeto por el delito de tr\u00e1fico de drogas en peque\u00f1as cantidades, permitiendo sacar de circulaci\u00f3n 76 dosis de marihuana elaborada.<\/p>\n<p style=\"text-align: justify;\">A trav\u00e9s de diversas t\u00e9cnicas investigativas, el personal materializ\u00f3 una entrada y registro al domicilio, logrando la aprehensi\u00f3n de una persona de sexo masculino, de mayor\u00eda de edad, el cual no registra antecedentes penales.<\/p>\n<p style=\"text-align: justify;\">En la diligencia, el OS-7 incaut\u00f3 un tel\u00e9fono celular y una balanza digital como elementos asociados a la comisi\u00f3n de este tipo de delito.<\/p>\n<p style=\"text-align: justify;\">Los antecedentes del procedimiento fueron puestos en conocimiento del Ministerio P\u00fablico, en tanto que el imputado qued\u00f3 en espera de citaci\u00f3n por parte de la Fiscal\u00eda local de Puerto Cisnes que dirige investigaci\u00f3n por este hecho.<\/p>\n<p style=\"text-align: justify;\">Carabineros reiter\u00f3 el llamado a la comunidad a realizar las denuncias y otorgar informaci\u00f3n a trav\u00e9s del Fono Drogas 135, n\u00famero gratuito de Carabineros de Chile, el cual es atendido por agentes especializados del OS-7, quienes durante las 24 horas del d\u00eda reciben denuncias de forma reservada y an\u00f3nima, con la finalidad de iniciar los procesos investigativos en conjunto con la Fiscal\u00eda y poner a los imputados a disposici\u00f3n de los Tribunales de Justicia, con la finalidad de mantener a la comunidad y especialmente a los menores alejados del flagelo de las drogas que tanto da\u00f1o generan en las personas.<\/p>\n<\/div><\/section><\/div><div  style='height:50px' class='hr hr-invisible   avia-builder-el-6  el_after_av_one_full  el_before_av_social_share '><span class='hr-inner ' ><span class='hr-inner-style'><\/span><\/span><\/div><\/p>\n<div  class='av-social-sharing-box  avia-builder-el-7  el_after_av_hr  el_before_av_hr  '><div class='av-share-box'><h5 class='av-share-link-description av-no-toc '>Compartir esta noticia<\/h5><ul class='av-share-box-list noLightbox'><li class='av-share-link av-social-link-facebook' ><a target=\"_blank\" aria-label=\"Compartir en Facebook\" href='https:\/\/www.facebook.com\/sharer.php?u=https:\/\/radiorevelacionfm.cl\/?p=11049&#038;t=Carabineros%20del%20OS-7%20Ays%C3%A9n%20detuvo%20en%20Villa%20La%20Tapera%20a%20sujeto%20por%20tr%C3%A1fico%20de%20drogas%20en%20peque%C3%B1as%20cantidades' aria-hidden='false' data-av_icon='\ue8f3' data-av_iconfont='entypo-fontello' title='' data-avia-related-tooltip='Compartir en Facebook' rel=\"noopener\"><span class='avia_hidden_link_text'>Compartir en Facebook<\/span><\/a><\/li><li class='av-share-link av-social-link-twitter' ><a target=\"_blank\" aria-label=\"Compartir en Twitter\" href='https:\/\/twitter.com\/share?text=Carabineros%20del%20OS-7%20Ays%C3%A9n%20detuvo%20en%20Villa%20La%20Tapera%20a%20sujeto%20por%20tr%C3%A1fico%20de%20drogas%20en%20peque%C3%B1as%20cantidades&#038;url=https:\/\/radiorevelacionfm.cl\/?p=11049' aria-hidden='false' data-av_icon='\ue8f1' data-av_iconfont='entypo-fontello' title='' data-avia-related-tooltip='Compartir en Twitter' rel=\"noopener\"><span class='avia_hidden_link_text'>Compartir en Twitter<\/span><\/a><\/li><li class='av-share-link av-social-link-whatsapp' ><a target=\"_blank\" aria-label=\"Compartir en Whatsapp\" href='https:\/\/api.whatsapp.com\/send?text=https:\/\/radiorevelacionfm.cl\/?p=11049' aria-hidden='false' data-av_icon='\uf232' data-av_iconfont='entypo-fontello' title='' data-avia-related-tooltip='Compartir en Whatsapp' rel=\"noopener\"><span class='avia_hidden_link_text'>Compartir en Whatsapp<\/span><\/a><\/li><li class='av-share-link av-social-link-linkedin' ><a target=\"_blank\" aria-label=\"Compartir en LinkedIn\" href='https:\/\/linkedin.com\/shareArticle?mini=true&#038;title=Carabineros%20del%20OS-7%20Ays%C3%A9n%20detuvo%20en%20Villa%20La%20Tapera%20a%20sujeto%20por%20tr%C3%A1fico%20de%20drogas%20en%20peque%C3%B1as%20cantidades&#038;url=https:\/\/radiorevelacionfm.cl\/?p=11049' aria-hidden='false' data-av_icon='\ue8fc' data-av_iconfont='entypo-fontello' title='' data-avia-related-tooltip='Compartir en LinkedIn' rel=\"noopener\"><span class='avia_hidden_link_text'>Compartir en LinkedIn<\/span><\/a><\/li><li class='av-share-link av-social-link-mail' ><a  aria-label=\"Compartir por correo\" href='mailto:?subject=Carabineros%20del%20OS-7%20Ays%C3%A9n%20detuvo%20en%20Villa%20La%20Tapera%20a%20sujeto%20por%20tr%C3%A1fico%20de%20drogas%20en%20peque%C3%B1as%20cantidades&#038;body=https:\/\/radiorevelacionfm.cl\/?p=11049' aria-hidden='false' data-av_icon='\ue805' data-av_iconfont='entypo-fontello' title='' data-avia-related-tooltip='Compartir por correo'><span class='avia_hidden_link_text'>Compartir por correo<\/span><\/a><\/li><\/ul><\/div><\/div>\n<div  style='height:50px' class='hr hr-invisible   avia-builder-el-8  el_after_av_social_share  el_before_av_comments_list '><span class='hr-inner ' ><span class='hr-inner-style'><\/span><\/span><\/div>\n<div  class='av-buildercomment  av-blog-meta-html-info-disabled av-blog-meta-tag-disabled  '><\/div>\n","protected":false},"excerpt":{"rendered":"","protected":false},"author":1,"featured_media":11053,"comment_status":"open","ping_status":"open","sticky":false,"template":"","format":"standard","meta":{"footnotes":""},"categories":[36],"tags":[],"class_list":["post-11049","post","type-post","status-publish","format-standard","has-post-thumbnail","hentry","category-policial"],"jetpack_featured_media_url":"https:\/\/radiorevelacionfm.cl\/wp-content\/uploads\/2021\/11\/7599-2-1.jpg","_links":{"self":[{"href":"https:\/\/radiorevelacionfm.cl\/index.php?rest_route=\/wp\/v2\/posts\/11049","targetHints":{"allow":["GET"]}}],"collection":[{"href":"https:\/\/radiorevelacionfm.cl\/index.php?rest_route=\/wp\/v2\/posts"}],"about":[{"href":"https:\/\/radiorevelacionfm.cl\/index.php?rest_route=\/wp\/v2\/types\/post"}],"author":[{"embeddable":true,"href":"https:\/\/radiorevelacionfm.cl\/index.php?rest_route=\/wp\/v2\/users\/1"}],"replies":[{"embeddable":true,"href":"https:\/\/radiorevelacionfm.cl\/index.php?rest_route=%2Fwp%2Fv2%2Fcomments&post=11049"}],"version-history":[{"count":2,"href":"https:\/\/radiorevelacionfm.cl\/index.php?rest_route=\/wp\/v2\/posts\/11049\/revisions"}],"predecessor-version":[{"id":11052,"href":"https:\/\/radiorevelacionfm.cl\/index.php?rest_route=\/wp\/v2\/posts\/11049\/revisions\/11052"}],"wp:featuredmedia":[{"embeddable":true,"href":"https:\/\/radiorevelacionfm.cl\/index.php?rest_route=\/wp\/v2\/media\/11053"}],"wp:attachment":[{"href":"https:\/\/radiorevelacionfm.cl\/index.php?rest_route=%2Fwp%2Fv2%2Fmedia&parent=11049"}],"wp:term":[{"taxonomy":"category","embeddable":true,"href":"https:\/\/radiorevelacionfm.cl\/index.php?rest_route=%2Fwp%2Fv2%2Fcategories&post=11049"},{"taxonomy":"post_tag","embeddable":true,"href":"https:\/\/radiorevelacionfm.cl\/index.php?rest_route=%2Fwp%2Fv2%2Ftags&post=11049"}],"curies":[{"name":"wp","href":"https:\/\/api.w.org\/{rel}","templated":true}]}}