{"id":11036,"date":"2021-11-20T11:11:29","date_gmt":"2021-11-20T14:11:29","guid":{"rendered":"https:\/\/radiorevelacionfm.cl\/?p=11036"},"modified":"2021-11-20T11:11:29","modified_gmt":"2021-11-20T14:11:29","slug":"dra-melina-furman-impartira-charla-virtual-para-docentes-y-educadoras-con-ganas-de-transformar-la-educacion","status":"publish","type":"post","link":"https:\/\/radiorevelacionfm.cl\/?p=11036","title":{"rendered":"Dra. Melina Furman impartir\u00e1 charla virtual para docentes y educadoras con ganas de transformar la educaci\u00f3n"},"content":{"rendered":"<div class=\"flex_column av_one_full  flex_column_div av-zero-column-padding first  avia-builder-el-0  el_before_av_one_full  avia-builder-el-first  \" style='border-radius:0px; '><div  class='avia-image-container  av-styling-    avia-builder-el-1  avia-builder-el-no-sibling  avia-align-center '  itemprop=\"image\" itemscope=\"itemscope\" itemtype=\"https:\/\/schema.org\/ImageObject\"  ><div class='avia-image-container-inner'><div class='avia-image-overlay-wrap'><img decoding=\"async\" class='wp-image-11037 avia-img-lazy-loading-not-11037 avia_image' src=\"https:\/\/radiorevelacionfm.cl\/wp-content\/uploads\/2021\/11\/Melina-Furman-1-1.jpg\" alt='' title='Melina Furman (1) (1)' height=\"600\" width=\"600\"  itemprop=\"thumbnailUrl\" srcset=\"https:\/\/radiorevelacionfm.cl\/wp-content\/uploads\/2021\/11\/Melina-Furman-1-1.jpg 600w, https:\/\/radiorevelacionfm.cl\/wp-content\/uploads\/2021\/11\/Melina-Furman-1-1-300x300.jpg 300w, https:\/\/radiorevelacionfm.cl\/wp-content\/uploads\/2021\/11\/Melina-Furman-1-1-80x80.jpg 80w, https:\/\/radiorevelacionfm.cl\/wp-content\/uploads\/2021\/11\/Melina-Furman-1-1-36x36.jpg 36w, https:\/\/radiorevelacionfm.cl\/wp-content\/uploads\/2021\/11\/Melina-Furman-1-1-180x180.jpg 180w, https:\/\/radiorevelacionfm.cl\/wp-content\/uploads\/2021\/11\/Melina-Furman-1-1-100x100.jpg 100w\" sizes=\"(max-width: 600px) 100vw, 600px\" \/><\/div><\/div><\/div><\/div><div class=\"flex_column av_one_full  flex_column_div av-zero-column-padding first  avia-builder-el-2  el_after_av_one_full  el_before_av_one_full  column-top-margin\" style='border-radius:0px; '><section class=\"av_textblock_section \"  itemscope=\"itemscope\" itemtype=\"https:\/\/schema.org\/BlogPosting\" itemprop=\"blogPost\" ><div class='avia_textblock  '   itemprop=\"text\" ><p style=\"text-align: center;\"><span style=\"font-size: 18pt;\"><strong>Dra. Melina Furman impartir\u00e1 charla virtual para docentes y educadoras con ganas de transformar la educaci\u00f3n<\/strong><\/span><\/p>\n<div id=\"gtx-trans\" style=\"position: absolute; left: -50px; top: 4.31534px;\">\n<div class=\"gtx-trans-icon\"><\/div>\n<\/div>\n<\/div><\/section><\/div><div class=\"flex_column av_one_full  flex_column_div av-zero-column-padding first  avia-builder-el-4  el_after_av_one_full  el_before_av_hr  column-top-margin\" style='border-radius:0px; '><section class=\"av_textblock_section \"  itemscope=\"itemscope\" itemtype=\"https:\/\/schema.org\/BlogPosting\" itemprop=\"blogPost\" ><div class='avia_textblock  '   itemprop=\"text\" ><p style=\"text-align: justify;\">La charla titulada \u201cPreguntas que invitan a pensar\u201d se realizar\u00e1 el martes 23 de noviembre a las 17:30 horas. Las personas interesadas podr\u00e1n inscribirse para ser parte de la sesi\u00f3n de Zoom e interactuar de forma directa con la charlista.<\/p>\n<p style=\"text-align: justify;\"><strong>\u00bfC\u00f3mo aprendemos?<\/strong><\/p>\n<p style=\"text-align: justify;\">Existen muchas formas de generar conocimiento, y algunas de estas formas se han mantenido durante largo tiempo como parte de un paradigma en la educaci\u00f3n, no obstante, los resultados no son siempre los m\u00e1s \u00f3ptimos. Memorizar contenido y responder preguntas f\u00e1cticas es una de esas formas.<\/p>\n<p style=\"text-align: justify;\">\u00bfQu\u00e9 es un mam\u00edfero? \u00bfC\u00f3mo se propaga el sonido? \u00bfQu\u00e9 es un \u00e1tomo y cu\u00e1ntos modelos at\u00f3micos existen? Son preguntas que se pueden responder con una definici\u00f3n concreta si lo sabemos de memoria, pero \u00bfel estudiante ha aprendido realmente o lo olvidar\u00e1 con el pasar del tiempo? \u00bfExiste una forma m\u00e1s eficaz de aprender?<\/p>\n<p style=\"text-align: justify;\">La Dra. Melina Furman es bi\u00f3loga y experta en educaci\u00f3n, y durante su trayectoria cient\u00edfica se ha dedicado a estudiar sobre la ense\u00f1anza del pensamiento cr\u00edtico y curioso a lo largo de toda la escolaridad, comenzando desde la primera infancia. En la b\u00fasqueda de nuevos formatos educativos ha descubierto c\u00f3mo las preguntas juegan un rol fundamental a la hora de impulsar el proceso de aprendizaje, y, por lo tanto, la formulaci\u00f3n correcta de preguntas que inviten a pensar estimulan la curiosidad, el pensamiento cr\u00edtico y la capacidad de explorar que tienen naturalmente ni\u00f1os y ni\u00f1as.<\/p>\n<p style=\"text-align: justify;\">Para impulsar nuevos formatos educativos es necesario empoderar a la comunidad docente con nuevas estrategias, ya que son ellos y ellas quienes est\u00e1n en el aula liderando el proceso de aprendizaje. Atendiendo esta necesidad es como surge la iniciativa \u201cCampamento virtual Explora VA!\u201d, una capacitaci\u00f3n para docentes y educadoras dise\u00f1ada por el Proyecto Explora Ays\u00e9n del Ministerio de Ciencia, liderado en la regi\u00f3n por la Universidad Austral de Chile.<\/p>\n<p style=\"text-align: justify;\">\u201cSe trata de una gran oportunidad para docentes y educadoras para adquirir estrategias en torno al trabajo y competencias, tanto de investigaci\u00f3n como relacionadas con el aprender para la innovaci\u00f3n. De esta manera, los participantes de este campamento podr\u00e1n empaparse durante una semana de talleres y charlas relacionadas al aprendizaje en base a proyectos, gamificaci\u00f3n y aprendizaje en base a pensamientos, todo esto ligado a cient\u00edficas que van a contar su experiencia desde la academia y c\u00f3mo \u00e9stas se pueden transferir al aula de clases tanto en contextos presenciales como virtuales, sin dejar de lado temas relevantes para el territorio como el cambio clim\u00e1tico y las aves.\u201d agrega Melissa Zavala, encargada de Campamento Explora VA en la regi\u00f3n de Ays\u00e9n.<\/p>\n<p style=\"text-align: justify;\">La charla \u201cPreguntas que invitan a pensar\u201d que impartir\u00e1 la Dra. Melina Furman este martes 23 de noviembre a las 17:30 horas forma parte de la jornada inaugural del Campamento Explora VA!, sin embargo, quienes no se hayan inscrito en el campamento pueden inscribirse directamente a la charla para conectarse a la sesi\u00f3n de Zoom e integrarse a un espacio que les permitir\u00e1 interactuar con la charlista en tiempo real a trav\u00e9s de una conversaci\u00f3n. Quienes no puedan conectarse al Zoom podr\u00e1n seguir la transmisi\u00f3n a trav\u00e9s de la fanpage @exploraysen.<\/p>\n<p style=\"text-align: justify;\"><span style=\"font-size: 12pt;\"><strong>Para inscribirte a la charla reg\u00edstrate en el formulario: <\/strong><a href=\"http:\/\/shorturl.at\/bclJ4\"><strong>shorturl.at\/bclJ4<\/strong><\/a><\/span><\/p>\n<\/div><\/section><\/div><div  style='height:50px' class='hr hr-invisible   avia-builder-el-6  el_after_av_one_full  el_before_av_social_share '><span class='hr-inner ' ><span class='hr-inner-style'><\/span><\/span><\/div><\/p>\n<div  class='av-social-sharing-box  avia-builder-el-7  el_after_av_hr  el_before_av_hr  '><div class='av-share-box'><h5 class='av-share-link-description av-no-toc '>Compartir esta noticia<\/h5><ul class='av-share-box-list noLightbox'><li class='av-share-link av-social-link-facebook' ><a target=\"_blank\" aria-label=\"Compartir en Facebook\" href='https:\/\/www.facebook.com\/sharer.php?u=https:\/\/radiorevelacionfm.cl\/?p=11036&#038;t=Dra.%20Melina%20Furman%20impartir%C3%A1%20charla%20virtual%20para%20docentes%20y%20educadoras%20con%20ganas%20de%20transformar%20la%20educaci%C3%B3n' aria-hidden='false' data-av_icon='\ue8f3' data-av_iconfont='entypo-fontello' title='' data-avia-related-tooltip='Compartir en Facebook' rel=\"noopener\"><span class='avia_hidden_link_text'>Compartir en Facebook<\/span><\/a><\/li><li class='av-share-link av-social-link-twitter' ><a target=\"_blank\" aria-label=\"Compartir en Twitter\" href='https:\/\/twitter.com\/share?text=Dra.%20Melina%20Furman%20impartir%C3%A1%20charla%20virtual%20para%20docentes%20y%20educadoras%20con%20ganas%20de%20transformar%20la%20educaci%C3%B3n&#038;url=https:\/\/radiorevelacionfm.cl\/?p=11036' aria-hidden='false' data-av_icon='\ue8f1' data-av_iconfont='entypo-fontello' title='' data-avia-related-tooltip='Compartir en Twitter' rel=\"noopener\"><span class='avia_hidden_link_text'>Compartir en Twitter<\/span><\/a><\/li><li class='av-share-link av-social-link-whatsapp' ><a target=\"_blank\" aria-label=\"Compartir en Whatsapp\" href='https:\/\/api.whatsapp.com\/send?text=https:\/\/radiorevelacionfm.cl\/?p=11036' aria-hidden='false' data-av_icon='\uf232' data-av_iconfont='entypo-fontello' title='' data-avia-related-tooltip='Compartir en Whatsapp' rel=\"noopener\"><span class='avia_hidden_link_text'>Compartir en Whatsapp<\/span><\/a><\/li><li class='av-share-link av-social-link-linkedin' ><a target=\"_blank\" aria-label=\"Compartir en LinkedIn\" href='https:\/\/linkedin.com\/shareArticle?mini=true&#038;title=Dra.%20Melina%20Furman%20impartir%C3%A1%20charla%20virtual%20para%20docentes%20y%20educadoras%20con%20ganas%20de%20transformar%20la%20educaci%C3%B3n&#038;url=https:\/\/radiorevelacionfm.cl\/?p=11036' aria-hidden='false' data-av_icon='\ue8fc' data-av_iconfont='entypo-fontello' title='' data-avia-related-tooltip='Compartir en LinkedIn' rel=\"noopener\"><span class='avia_hidden_link_text'>Compartir en LinkedIn<\/span><\/a><\/li><li class='av-share-link av-social-link-mail' ><a  aria-label=\"Compartir por correo\" href='mailto:?subject=Dra.%20Melina%20Furman%20impartir%C3%A1%20charla%20virtual%20para%20docentes%20y%20educadoras%20con%20ganas%20de%20transformar%20la%20educaci%C3%B3n&#038;body=https:\/\/radiorevelacionfm.cl\/?p=11036' aria-hidden='false' data-av_icon='\ue805' data-av_iconfont='entypo-fontello' title='' data-avia-related-tooltip='Compartir por correo'><span class='avia_hidden_link_text'>Compartir por correo<\/span><\/a><\/li><\/ul><\/div><\/div>\n<div  style='height:50px' class='hr hr-invisible   avia-builder-el-8  el_after_av_social_share  el_before_av_comments_list '><span class='hr-inner ' ><span class='hr-inner-style'><\/span><\/span><\/div>\n<div  class='av-buildercomment  av-blog-meta-html-info-disabled av-blog-meta-tag-disabled  '><\/div>\n","protected":false},"excerpt":{"rendered":"","protected":false},"author":1,"featured_media":11038,"comment_status":"open","ping_status":"open","sticky":false,"template":"","format":"standard","meta":{"footnotes":""},"categories":[49],"tags":[],"class_list":["post-11036","post","type-post","status-publish","format-standard","has-post-thumbnail","hentry","category-educacion"],"jetpack_featured_media_url":"https:\/\/radiorevelacionfm.cl\/wp-content\/uploads\/2021\/11\/melina-furman-2_optimized.jpg","_links":{"self":[{"href":"https:\/\/radiorevelacionfm.cl\/index.php?rest_route=\/wp\/v2\/posts\/11036","targetHints":{"allow":["GET"]}}],"collection":[{"href":"https:\/\/radiorevelacionfm.cl\/index.php?rest_route=\/wp\/v2\/posts"}],"about":[{"href":"https:\/\/radiorevelacionfm.cl\/index.php?rest_route=\/wp\/v2\/types\/post"}],"author":[{"embeddable":true,"href":"https:\/\/radiorevelacionfm.cl\/index.php?rest_route=\/wp\/v2\/users\/1"}],"replies":[{"embeddable":true,"href":"https:\/\/radiorevelacionfm.cl\/index.php?rest_route=%2Fwp%2Fv2%2Fcomments&post=11036"}],"version-history":[{"count":2,"href":"https:\/\/radiorevelacionfm.cl\/index.php?rest_route=\/wp\/v2\/posts\/11036\/revisions"}],"predecessor-version":[{"id":11054,"href":"https:\/\/radiorevelacionfm.cl\/index.php?rest_route=\/wp\/v2\/posts\/11036\/revisions\/11054"}],"wp:featuredmedia":[{"embeddable":true,"href":"https:\/\/radiorevelacionfm.cl\/index.php?rest_route=\/wp\/v2\/media\/11038"}],"wp:attachment":[{"href":"https:\/\/radiorevelacionfm.cl\/index.php?rest_route=%2Fwp%2Fv2%2Fmedia&parent=11036"}],"wp:term":[{"taxonomy":"category","embeddable":true,"href":"https:\/\/radiorevelacionfm.cl\/index.php?rest_route=%2Fwp%2Fv2%2Fcategories&post=11036"},{"taxonomy":"post_tag","embeddable":true,"href":"https:\/\/radiorevelacionfm.cl\/index.php?rest_route=%2Fwp%2Fv2%2Ftags&post=11036"}],"curies":[{"name":"wp","href":"https:\/\/api.w.org\/{rel}","templated":true}]}}