{"id":11028,"date":"2021-11-19T17:21:11","date_gmt":"2021-11-19T20:21:11","guid":{"rendered":"https:\/\/radiorevelacionfm.cl\/?p=11028"},"modified":"2021-11-19T17:21:11","modified_gmt":"2021-11-19T20:21:11","slug":"integra-invita-a-realizar-postulacion-a-sus-jardines-infantiles-de-manera-online","status":"publish","type":"post","link":"https:\/\/radiorevelacionfm.cl\/?p=11028","title":{"rendered":"Integra invita a realizar postulaci\u00f3n a sus Jardines Infantiles de manera Online"},"content":{"rendered":"<div class=\"flex_column av_one_full  flex_column_div av-zero-column-padding first  avia-builder-el-0  el_before_av_one_full  avia-builder-el-first  \" style='border-radius:0px; '><div  class='avia-image-container  av-styling-    avia-builder-el-1  avia-builder-el-no-sibling  avia-align-center '  itemprop=\"image\" itemscope=\"itemscope\" itemtype=\"https:\/\/schema.org\/ImageObject\"  ><div class='avia-image-container-inner'><div class='avia-image-overlay-wrap'><img decoding=\"async\" class='wp-image-11029 avia-img-lazy-loading-not-11029 avia_image' src=\"https:\/\/radiorevelacionfm.cl\/wp-content\/uploads\/2021\/11\/3-62-1-1.jpg\" alt='' title='3 (62) (1) (1)' height=\"600\" width=\"900\"  itemprop=\"thumbnailUrl\" srcset=\"https:\/\/radiorevelacionfm.cl\/wp-content\/uploads\/2021\/11\/3-62-1-1.jpg 900w, https:\/\/radiorevelacionfm.cl\/wp-content\/uploads\/2021\/11\/3-62-1-1-300x200.jpg 300w, https:\/\/radiorevelacionfm.cl\/wp-content\/uploads\/2021\/11\/3-62-1-1-768x512.jpg 768w, https:\/\/radiorevelacionfm.cl\/wp-content\/uploads\/2021\/11\/3-62-1-1-705x470.jpg 705w, https:\/\/radiorevelacionfm.cl\/wp-content\/uploads\/2021\/11\/3-62-1-1-600x400.jpg 600w\" sizes=\"(max-width: 900px) 100vw, 900px\" \/><\/div><\/div><\/div><\/div><div class=\"flex_column av_one_full  flex_column_div av-zero-column-padding first  avia-builder-el-2  el_after_av_one_full  el_before_av_one_full  column-top-margin\" style='border-radius:0px; '><section class=\"av_textblock_section \"  itemscope=\"itemscope\" itemtype=\"https:\/\/schema.org\/BlogPosting\" itemprop=\"blogPost\" ><div class='avia_textblock  '   itemprop=\"text\" ><p style=\"text-align: center;\"><strong><span style=\"font-size: 18pt;\">Integra invita a realizar postulaci\u00f3n a sus Jardines Infantiles de manera Online<\/span><\/strong><\/p>\n<div id=\"gtx-trans\" style=\"position: absolute; left: -50px; top: 4.31534px;\">\n<div class=\"gtx-trans-icon\"><\/div>\n<\/div>\n<\/div><\/section><\/div><div class=\"flex_column av_one_full  flex_column_div av-zero-column-padding first  avia-builder-el-4  el_after_av_one_full  el_before_av_hr  column-top-margin\" style='border-radius:0px; '><section class=\"av_textblock_section \"  itemscope=\"itemscope\" itemtype=\"https:\/\/schema.org\/BlogPosting\" itemprop=\"blogPost\" ><div class='avia_textblock  '   itemprop=\"text\" ><p style=\"font-weight: 400; text-align: justify;\">A casi un mes del inicio de la campa\u00f1a de inscripci\u00f3n y matr\u00edcula para los Jardines Infantiles y Salas Cuna de Fundaci\u00f3n Integra para el periodo 2022 el balance es positivo. En la regi\u00f3n de Ays\u00e9n ya se han alcanzado el mismo n\u00famero de postulaciones que el 2021 permitiendo con esto entregar una opci\u00f3n de educaci\u00f3n parvularia gratuita a los ni\u00f1os y ni\u00f1as entre los 3 meses y los 4 a\u00f1os 11 meses de edad.<\/p>\n<p style=\"font-weight: 400; text-align: justify;\">Recordar que por segundo a\u00f1o consecutivo Fundaci\u00f3n Integra est\u00e1 desarrollando este proceso v\u00eda internet, a trav\u00e9s de una plataforma habilitada hasta el 30 de noviembre en\u00a0<a href=\"http:\/\/www.integra.cl\/\" data-saferedirecturl=\"https:\/\/www.google.com\/url?q=http:\/\/www.integra.cl&amp;source=gmail&amp;ust=1637430859736000&amp;usg=AOvVaw3rOzYh5A0fUcYo-v9MfihO\">www.integra.cl<\/a>\u00a0la que permite a las familias y\/o apoderados poder participar de este proceso seleccionando el establecimiento educacional en primera infancia de su preferencia.<\/p>\n<p style=\"font-weight: 400; text-align: justify;\">La directora regional de Fundaci\u00f3n Integra, Isabel Roncallo Fandi\u00f1o invit\u00f3 a la comunidad \u201ca participar de este proceso de inscripci\u00f3n y matr\u00edcula para el a\u00f1o 2022 y que puedan ser parte de alguno de los 19 jardines infantiles que tenemos en la regi\u00f3n. Tenemos una oferta bien variada en educaci\u00f3n en primera infancia y esperamos que las familias se sumen a nuestra instituci\u00f3n\u201d.<\/p>\n<p style=\"font-weight: 400; text-align: justify;\">Es en este contexto que la instituci\u00f3n cre\u00f3 cinco tutoriales o videos explicativos \u2013publicados en Youtube- que buscan facilitar este proceso a los padres y apoderados para realizar este proceso sin problemas.<\/p>\n<ul style=\"text-align: justify;\">\n<li style=\"font-weight: 400;\">Tutorial postulaci\u00f3n individual:\u00a0<a href=\"https:\/\/youtu.be\/9cLBoqsHyuM\" data-saferedirecturl=\"https:\/\/www.google.com\/url?q=https:\/\/youtu.be\/9cLBoqsHyuM&amp;source=gmail&amp;ust=1637430859736000&amp;usg=AOvVaw2l4B2SuHxURIl79ESJLAyy\">https:\/\/youtu.be\/9cLBoqsHyuM<\/a><\/li>\n<li style=\"font-weight: 400;\">Tutorial postulaci\u00f3n familiar:\u00a0<a href=\"https:\/\/youtu.be\/A41TT5PFI64\" data-saferedirecturl=\"https:\/\/www.google.com\/url?q=https:\/\/youtu.be\/A41TT5PFI64&amp;source=gmail&amp;ust=1637430859736000&amp;usg=AOvVaw3LYYsjuPr8yFuK6F83KZcO\">https:\/\/youtu.be\/A41TT5PFI64<\/a><\/li>\n<li style=\"font-weight: 400;\">Tutorial postulaci\u00f3n con traslado:\u00a0<a href=\"https:\/\/youtu.be\/kZueyVbk-mo\" data-saferedirecturl=\"https:\/\/www.google.com\/url?q=https:\/\/youtu.be\/kZueyVbk-mo&amp;source=gmail&amp;ust=1637430859736000&amp;usg=AOvVaw1zdYQ6lR99mgChCKgiwChs\">https:\/\/youtu.be\/kZueyVbk-mo<\/a><\/li>\n<li style=\"font-weight: 400;\">Tutorial postulaci\u00f3n individual en creol:\u00a0<a href=\"https:\/\/youtu.be\/RmogXV1GNY8\" data-saferedirecturl=\"https:\/\/www.google.com\/url?q=https:\/\/youtu.be\/RmogXV1GNY8&amp;source=gmail&amp;ust=1637430859736000&amp;usg=AOvVaw048VOWw1RIiXRVynpV0bRe\">https:\/\/youtu.be\/RmogXV1GNY8<\/a><\/li>\n<li style=\"font-weight: 400;\">Tutorial postulaci\u00f3n familiar en creol:\u00a0<a href=\"https:\/\/www.youtube.com\/watch?v=U9dFJZkfp8U\" data-saferedirecturl=\"https:\/\/www.google.com\/url?q=https:\/\/www.youtube.com\/watch?v%3DU9dFJZkfp8U&amp;source=gmail&amp;ust=1637430859736000&amp;usg=AOvVaw0-WR8t1Z3cnqwjcoODIhus\">https:\/\/www.youtube.com\/watch?v=U9dFJZkfp8U<\/a><\/li>\n<\/ul>\n<p style=\"font-weight: 400; text-align: justify;\">Es importante se\u00f1alar que estos videos explicativos fueron habilitados en idioma creol\u00e9 para facilitar este proceso a las familias y que todos los interesados puedan tener una opci\u00f3n de educaci\u00f3n gratuita y de calidad en primera infancia.<\/p>\n<p style=\"font-weight: 400; text-align: justify;\">Finalmente, cabe recordar que Fundaci\u00f3n Integra pertenece a la Red de Fundaciones de la Presidencia de la Rep\u00fablica. Con 31 a\u00f1os de experiencia, es la red m\u00e1s grande de salas cuna y jardines infantiles del pa\u00eds con administraci\u00f3n directa y con 19 Jardines Infantiles en la regi\u00f3n de Ays\u00e9n.<\/p>\n<\/div><\/section><\/div><div  style='height:50px' class='hr hr-invisible   avia-builder-el-6  el_after_av_one_full  el_before_av_social_share '><span class='hr-inner ' ><span class='hr-inner-style'><\/span><\/span><\/div><\/p>\n<div  class='av-social-sharing-box  avia-builder-el-7  el_after_av_hr  el_before_av_hr  '><div class='av-share-box'><h5 class='av-share-link-description av-no-toc '>Compartir esta noticia<\/h5><ul class='av-share-box-list noLightbox'><li class='av-share-link av-social-link-facebook' ><a target=\"_blank\" aria-label=\"Compartir en Facebook\" href='https:\/\/www.facebook.com\/sharer.php?u=https:\/\/radiorevelacionfm.cl\/?p=11028&#038;t=Integra%20invita%20a%20realizar%20postulaci%C3%B3n%20a%20sus%20Jardines%20Infantiles%20de%20manera%20Online' aria-hidden='false' data-av_icon='\ue8f3' data-av_iconfont='entypo-fontello' title='' data-avia-related-tooltip='Compartir en Facebook' rel=\"noopener\"><span class='avia_hidden_link_text'>Compartir en Facebook<\/span><\/a><\/li><li class='av-share-link av-social-link-twitter' ><a target=\"_blank\" aria-label=\"Compartir en Twitter\" href='https:\/\/twitter.com\/share?text=Integra%20invita%20a%20realizar%20postulaci%C3%B3n%20a%20sus%20Jardines%20Infantiles%20de%20manera%20Online&#038;url=https:\/\/radiorevelacionfm.cl\/?p=11028' aria-hidden='false' data-av_icon='\ue8f1' data-av_iconfont='entypo-fontello' title='' data-avia-related-tooltip='Compartir en Twitter' rel=\"noopener\"><span class='avia_hidden_link_text'>Compartir en Twitter<\/span><\/a><\/li><li class='av-share-link av-social-link-whatsapp' ><a target=\"_blank\" aria-label=\"Compartir en Whatsapp\" href='https:\/\/api.whatsapp.com\/send?text=https:\/\/radiorevelacionfm.cl\/?p=11028' aria-hidden='false' data-av_icon='\uf232' data-av_iconfont='entypo-fontello' title='' data-avia-related-tooltip='Compartir en Whatsapp' rel=\"noopener\"><span class='avia_hidden_link_text'>Compartir en Whatsapp<\/span><\/a><\/li><li class='av-share-link av-social-link-linkedin' ><a target=\"_blank\" aria-label=\"Compartir en LinkedIn\" href='https:\/\/linkedin.com\/shareArticle?mini=true&#038;title=Integra%20invita%20a%20realizar%20postulaci%C3%B3n%20a%20sus%20Jardines%20Infantiles%20de%20manera%20Online&#038;url=https:\/\/radiorevelacionfm.cl\/?p=11028' aria-hidden='false' data-av_icon='\ue8fc' data-av_iconfont='entypo-fontello' title='' data-avia-related-tooltip='Compartir en LinkedIn' rel=\"noopener\"><span class='avia_hidden_link_text'>Compartir en LinkedIn<\/span><\/a><\/li><li class='av-share-link av-social-link-mail' ><a  aria-label=\"Compartir por correo\" href='mailto:?subject=Integra%20invita%20a%20realizar%20postulaci%C3%B3n%20a%20sus%20Jardines%20Infantiles%20de%20manera%20Online&#038;body=https:\/\/radiorevelacionfm.cl\/?p=11028' aria-hidden='false' data-av_icon='\ue805' data-av_iconfont='entypo-fontello' title='' data-avia-related-tooltip='Compartir por correo'><span class='avia_hidden_link_text'>Compartir por correo<\/span><\/a><\/li><\/ul><\/div><\/div>\n<div  style='height:50px' class='hr hr-invisible   avia-builder-el-8  el_after_av_social_share  el_before_av_comments_list '><span class='hr-inner ' ><span class='hr-inner-style'><\/span><\/span><\/div>\n<div  class='av-buildercomment  av-blog-meta-html-info-disabled av-blog-meta-tag-disabled  '><\/div>\n","protected":false},"excerpt":{"rendered":"","protected":false},"author":1,"featured_media":11029,"comment_status":"open","ping_status":"open","sticky":false,"template":"","format":"standard","meta":{"footnotes":""},"categories":[49],"tags":[],"class_list":["post-11028","post","type-post","status-publish","format-standard","has-post-thumbnail","hentry","category-educacion"],"jetpack_featured_media_url":"https:\/\/radiorevelacionfm.cl\/wp-content\/uploads\/2021\/11\/3-62-1-1.jpg","_links":{"self":[{"href":"https:\/\/radiorevelacionfm.cl\/index.php?rest_route=\/wp\/v2\/posts\/11028","targetHints":{"allow":["GET"]}}],"collection":[{"href":"https:\/\/radiorevelacionfm.cl\/index.php?rest_route=\/wp\/v2\/posts"}],"about":[{"href":"https:\/\/radiorevelacionfm.cl\/index.php?rest_route=\/wp\/v2\/types\/post"}],"author":[{"embeddable":true,"href":"https:\/\/radiorevelacionfm.cl\/index.php?rest_route=\/wp\/v2\/users\/1"}],"replies":[{"embeddable":true,"href":"https:\/\/radiorevelacionfm.cl\/index.php?rest_route=%2Fwp%2Fv2%2Fcomments&post=11028"}],"version-history":[{"count":2,"href":"https:\/\/radiorevelacionfm.cl\/index.php?rest_route=\/wp\/v2\/posts\/11028\/revisions"}],"predecessor-version":[{"id":11031,"href":"https:\/\/radiorevelacionfm.cl\/index.php?rest_route=\/wp\/v2\/posts\/11028\/revisions\/11031"}],"wp:featuredmedia":[{"embeddable":true,"href":"https:\/\/radiorevelacionfm.cl\/index.php?rest_route=\/wp\/v2\/media\/11029"}],"wp:attachment":[{"href":"https:\/\/radiorevelacionfm.cl\/index.php?rest_route=%2Fwp%2Fv2%2Fmedia&parent=11028"}],"wp:term":[{"taxonomy":"category","embeddable":true,"href":"https:\/\/radiorevelacionfm.cl\/index.php?rest_route=%2Fwp%2Fv2%2Fcategories&post=11028"},{"taxonomy":"post_tag","embeddable":true,"href":"https:\/\/radiorevelacionfm.cl\/index.php?rest_route=%2Fwp%2Fv2%2Ftags&post=11028"}],"curies":[{"name":"wp","href":"https:\/\/api.w.org\/{rel}","templated":true}]}}