{"id":11020,"date":"2021-11-19T15:32:27","date_gmt":"2021-11-19T18:32:27","guid":{"rendered":"https:\/\/radiorevelacionfm.cl\/?p=11020"},"modified":"2021-11-19T15:46:09","modified_gmt":"2021-11-19T18:46:09","slug":"autoridades-de-la-red-asistencial-hacen-llamado-a-la-poblacion-a-cuidarse-y-a-completar-sus-esquemas-de-vacunacion-de-la-enfermedad","status":"publish","type":"post","link":"https:\/\/radiorevelacionfm.cl\/?p=11020","title":{"rendered":"Autoridades de la Red Asistencial hacen llamado a la poblaci\u00f3n a cuidarse y a completar sus esquemas de vacunaci\u00f3n"},"content":{"rendered":"<div class=\"flex_column av_one_full  flex_column_div av-zero-column-padding first  avia-builder-el-0  el_before_av_one_full  avia-builder-el-first  \" style='border-radius:0px; '><div  class='avia-image-container  av-styling-    avia-builder-el-1  avia-builder-el-no-sibling  avia-align-center '  itemprop=\"image\" itemscope=\"itemscope\" itemtype=\"https:\/\/schema.org\/ImageObject\"  ><div class='avia-image-container-inner'><div class='avia-image-overlay-wrap'><img decoding=\"async\" class='wp-image-11022 avia-img-lazy-loading-not-11022 avia_image' src=\"https:\/\/radiorevelacionfm.cl\/wp-content\/uploads\/2021\/11\/01-2-1_optimized.jpeg\" alt='' title='01-(2)-(1)_optimized' height=\"576\" width=\"1024\"  itemprop=\"thumbnailUrl\" srcset=\"https:\/\/radiorevelacionfm.cl\/wp-content\/uploads\/2021\/11\/01-2-1_optimized.jpeg 1024w, https:\/\/radiorevelacionfm.cl\/wp-content\/uploads\/2021\/11\/01-2-1_optimized-300x169.jpeg 300w, https:\/\/radiorevelacionfm.cl\/wp-content\/uploads\/2021\/11\/01-2-1_optimized-768x432.jpeg 768w, https:\/\/radiorevelacionfm.cl\/wp-content\/uploads\/2021\/11\/01-2-1_optimized-705x397.jpeg 705w, https:\/\/radiorevelacionfm.cl\/wp-content\/uploads\/2021\/11\/01-2-1_optimized-600x338.jpeg 600w\" sizes=\"(max-width: 1024px) 100vw, 1024px\" \/><\/div><\/div><\/div><\/div>\n<div class=\"flex_column av_one_full  flex_column_div av-zero-column-padding first  avia-builder-el-2  el_after_av_one_full  el_before_av_one_full  column-top-margin\" style='border-radius:0px; '><section class=\"av_textblock_section \"  itemscope=\"itemscope\" itemtype=\"https:\/\/schema.org\/BlogPosting\" itemprop=\"blogPost\" ><div class='avia_textblock  '   itemprop=\"text\" ><p style=\"text-align: center;\"><span style=\"font-size: 18pt;\"><strong>Autoridades de la Red Asistencial hacen llamado a la poblaci\u00f3n a cuidarse y a completar sus esquemas de vacunaci\u00f3n\u00a0<\/strong><\/span><\/p>\n<div id=\"gtx-trans\" style=\"position: absolute; left: -50px; top: 4.31534px;\">\n<div class=\"gtx-trans-icon\"><\/div>\n<\/div>\n<\/div><\/section><\/div>\n<div class=\"flex_column av_one_full  flex_column_div av-zero-column-padding first  avia-builder-el-4  el_after_av_one_full  el_before_av_hr  column-top-margin\" style='border-radius:0px; '><section class=\"av_textblock_section \"  itemscope=\"itemscope\" itemtype=\"https:\/\/schema.org\/BlogPosting\" itemprop=\"blogPost\" ><div class='avia_textblock  '   itemprop=\"text\" ><p>Sumando los casos fuera de reporte de hoy, la regi\u00f3n de Ays\u00e9n presenta un total de 377 casos activos de Covid-19.<\/p>\n<p style=\"text-align: justify;\">En las \u00faltimas semanas, la regi\u00f3n de Ays\u00e9n ha presentado un alza significativa de casos positivos de COVID-19, que ha supuesto un retroceso en el Plan Paso a Paso en las comunas de Coyhaique, Ays\u00e9n ciudades con m\u00e1s poblaci\u00f3n en la regi\u00f3n de Ays\u00e9n, provocando preocupaci\u00f3n en las autoridades de la Red Asistencial.<\/p>\n<p style=\"text-align: justify;\">Para Gabriel Burgos Salas, director del Servicio de Salud Ays\u00e9n, el escenario que se produjo en los meses de abril, mayo y junio podr\u00eda repetirse, llevando a la autoridad sanitaria a tomar medidas m\u00e1s restrictivas para reducir la transmisibilidad de la enfermedad \u201cEstamos muy preocupados, vemos cierto relajo, y eso nos preocupa. Hoy hay mutaciones del Covid, que son mucho m\u00e1s contagiosas, por lo que invitamos a la poblaci\u00f3n a cuidarse, a ocupar de buena manera nuestra Red Asistencial, a que acudan a los puntos de b\u00fasqueda activa de casos asintom\u00e1ticos para evitar m\u00e1s contagios, es la \u00fanica manera de frenar el r\u00e1pido avance de los casos positivos\u201d.<\/p>\n<p style=\"text-align: justify;\">M\u00e1s all\u00e1, el directivo fue enf\u00e1tico en invitar a la comunidad a que se administre la dosis de refuerzo contra el Covid-19 \u201ctenemos desplegados puntos de vacunaci\u00f3n en toda la regi\u00f3n, en un territorio extenso, donde todo cuesta m\u00e1s, pero se ha logrado llegar a todos los lugares. Invito una vez m\u00e1s a que quienes no se hayan vacunado, lo hagan, no hay excusas, para aquellos que les falta esquema o dosis de refuerzo. Nos fue bien en la primera etapa, logramos detener y disminuir los casos de gravedad de la enfermedad, pero ese no es el escenario de hoy\u201d.<\/p>\n<p style=\"text-align: justify;\">Gabriel Burgos destac\u00f3 el trabajo mancomunado que se ha realizado entre los distintos centros de la Red Asistencial Regional para ir en apoyo de la creciente demanda de prestaciones \u201cLos equipos de salud han hecho un trabajo encomiable. No olvidemos que llevamos m\u00e1s de 20 meses de pandemia, que no tenemos cl\u00ednicas a las que acudir en caso de que nos veamos sobrepasados. Es un proceso de muy largo aliento, en el que hemos debido saber trabajar una serie de estrategias que nos ha exigido desarrollar una planificaci\u00f3n y gesti\u00f3n eficiente de cada una de nuestras acciones, las que son coordinadas con cada uno de los establecimientos que la integran, que por supuesto ha incluido un proceso de vacunaci\u00f3n in\u00e9dito en el pa\u00eds para enfrentar la pandemia\u201d.<\/p>\n<p style=\"text-align: justify;\">Por su parte, el Dr. Franklin Fournier, Subdirector de Gesti\u00f3n Asistencial del Servicio de Salud Ays\u00e9n se\u00f1al\u00f3 que \u201cdebemos seguir alertas. Lo que est\u00e1 ocurriendo hoy no nos gusta nada. Como sociedad aysenina debemos hacer lo imposible para frenar esta nueva ola de contagios\u201d.<\/p>\n<p style=\"text-align: justify;\">Ante el alza de contagios y de hospitalizaciones por Covid-19 y lo que significa para el Hospital Regional Coyhaique, \u00fanico centro de alta complejidad de la regi\u00f3n de Ays\u00e9n, se\u00f1al\u00f3 que \u201ces preocupante, efectivamente esa cifra ha aumentado. Hoy, el establecimiento tiene un total de 24 pacientes hospitalizados por la enfermedad, en el que 4 de ellos se encuentran conectados a ventilaci\u00f3n mec\u00e1nica invasiva en la Unidad de Cuidados Intensivos, situaci\u00f3n que se aleja de la de las \u00faltimas semanas. Por eso insisto, el llamado es a vacunarse, a cuidarse, a prevenir s\u00edntomas graves de la enfermedad\u201d.<\/p>\n<p style=\"text-align: justify;\">Resaltar que los puntos de vacunaci\u00f3n y de b\u00fasqueda activa de casos asintom\u00e1ticos se encuentran publicados en la p\u00e1gina web del Servicio de Salud Ays\u00e9n www.salud aysen.cl y en sus redes sociales.<\/p>\n<\/div><\/section><\/div><div  style='height:50px' class='hr hr-invisible   avia-builder-el-6  el_after_av_one_full  el_before_av_social_share '><span class='hr-inner ' ><span class='hr-inner-style'><\/span><\/span><\/div><\/p>\n<div  class='av-social-sharing-box  avia-builder-el-7  el_after_av_hr  el_before_av_hr  '><div class='av-share-box'><h5 class='av-share-link-description av-no-toc '>Compartir esta noticia<\/h5><ul class='av-share-box-list noLightbox'><li class='av-share-link av-social-link-facebook' ><a target=\"_blank\" aria-label=\"Compartir en Facebook\" href='https:\/\/www.facebook.com\/sharer.php?u=https:\/\/radiorevelacionfm.cl\/?p=11020&#038;t=Autoridades%20de%20la%20Red%20Asistencial%20hacen%20llamado%20a%20la%20poblaci%C3%B3n%20a%20cuidarse%20y%20a%20completar%20sus%20esquemas%20de%20vacunaci%C3%B3n' aria-hidden='false' data-av_icon='\ue8f3' data-av_iconfont='entypo-fontello' title='' data-avia-related-tooltip='Compartir en Facebook' rel=\"noopener\"><span class='avia_hidden_link_text'>Compartir en Facebook<\/span><\/a><\/li><li class='av-share-link av-social-link-twitter' ><a target=\"_blank\" aria-label=\"Compartir en Twitter\" href='https:\/\/twitter.com\/share?text=Autoridades%20de%20la%20Red%20Asistencial%20hacen%20llamado%20a%20la%20poblaci%C3%B3n%20a%20cuidarse%20y%20a%20completar%20sus%20esquemas%20de%20vacunaci%C3%B3n&#038;url=https:\/\/radiorevelacionfm.cl\/?p=11020' aria-hidden='false' data-av_icon='\ue8f1' data-av_iconfont='entypo-fontello' title='' data-avia-related-tooltip='Compartir en Twitter' rel=\"noopener\"><span class='avia_hidden_link_text'>Compartir en Twitter<\/span><\/a><\/li><li class='av-share-link av-social-link-whatsapp' ><a target=\"_blank\" aria-label=\"Compartir en Whatsapp\" href='https:\/\/api.whatsapp.com\/send?text=https:\/\/radiorevelacionfm.cl\/?p=11020' aria-hidden='false' data-av_icon='\uf232' data-av_iconfont='entypo-fontello' title='' data-avia-related-tooltip='Compartir en Whatsapp' rel=\"noopener\"><span class='avia_hidden_link_text'>Compartir en Whatsapp<\/span><\/a><\/li><li class='av-share-link av-social-link-linkedin' ><a target=\"_blank\" aria-label=\"Compartir en LinkedIn\" href='https:\/\/linkedin.com\/shareArticle?mini=true&#038;title=Autoridades%20de%20la%20Red%20Asistencial%20hacen%20llamado%20a%20la%20poblaci%C3%B3n%20a%20cuidarse%20y%20a%20completar%20sus%20esquemas%20de%20vacunaci%C3%B3n&#038;url=https:\/\/radiorevelacionfm.cl\/?p=11020' aria-hidden='false' data-av_icon='\ue8fc' data-av_iconfont='entypo-fontello' title='' data-avia-related-tooltip='Compartir en LinkedIn' rel=\"noopener\"><span class='avia_hidden_link_text'>Compartir en LinkedIn<\/span><\/a><\/li><li class='av-share-link av-social-link-mail' ><a  aria-label=\"Compartir por correo\" href='mailto:?subject=Autoridades%20de%20la%20Red%20Asistencial%20hacen%20llamado%20a%20la%20poblaci%C3%B3n%20a%20cuidarse%20y%20a%20completar%20sus%20esquemas%20de%20vacunaci%C3%B3n&#038;body=https:\/\/radiorevelacionfm.cl\/?p=11020' aria-hidden='false' data-av_icon='\ue805' data-av_iconfont='entypo-fontello' title='' data-avia-related-tooltip='Compartir por correo'><span class='avia_hidden_link_text'>Compartir por correo<\/span><\/a><\/li><\/ul><\/div><\/div>\n<div  style='height:50px' class='hr hr-invisible   avia-builder-el-8  el_after_av_social_share  el_before_av_comments_list '><span class='hr-inner ' ><span class='hr-inner-style'><\/span><\/span><\/div>\n<div  class='av-buildercomment  av-blog-meta-html-info-disabled av-blog-meta-tag-disabled  '><\/div>\n","protected":false},"excerpt":{"rendered":"","protected":false},"author":1,"featured_media":11022,"comment_status":"open","ping_status":"open","sticky":false,"template":"","format":"standard","meta":{"footnotes":""},"categories":[46],"tags":[],"class_list":["post-11020","post","type-post","status-publish","format-standard","has-post-thumbnail","hentry","category-salud"],"jetpack_featured_media_url":"https:\/\/radiorevelacionfm.cl\/wp-content\/uploads\/2021\/11\/01-2-1_optimized.jpeg","_links":{"self":[{"href":"https:\/\/radiorevelacionfm.cl\/index.php?rest_route=\/wp\/v2\/posts\/11020","targetHints":{"allow":["GET"]}}],"collection":[{"href":"https:\/\/radiorevelacionfm.cl\/index.php?rest_route=\/wp\/v2\/posts"}],"about":[{"href":"https:\/\/radiorevelacionfm.cl\/index.php?rest_route=\/wp\/v2\/types\/post"}],"author":[{"embeddable":true,"href":"https:\/\/radiorevelacionfm.cl\/index.php?rest_route=\/wp\/v2\/users\/1"}],"replies":[{"embeddable":true,"href":"https:\/\/radiorevelacionfm.cl\/index.php?rest_route=%2Fwp%2Fv2%2Fcomments&post=11020"}],"version-history":[{"count":4,"href":"https:\/\/radiorevelacionfm.cl\/index.php?rest_route=\/wp\/v2\/posts\/11020\/revisions"}],"predecessor-version":[{"id":11026,"href":"https:\/\/radiorevelacionfm.cl\/index.php?rest_route=\/wp\/v2\/posts\/11020\/revisions\/11026"}],"wp:featuredmedia":[{"embeddable":true,"href":"https:\/\/radiorevelacionfm.cl\/index.php?rest_route=\/wp\/v2\/media\/11022"}],"wp:attachment":[{"href":"https:\/\/radiorevelacionfm.cl\/index.php?rest_route=%2Fwp%2Fv2%2Fmedia&parent=11020"}],"wp:term":[{"taxonomy":"category","embeddable":true,"href":"https:\/\/radiorevelacionfm.cl\/index.php?rest_route=%2Fwp%2Fv2%2Fcategories&post=11020"},{"taxonomy":"post_tag","embeddable":true,"href":"https:\/\/radiorevelacionfm.cl\/index.php?rest_route=%2Fwp%2Fv2%2Ftags&post=11020"}],"curies":[{"name":"wp","href":"https:\/\/api.w.org\/{rel}","templated":true}]}}