{"id":11013,"date":"2021-11-19T12:30:41","date_gmt":"2021-11-19T15:30:41","guid":{"rendered":"https:\/\/radiorevelacionfm.cl\/?p=11013"},"modified":"2021-11-19T12:30:41","modified_gmt":"2021-11-19T15:30:41","slug":"pdi-y-fiscalia-investigan-caso-de-violacion-en-puerto-aysen","status":"publish","type":"post","link":"https:\/\/radiorevelacionfm.cl\/?p=11013","title":{"rendered":"PDI y Fiscal\u00eda investigan caso de violaci\u00f3n en Puerto Ays\u00e9n"},"content":{"rendered":"<div class=\"flex_column av_one_full  flex_column_div av-zero-column-padding first  avia-builder-el-0  el_before_av_one_full  avia-builder-el-first  \" style='border-radius:0px; '><div  class='avia-image-container  av-styling-    avia-builder-el-1  avia-builder-el-no-sibling  avia-align-center '  itemprop=\"image\" itemscope=\"itemscope\" itemtype=\"https:\/\/schema.org\/ImageObject\"  ><div class='avia-image-container-inner'><div class='avia-image-overlay-wrap'><img decoding=\"async\" class='wp-image-11014 avia-img-lazy-loading-not-11014 avia_image' src=\"https:\/\/radiorevelacionfm.cl\/wp-content\/uploads\/2021\/11\/Caso-detencion-Puerto-Aysen-17-11-2021-001-1.jpg\" alt='' title='Caso detenci\u00f3n Puerto Ays\u00e9n 17-11-2021 001 (1)' height=\"600\" width=\"1058\"  itemprop=\"thumbnailUrl\" srcset=\"https:\/\/radiorevelacionfm.cl\/wp-content\/uploads\/2021\/11\/Caso-detencion-Puerto-Aysen-17-11-2021-001-1.jpg 1058w, https:\/\/radiorevelacionfm.cl\/wp-content\/uploads\/2021\/11\/Caso-detencion-Puerto-Aysen-17-11-2021-001-1-300x170.jpg 300w, https:\/\/radiorevelacionfm.cl\/wp-content\/uploads\/2021\/11\/Caso-detencion-Puerto-Aysen-17-11-2021-001-1-1030x584.jpg 1030w, https:\/\/radiorevelacionfm.cl\/wp-content\/uploads\/2021\/11\/Caso-detencion-Puerto-Aysen-17-11-2021-001-1-768x436.jpg 768w, https:\/\/radiorevelacionfm.cl\/wp-content\/uploads\/2021\/11\/Caso-detencion-Puerto-Aysen-17-11-2021-001-1-705x400.jpg 705w, https:\/\/radiorevelacionfm.cl\/wp-content\/uploads\/2021\/11\/Caso-detencion-Puerto-Aysen-17-11-2021-001-1-600x340.jpg 600w\" sizes=\"(max-width: 1058px) 100vw, 1058px\" \/><\/div><\/div><\/div><\/div><div class=\"flex_column av_one_full  flex_column_div av-zero-column-padding first  avia-builder-el-2  el_after_av_one_full  el_before_av_one_full  column-top-margin\" style='border-radius:0px; '><section class=\"av_textblock_section \"  itemscope=\"itemscope\" itemtype=\"https:\/\/schema.org\/BlogPosting\" itemprop=\"blogPost\" ><div class='avia_textblock  '   itemprop=\"text\" ><p style=\"text-align: center;\"><span style=\"font-size: 18pt;\"><strong>PDI y Fiscal\u00eda investigan caso de violaci\u00f3n en Puerto Ays\u00e9n<\/strong><\/span><\/p>\n<div id=\"gtx-trans\" style=\"position: absolute; left: -50px; top: 4.31534px;\">\n<div class=\"gtx-trans-icon\"><\/div>\n<\/div>\n<\/div><\/section><\/div><div class=\"flex_column av_one_full  flex_column_div av-zero-column-padding first  avia-builder-el-4  el_after_av_one_full  el_before_av_hr  column-top-margin\" style='border-radius:0px; '><section class=\"av_textblock_section \"  itemscope=\"itemscope\" itemtype=\"https:\/\/schema.org\/BlogPosting\" itemprop=\"blogPost\" ><div class='avia_textblock  '   itemprop=\"text\" ><p style=\"text-align: justify;\">El d\u00eda mi\u00e9rcoles 17 de noviembre, en un trabajo coordinado entre la Polic\u00eda de Investigaciones y el Ministerio P\u00fablico, detectives de la Brigada Investigadora de Delitos Sexuales Coyhaique, y gracias al apoyo de detectives de la Prefectura Provincial Ays\u00e9n, detuvieron a un hombre de 56 a\u00f1os imputado por el delito de violaci\u00f3n de mayor de 14 a\u00f1os, hecho que afect\u00f3 el pasado martes a una mujer de 26 a\u00f1os en la ciudad de Puerto Ays\u00e9n.<\/p>\n<p style=\"text-align: justify;\">Tras la solicitud de la Fiscal\u00eda Local de Puerto Ays\u00e9n, el jefe de la unidad especializada, subprefecto Richard Biernay, se\u00f1al\u00f3 que \u201cpersonal de la Brigada Investigadora de Delitos Sexuales Coyhaique concurri\u00f3 hasta Puerto Ays\u00e9n, tras recibir informaci\u00f3n de una denuncia interpuesta en Carabineros de Chile por el delito de violaci\u00f3n de mayor de 14 a\u00f1os, hecho ocurrido el d\u00eda 16 de noviembre de 2021 que afect\u00f3 a una mujer de 26 a\u00f1os de edad\u201d.<\/p>\n<p style=\"text-align: justify;\">Sobre el trabajo de an\u00e1lisis e investigaci\u00f3n criminal, el subprefecto Biernay destac\u00f3 que \u201cjunto a peritos del Laboratorio de Criminal\u00edstica Regional de Coyhaique de la PDI se procedi\u00f3 a la fijaci\u00f3n fotogr\u00e1fica y planim\u00e9trica del lugar, tomar declaraci\u00f3n a testigos y al imputado\u201d. En el Hospital Regional de Coyhaique se procedi\u00f3 a tomar el examen de rigor y, posteriormente, \u201cse obtuvo informaci\u00f3n que determin\u00f3 la participaci\u00f3n del imputado en los hechos, procedi\u00e9ndose el d\u00eda 17 de noviembre a su detenci\u00f3n, por la responsabilidad que le cabe en los hechos investigados\u201d, acot\u00f3 el jefe de la unidad especializada.<\/p>\n<p style=\"text-align: justify;\">En ese sentido, la fiscal Marcela Vald\u00e9s indic\u00f3 que \u201ccontando con todos los antecedentes en la carpeta investigativa que nos permitieran en una fase inicial acreditar el delito como la participaci\u00f3n del imputado, se pidi\u00f3 una orden de detenci\u00f3n al Juzgado de Garant\u00eda de Puerto Ays\u00e9n, la cual fue concedida y se procedi\u00f3 r\u00e1pidamente a darle curso por la PDI\u201d, pasando a control de detenci\u00f3n y formalizaci\u00f3n ante el Juzgado de Garant\u00eda de Puerto Ays\u00e9n la tarde del jueves 18 de noviembre.<\/p>\n<p style=\"text-align: justify;\">Sobre la formalizaci\u00f3n, la fiscal Vald\u00e9s, mencion\u00f3 que \u201cen el control de detenci\u00f3n se formaliz\u00f3 la investigaci\u00f3n, en este caso por un delito de violaci\u00f3n de una persona mayor de edad, y se solicitaron medidas cautelares\u201d, agregando que \u201cen este caso, atendida la gravedad del delito y todos los antecedentes que fueron expuestos al Tribunal, se solicit\u00f3 y se concedi\u00f3 la medida cautelar de prisi\u00f3n preventiva, y adem\u00e1s se fij\u00f3 un plazo de investigar de 90 d\u00edas\u201d.<\/p>\n<p style=\"text-align: justify;\">Durante el transcurso de la investigaci\u00f3n, \u201cvamos a desarrollar todas las diligencias que se encuentren pendientes, vamos a seguir trabajando con la Brigada Investigadora de Delitos Sexuales Coyhaique, asimismo con peritajes que eventualmente se van a solicitar al Servicio M\u00e9dico Legal, y otras diligencias que son necesarias y de importancia para el procedimiento\u201d, finaliz\u00f3 la persecutora penal.<\/p>\n<\/div><\/section><\/div><div  style='height:50px' class='hr hr-invisible   avia-builder-el-6  el_after_av_one_full  el_before_av_social_share '><span class='hr-inner ' ><span class='hr-inner-style'><\/span><\/span><\/div><\/p>\n<div  class='av-social-sharing-box  avia-builder-el-7  el_after_av_hr  el_before_av_hr  '><div class='av-share-box'><h5 class='av-share-link-description av-no-toc '>Compartir esta noticia<\/h5><ul class='av-share-box-list noLightbox'><li class='av-share-link av-social-link-facebook' ><a target=\"_blank\" aria-label=\"Compartir en Facebook\" href='https:\/\/www.facebook.com\/sharer.php?u=https:\/\/radiorevelacionfm.cl\/?p=11013&#038;t=PDI%20y%20Fiscal%C3%ADa%20investigan%20caso%20de%20violaci%C3%B3n%20en%20Puerto%20Ays%C3%A9n' aria-hidden='false' data-av_icon='\ue8f3' data-av_iconfont='entypo-fontello' title='' data-avia-related-tooltip='Compartir en Facebook' rel=\"noopener\"><span class='avia_hidden_link_text'>Compartir en Facebook<\/span><\/a><\/li><li class='av-share-link av-social-link-twitter' ><a target=\"_blank\" aria-label=\"Compartir en Twitter\" href='https:\/\/twitter.com\/share?text=PDI%20y%20Fiscal%C3%ADa%20investigan%20caso%20de%20violaci%C3%B3n%20en%20Puerto%20Ays%C3%A9n&#038;url=https:\/\/radiorevelacionfm.cl\/?p=11013' aria-hidden='false' data-av_icon='\ue8f1' data-av_iconfont='entypo-fontello' title='' data-avia-related-tooltip='Compartir en Twitter' rel=\"noopener\"><span class='avia_hidden_link_text'>Compartir en Twitter<\/span><\/a><\/li><li class='av-share-link av-social-link-whatsapp' ><a target=\"_blank\" aria-label=\"Compartir en Whatsapp\" href='https:\/\/api.whatsapp.com\/send?text=https:\/\/radiorevelacionfm.cl\/?p=11013' aria-hidden='false' data-av_icon='\uf232' data-av_iconfont='entypo-fontello' title='' data-avia-related-tooltip='Compartir en Whatsapp' rel=\"noopener\"><span class='avia_hidden_link_text'>Compartir en Whatsapp<\/span><\/a><\/li><li class='av-share-link av-social-link-linkedin' ><a target=\"_blank\" aria-label=\"Compartir en LinkedIn\" href='https:\/\/linkedin.com\/shareArticle?mini=true&#038;title=PDI%20y%20Fiscal%C3%ADa%20investigan%20caso%20de%20violaci%C3%B3n%20en%20Puerto%20Ays%C3%A9n&#038;url=https:\/\/radiorevelacionfm.cl\/?p=11013' aria-hidden='false' data-av_icon='\ue8fc' data-av_iconfont='entypo-fontello' title='' data-avia-related-tooltip='Compartir en LinkedIn' rel=\"noopener\"><span class='avia_hidden_link_text'>Compartir en LinkedIn<\/span><\/a><\/li><li class='av-share-link av-social-link-mail' ><a  aria-label=\"Compartir por correo\" href='mailto:?subject=PDI%20y%20Fiscal%C3%ADa%20investigan%20caso%20de%20violaci%C3%B3n%20en%20Puerto%20Ays%C3%A9n&#038;body=https:\/\/radiorevelacionfm.cl\/?p=11013' aria-hidden='false' data-av_icon='\ue805' data-av_iconfont='entypo-fontello' title='' data-avia-related-tooltip='Compartir por correo'><span class='avia_hidden_link_text'>Compartir por correo<\/span><\/a><\/li><\/ul><\/div><\/div>\n<div  style='height:50px' class='hr hr-invisible   avia-builder-el-8  el_after_av_social_share  el_before_av_comments_list '><span class='hr-inner ' ><span class='hr-inner-style'><\/span><\/span><\/div>\n<div  class='av-buildercomment  av-blog-meta-html-info-disabled av-blog-meta-tag-disabled  '><\/div>\n","protected":false},"excerpt":{"rendered":"","protected":false},"author":1,"featured_media":11014,"comment_status":"open","ping_status":"open","sticky":false,"template":"","format":"standard","meta":{"footnotes":""},"categories":[36],"tags":[],"class_list":["post-11013","post","type-post","status-publish","format-standard","has-post-thumbnail","hentry","category-policial"],"jetpack_featured_media_url":"https:\/\/radiorevelacionfm.cl\/wp-content\/uploads\/2021\/11\/Caso-detencion-Puerto-Aysen-17-11-2021-001-1.jpg","_links":{"self":[{"href":"https:\/\/radiorevelacionfm.cl\/index.php?rest_route=\/wp\/v2\/posts\/11013","targetHints":{"allow":["GET"]}}],"collection":[{"href":"https:\/\/radiorevelacionfm.cl\/index.php?rest_route=\/wp\/v2\/posts"}],"about":[{"href":"https:\/\/radiorevelacionfm.cl\/index.php?rest_route=\/wp\/v2\/types\/post"}],"author":[{"embeddable":true,"href":"https:\/\/radiorevelacionfm.cl\/index.php?rest_route=\/wp\/v2\/users\/1"}],"replies":[{"embeddable":true,"href":"https:\/\/radiorevelacionfm.cl\/index.php?rest_route=%2Fwp%2Fv2%2Fcomments&post=11013"}],"version-history":[{"count":2,"href":"https:\/\/radiorevelacionfm.cl\/index.php?rest_route=\/wp\/v2\/posts\/11013\/revisions"}],"predecessor-version":[{"id":11016,"href":"https:\/\/radiorevelacionfm.cl\/index.php?rest_route=\/wp\/v2\/posts\/11013\/revisions\/11016"}],"wp:featuredmedia":[{"embeddable":true,"href":"https:\/\/radiorevelacionfm.cl\/index.php?rest_route=\/wp\/v2\/media\/11014"}],"wp:attachment":[{"href":"https:\/\/radiorevelacionfm.cl\/index.php?rest_route=%2Fwp%2Fv2%2Fmedia&parent=11013"}],"wp:term":[{"taxonomy":"category","embeddable":true,"href":"https:\/\/radiorevelacionfm.cl\/index.php?rest_route=%2Fwp%2Fv2%2Fcategories&post=11013"},{"taxonomy":"post_tag","embeddable":true,"href":"https:\/\/radiorevelacionfm.cl\/index.php?rest_route=%2Fwp%2Fv2%2Ftags&post=11013"}],"curies":[{"name":"wp","href":"https:\/\/api.w.org\/{rel}","templated":true}]}}