{"id":10949,"date":"2021-11-18T09:24:19","date_gmt":"2021-11-18T12:24:19","guid":{"rendered":"https:\/\/radiorevelacionfm.cl\/?p=10949"},"modified":"2021-11-18T09:24:19","modified_gmt":"2021-11-18T12:24:19","slug":"carabineros-ha-desarticulado-a-nivel-nacional-mas-de-800-bandas-criminales-en-el-transcurso-de-este-ano","status":"publish","type":"post","link":"https:\/\/radiorevelacionfm.cl\/?p=10949","title":{"rendered":"Carabineros ha desarticulado a nivel nacional m\u00e1s de 800 bandas criminales en el transcurso de este a\u00f1o"},"content":{"rendered":"<div class=\"flex_column av_one_full  flex_column_div av-zero-column-padding first  avia-builder-el-0  el_before_av_one_full  avia-builder-el-first  \" style='border-radius:0px; '><div  class='avia-image-container  av-styling-    avia-builder-el-1  avia-builder-el-no-sibling  avia-align-center '  itemprop=\"image\" itemscope=\"itemscope\" itemtype=\"https:\/\/schema.org\/ImageObject\"  ><div class='avia-image-container-inner'><div class='avia-image-overlay-wrap'><img decoding=\"async\" class='wp-image-10950 avia-img-lazy-loading-not-10950 avia_image' src=\"https:\/\/radiorevelacionfm.cl\/wp-content\/uploads\/2021\/11\/b01a-1-1.jpg\" alt='' title='b01a (1) (1)' height=\"600\" width=\"858\"  itemprop=\"thumbnailUrl\" srcset=\"https:\/\/radiorevelacionfm.cl\/wp-content\/uploads\/2021\/11\/b01a-1-1.jpg 858w, https:\/\/radiorevelacionfm.cl\/wp-content\/uploads\/2021\/11\/b01a-1-1-300x210.jpg 300w, https:\/\/radiorevelacionfm.cl\/wp-content\/uploads\/2021\/11\/b01a-1-1-768x537.jpg 768w, https:\/\/radiorevelacionfm.cl\/wp-content\/uploads\/2021\/11\/b01a-1-1-705x493.jpg 705w, https:\/\/radiorevelacionfm.cl\/wp-content\/uploads\/2021\/11\/b01a-1-1-600x420.jpg 600w\" sizes=\"(max-width: 858px) 100vw, 858px\" \/><\/div><\/div><\/div><\/div><div class=\"flex_column av_one_full  flex_column_div av-zero-column-padding first  avia-builder-el-2  el_after_av_one_full  el_before_av_one_full  column-top-margin\" style='border-radius:0px; '><section class=\"av_textblock_section \"  itemscope=\"itemscope\" itemtype=\"https:\/\/schema.org\/BlogPosting\" itemprop=\"blogPost\" ><div class='avia_textblock  '   itemprop=\"text\" ><p style=\"text-align: center;\"><span style=\"font-size: 18pt;\"><b>C<\/b><b>arabineros ha desarticulado\u00a0<\/b><b>a nivel nacional\u00a0<\/b><b>m\u00e1s de 800 bandas criminales\u00a0<\/b><b>en el transcurso de es<\/b><b>te a\u00f1o<\/b><\/span><\/p>\n<div id=\"gtx-trans\" style=\"position: absolute; left: -50px; top: 4.31534px;\">\n<div class=\"gtx-trans-icon\"><\/div>\n<\/div>\n<\/div><\/section><\/div><div class=\"flex_column av_one_full  flex_column_div av-zero-column-padding first  avia-builder-el-4  el_after_av_one_full  el_before_av_hr  column-top-margin\" style='border-radius:0px; '><section class=\"av_textblock_section \"  itemscope=\"itemscope\" itemtype=\"https:\/\/schema.org\/BlogPosting\" itemprop=\"blogPost\" ><div class='avia_textblock  '   itemprop=\"text\" ><p style=\"text-align: justify;\">Trece organizaciones delictuales fueron desbaratadas por personal uniformado durante la \u00faltima semana, sumando efectividad a la labor focalizada en barrios prioritarios.<\/p>\n<p style=\"text-align: justify;\">Carabineros ha detenido a 486.433 personas por diversos delitos a nivel nacional desde el 1 de enero a la fecha, siendo 6.165 los aprehendidos en la \u00faltima semana. Y en lo que va de este a\u00f1o, 813 bandas han sido sacadas de circulaci\u00f3n por la polic\u00eda uniformada, dando un golpe a trece de ellas en la \u00faltima semana.<br \/>\nNo solo en este aspecto el trabajo focalizado y preventivo que Carabineros de Chile mantiene de manera permanente en el territorio nacional ha dado cr\u00e9ditos, sino que tambi\u00e9n en lograr recuperar y sacar de las calles 2.117 armas de fuego, de las cuales 448 fueron adaptadas y modificadas para disparar munici\u00f3n real.<\/p>\n<p style=\"text-align: justify;\">Seg\u00fan indic\u00f3 el Director Nacional de Orden y Seguridad, General Inspector Marcelo Araya, el Plan Anti Portonazos que se ha desplegado desde mayo en la Regi\u00f3n Metropolitana ha entregado positivas cifras en la recuperaci\u00f3n de veh\u00edculos sustra\u00eddos mediante el robo con violencia. A ello se suma el trabajo especializado y territorial de carabineros el cual ha permitido devolver a sus due\u00f1os 13.751 autom\u00f3viles con encargo por robo, siendo 35 de estos recuperados durante la semana anterior.<\/p>\n<p style=\"text-align: justify;\">Si de resultados especializados se trata, durante el presente a\u00f1o ya son 24.617 kilos de droga los que han sido incautados, mientras que en los \u00faltimos siete d\u00edas se han sacado de circulaci\u00f3n 137 kilos de droga procesada.<br \/>\n\u00abNuestros carabineros se despliegan todos los d\u00edas en diversas y numerosas tareas. Y ese trabajo incansable rinde frutos que son innegables. Pero la seguridad es tarea de todos, y la ciudadan\u00eda puede seguir aport\u00e1ndonos con llamadas e informaci\u00f3n. Gracias a sus avisos podemos seguir trabajando en conjunto por llevar cada d\u00eda m\u00e1s tranquilidad a sus barrios y a sus casas\u00bb, dijo el General Inspector Araya.<\/p>\n<p><b>Servicios Preventivos en la RM<\/b><\/p>\n<p style=\"text-align: justify;\">Este despliegue operativo, con m\u00e1s de 45 horas de apoyo en vuelo de drones desde el 19 de octubre a la fecha, ha permitido detener a 133 sujetos, 51 de ellos en delitos flagrantes y 82 con \u00f3rdenes de detenci\u00f3n vigentes; incautar 9 armas de fuego y sacar de las calles m\u00e1s de 34 kilos de droga. Adem\u00e1s, registra 1.564 fiscalizaciones y 25.052 controles.<br \/>\nEn lo que se refiere a la lucha contra el narcotr\u00e1fico, durante este a\u00f1o 2021 se han realizado 633 allanamientos solo en los denominados barrios prioritarios, identificando 908 infractores de ley y decomisando m\u00e1s de 3.227 kilos de droga.<\/p>\n<\/div><\/section><\/div><div  style='height:50px' class='hr hr-invisible   avia-builder-el-6  el_after_av_one_full  el_before_av_social_share '><span class='hr-inner ' ><span class='hr-inner-style'><\/span><\/span><\/div><\/p>\n<div  class='av-social-sharing-box  avia-builder-el-7  el_after_av_hr  el_before_av_hr  '><div class='av-share-box'><h5 class='av-share-link-description av-no-toc '>Compartir esta noticia<\/h5><ul class='av-share-box-list noLightbox'><li class='av-share-link av-social-link-facebook' ><a target=\"_blank\" aria-label=\"Compartir en Facebook\" href='https:\/\/www.facebook.com\/sharer.php?u=https:\/\/radiorevelacionfm.cl\/?p=10949&#038;t=Carabineros%20ha%20desarticulado%20a%20nivel%20nacional%20m%C3%A1s%20de%20800%20bandas%20criminales%20en%20el%20transcurso%20de%20este%20a%C3%B1o' aria-hidden='false' data-av_icon='\ue8f3' data-av_iconfont='entypo-fontello' title='' data-avia-related-tooltip='Compartir en Facebook' rel=\"noopener\"><span class='avia_hidden_link_text'>Compartir en Facebook<\/span><\/a><\/li><li class='av-share-link av-social-link-twitter' ><a target=\"_blank\" aria-label=\"Compartir en Twitter\" href='https:\/\/twitter.com\/share?text=Carabineros%20ha%20desarticulado%20a%20nivel%20nacional%20m%C3%A1s%20de%20800%20bandas%20criminales%20en%20el%20transcurso%20de%20este%20a%C3%B1o&#038;url=https:\/\/radiorevelacionfm.cl\/?p=10949' aria-hidden='false' data-av_icon='\ue8f1' data-av_iconfont='entypo-fontello' title='' data-avia-related-tooltip='Compartir en Twitter' rel=\"noopener\"><span class='avia_hidden_link_text'>Compartir en Twitter<\/span><\/a><\/li><li class='av-share-link av-social-link-whatsapp' ><a target=\"_blank\" aria-label=\"Compartir en Whatsapp\" href='https:\/\/api.whatsapp.com\/send?text=https:\/\/radiorevelacionfm.cl\/?p=10949' aria-hidden='false' data-av_icon='\uf232' data-av_iconfont='entypo-fontello' title='' data-avia-related-tooltip='Compartir en Whatsapp' rel=\"noopener\"><span class='avia_hidden_link_text'>Compartir en Whatsapp<\/span><\/a><\/li><li class='av-share-link av-social-link-linkedin' ><a target=\"_blank\" aria-label=\"Compartir en LinkedIn\" href='https:\/\/linkedin.com\/shareArticle?mini=true&#038;title=Carabineros%20ha%20desarticulado%20a%20nivel%20nacional%20m%C3%A1s%20de%20800%20bandas%20criminales%20en%20el%20transcurso%20de%20este%20a%C3%B1o&#038;url=https:\/\/radiorevelacionfm.cl\/?p=10949' aria-hidden='false' data-av_icon='\ue8fc' data-av_iconfont='entypo-fontello' title='' data-avia-related-tooltip='Compartir en LinkedIn' rel=\"noopener\"><span class='avia_hidden_link_text'>Compartir en LinkedIn<\/span><\/a><\/li><li class='av-share-link av-social-link-mail' ><a  aria-label=\"Compartir por correo\" href='mailto:?subject=Carabineros%20ha%20desarticulado%20a%20nivel%20nacional%20m%C3%A1s%20de%20800%20bandas%20criminales%20en%20el%20transcurso%20de%20este%20a%C3%B1o&#038;body=https:\/\/radiorevelacionfm.cl\/?p=10949' aria-hidden='false' data-av_icon='\ue805' data-av_iconfont='entypo-fontello' title='' data-avia-related-tooltip='Compartir por correo'><span class='avia_hidden_link_text'>Compartir por correo<\/span><\/a><\/li><\/ul><\/div><\/div>\n<div  style='height:50px' class='hr hr-invisible   avia-builder-el-8  el_after_av_social_share  el_before_av_comments_list '><span class='hr-inner ' ><span class='hr-inner-style'><\/span><\/span><\/div>\n<div  class='av-buildercomment  av-blog-meta-html-info-disabled av-blog-meta-tag-disabled  '><\/div>\n","protected":false},"excerpt":{"rendered":"","protected":false},"author":1,"featured_media":10950,"comment_status":"open","ping_status":"open","sticky":false,"template":"","format":"standard","meta":{"footnotes":""},"categories":[36],"tags":[],"class_list":["post-10949","post","type-post","status-publish","format-standard","has-post-thumbnail","hentry","category-policial"],"jetpack_featured_media_url":"https:\/\/radiorevelacionfm.cl\/wp-content\/uploads\/2021\/11\/b01a-1-1.jpg","_links":{"self":[{"href":"https:\/\/radiorevelacionfm.cl\/index.php?rest_route=\/wp\/v2\/posts\/10949","targetHints":{"allow":["GET"]}}],"collection":[{"href":"https:\/\/radiorevelacionfm.cl\/index.php?rest_route=\/wp\/v2\/posts"}],"about":[{"href":"https:\/\/radiorevelacionfm.cl\/index.php?rest_route=\/wp\/v2\/types\/post"}],"author":[{"embeddable":true,"href":"https:\/\/radiorevelacionfm.cl\/index.php?rest_route=\/wp\/v2\/users\/1"}],"replies":[{"embeddable":true,"href":"https:\/\/radiorevelacionfm.cl\/index.php?rest_route=%2Fwp%2Fv2%2Fcomments&post=10949"}],"version-history":[{"count":2,"href":"https:\/\/radiorevelacionfm.cl\/index.php?rest_route=\/wp\/v2\/posts\/10949\/revisions"}],"predecessor-version":[{"id":10957,"href":"https:\/\/radiorevelacionfm.cl\/index.php?rest_route=\/wp\/v2\/posts\/10949\/revisions\/10957"}],"wp:featuredmedia":[{"embeddable":true,"href":"https:\/\/radiorevelacionfm.cl\/index.php?rest_route=\/wp\/v2\/media\/10950"}],"wp:attachment":[{"href":"https:\/\/radiorevelacionfm.cl\/index.php?rest_route=%2Fwp%2Fv2%2Fmedia&parent=10949"}],"wp:term":[{"taxonomy":"category","embeddable":true,"href":"https:\/\/radiorevelacionfm.cl\/index.php?rest_route=%2Fwp%2Fv2%2Fcategories&post=10949"},{"taxonomy":"post_tag","embeddable":true,"href":"https:\/\/radiorevelacionfm.cl\/index.php?rest_route=%2Fwp%2Fv2%2Ftags&post=10949"}],"curies":[{"name":"wp","href":"https:\/\/api.w.org\/{rel}","templated":true}]}}