{"id":10943,"date":"2021-11-17T20:00:57","date_gmt":"2021-11-17T23:00:57","guid":{"rendered":"https:\/\/radiorevelacionfm.cl\/?p=10943"},"modified":"2021-11-17T20:35:51","modified_gmt":"2021-11-17T23:35:51","slug":"autoridades-de-aysen-sostienen-reunion-de-coordinacion-por-las-elecciones-de-este-domingo","status":"publish","type":"post","link":"https:\/\/radiorevelacionfm.cl\/?p=10943","title":{"rendered":"Autoridades de Ays\u00e9n sostienen reuni\u00f3n de coordinaci\u00f3n por las elecciones de este domingo"},"content":{"rendered":"<div class=\"flex_column av_one_full  flex_column_div av-zero-column-padding first  avia-builder-el-0  el_before_av_one_full  avia-builder-el-first  \" style='border-radius:0px; '><div  class='avia-image-container  av-styling-    avia-builder-el-1  avia-builder-el-no-sibling  avia-align-center '  itemprop=\"image\" itemscope=\"itemscope\" itemtype=\"https:\/\/schema.org\/ImageObject\"  ><div class='avia-image-container-inner'><div class='avia-image-overlay-wrap'><img decoding=\"async\" class='wp-image-10944 avia-img-lazy-loading-not-10944 avia_image' src=\"https:\/\/radiorevelacionfm.cl\/wp-content\/uploads\/2021\/11\/foto-reunion-coordinacion-elecciones-3-1_optimized.jpeg\" alt='' title='foto-reuni\u00f3n-coordinaci\u00f3n-elecciones-3-(1)_optimized' height=\"600\" width=\"986\"  itemprop=\"thumbnailUrl\" srcset=\"https:\/\/radiorevelacionfm.cl\/wp-content\/uploads\/2021\/11\/foto-reunion-coordinacion-elecciones-3-1_optimized.jpeg 986w, https:\/\/radiorevelacionfm.cl\/wp-content\/uploads\/2021\/11\/foto-reunion-coordinacion-elecciones-3-1_optimized-300x183.jpeg 300w, https:\/\/radiorevelacionfm.cl\/wp-content\/uploads\/2021\/11\/foto-reunion-coordinacion-elecciones-3-1_optimized-768x467.jpeg 768w, https:\/\/radiorevelacionfm.cl\/wp-content\/uploads\/2021\/11\/foto-reunion-coordinacion-elecciones-3-1_optimized-705x429.jpeg 705w, https:\/\/radiorevelacionfm.cl\/wp-content\/uploads\/2021\/11\/foto-reunion-coordinacion-elecciones-3-1_optimized-600x365.jpeg 600w\" sizes=\"(max-width: 986px) 100vw, 986px\" \/><\/div><\/div><\/div><\/div>\n<div class=\"flex_column av_one_full  flex_column_div av-zero-column-padding first  avia-builder-el-2  el_after_av_one_full  el_before_av_one_full  column-top-margin\" style='border-radius:0px; '><section class=\"av_textblock_section \"  itemscope=\"itemscope\" itemtype=\"https:\/\/schema.org\/BlogPosting\" itemprop=\"blogPost\" ><div class='avia_textblock  '   itemprop=\"text\" ><p style=\"text-align: center;\"><span style=\"font-size: 18pt;\"><b>Autoridades de Ays\u00e9n sostienen reuni\u00f3n de coordinaci\u00f3n por las elecciones de este domingo<\/b><\/span><\/p>\n<div id=\"gtx-trans\" style=\"position: absolute; left: -50px; top: 4.31534px;\">\n<div class=\"gtx-trans-icon\"><\/div>\n<\/div>\n<\/div><\/section><\/div>\n<div class=\"flex_column av_one_full  flex_column_div av-zero-column-padding first  avia-builder-el-4  el_after_av_one_full  el_before_av_hr  column-top-margin\" style='border-radius:0px; '><section class=\"av_textblock_section \"  itemscope=\"itemscope\" itemtype=\"https:\/\/schema.org\/BlogPosting\" itemprop=\"blogPost\" ><div class='avia_textblock  '   itemprop=\"text\" ><p style=\"font-weight: 400; text-align: justify;\">Garantizar la tranquilidad y seguridad de aquellos ciudadanos que asistan este domingo 21 de noviembre para votar en las elecciones a Presidente, parlamentarios y consejeros regionales, es que la Delegada Presidencial Regional de Ays\u00e9n, Margarita Ossa Rojas, realiz\u00f3 una reuni\u00f3n de coordinaci\u00f3n junto a Ej\u00e9rcito, Servicio Electoral y Seremi de Secretar\u00eda Regional Ministerial de Gobierno.<\/p>\n<p style=\"font-weight: 400; text-align: justify;\">El llamado de las autoridades es a la responsabilidad individual respecto a los protocolos de seguridad.\u00a0\u201cEn cada uno de los locales de votaci\u00f3n van a existir facilitadores, los cuales van a colaborar para que se produzca esta distancia social, distribuyendo el acceso y paso a cada una de las mesas de forma paulatina, y as\u00ed evitar aglomeraciones. Ellos tambi\u00e9n van a colaborar en el proceso de inicio de conteo de votos, para recordarles a los apoderados y vocales de mesa que debemos mantener la distancia social\u201d,\u00a0asever\u00f3 la Delegada Presidencial Regional, Margarita Ossa Rojas.<\/p>\n<p style=\"font-weight: 400; text-align: justify;\">Respecto al orden y seguridad p\u00fablica, el General de Brigada Luis P\u00e9rez Astorga, Comandante en Jefe IV Divisi\u00f3n, detall\u00f3 que el personal militar comenz\u00f3 a desplegarse por los lugares m\u00e1s apartados de la regi\u00f3n, con objeto de dar cumplimiento a la ley a partir de este viernes.<\/p>\n<p style=\"font-weight: 400; text-align: justify;\">\u201cTenemos sobre 370 personas que van a estar en los locales de votaci\u00f3n, m\u00e1s Carabineros y Polic\u00eda de Investigaciones, tratando de hacer de esta fiesta de la democracia una actividad segura y ordenada; con condici\u00f3n de seguridad sanitaria que tenemos poner tambi\u00e9n mucha atenci\u00f3n\u201d,\u00a0recalc\u00f3 el General.<\/p>\n<p style=\"font-weight: 400; text-align: justify;\">El director de Servel, N\u00e9stor Sep\u00falveda Hermosilla, explic\u00f3 que este encuentro junto a las autoridades regionales consisti\u00f3 en informar sobre el estado en que est\u00e1 cada uno de los locales, la revisi\u00f3n del protocolo sanitario y la recepci\u00f3n del electorado aysenino.<\/p>\n<p style=\"font-weight: 400; text-align: justify;\">\u201cPedimos que el elector llegue portando su propio l\u00e1piz de pasta azul, su c\u00e9dula de identidad \u2013la que puede estar vencida a contar de octubre de 2019 a la fecha\u2013, y tan pronto emita su sufragio debe abandonar r\u00e1pidamente el local de votaci\u00f3n, con objeto de evitar la circulaci\u00f3n de estos electores en los locales de votaci\u00f3n, porque debemos dar un estricto cumplimiento al aforo en la etapa de salud que nos encontramos\u201d,\u00a0remarc\u00f3 el director.<\/p>\n<\/div><\/section><\/div><div  style='height:50px' class='hr hr-invisible   avia-builder-el-6  el_after_av_one_full  el_before_av_social_share '><span class='hr-inner ' ><span class='hr-inner-style'><\/span><\/span><\/div><\/p>\n<div  class='av-social-sharing-box  avia-builder-el-7  el_after_av_hr  el_before_av_hr  '><div class='av-share-box'><h5 class='av-share-link-description av-no-toc '>Compartir esta noticia<\/h5><ul class='av-share-box-list noLightbox'><li class='av-share-link av-social-link-facebook' ><a target=\"_blank\" aria-label=\"Compartir en Facebook\" href='https:\/\/www.facebook.com\/sharer.php?u=https:\/\/radiorevelacionfm.cl\/?p=10943&#038;t=Autoridades%20de%20Ays%C3%A9n%20sostienen%20reuni%C3%B3n%20de%20coordinaci%C3%B3n%20por%20las%20elecciones%20de%20este%20domingo' aria-hidden='false' data-av_icon='\ue8f3' data-av_iconfont='entypo-fontello' title='' data-avia-related-tooltip='Compartir en Facebook' rel=\"noopener\"><span class='avia_hidden_link_text'>Compartir en Facebook<\/span><\/a><\/li><li class='av-share-link av-social-link-twitter' ><a target=\"_blank\" aria-label=\"Compartir en Twitter\" href='https:\/\/twitter.com\/share?text=Autoridades%20de%20Ays%C3%A9n%20sostienen%20reuni%C3%B3n%20de%20coordinaci%C3%B3n%20por%20las%20elecciones%20de%20este%20domingo&#038;url=https:\/\/radiorevelacionfm.cl\/?p=10943' aria-hidden='false' data-av_icon='\ue8f1' data-av_iconfont='entypo-fontello' title='' data-avia-related-tooltip='Compartir en Twitter' rel=\"noopener\"><span class='avia_hidden_link_text'>Compartir en Twitter<\/span><\/a><\/li><li class='av-share-link av-social-link-whatsapp' ><a target=\"_blank\" aria-label=\"Compartir en Whatsapp\" href='https:\/\/api.whatsapp.com\/send?text=https:\/\/radiorevelacionfm.cl\/?p=10943' aria-hidden='false' data-av_icon='\uf232' data-av_iconfont='entypo-fontello' title='' data-avia-related-tooltip='Compartir en Whatsapp' rel=\"noopener\"><span class='avia_hidden_link_text'>Compartir en Whatsapp<\/span><\/a><\/li><li class='av-share-link av-social-link-linkedin' ><a target=\"_blank\" aria-label=\"Compartir en LinkedIn\" href='https:\/\/linkedin.com\/shareArticle?mini=true&#038;title=Autoridades%20de%20Ays%C3%A9n%20sostienen%20reuni%C3%B3n%20de%20coordinaci%C3%B3n%20por%20las%20elecciones%20de%20este%20domingo&#038;url=https:\/\/radiorevelacionfm.cl\/?p=10943' aria-hidden='false' data-av_icon='\ue8fc' data-av_iconfont='entypo-fontello' title='' data-avia-related-tooltip='Compartir en LinkedIn' rel=\"noopener\"><span class='avia_hidden_link_text'>Compartir en LinkedIn<\/span><\/a><\/li><li class='av-share-link av-social-link-mail' ><a  aria-label=\"Compartir por correo\" href='mailto:?subject=Autoridades%20de%20Ays%C3%A9n%20sostienen%20reuni%C3%B3n%20de%20coordinaci%C3%B3n%20por%20las%20elecciones%20de%20este%20domingo&#038;body=https:\/\/radiorevelacionfm.cl\/?p=10943' aria-hidden='false' data-av_icon='\ue805' data-av_iconfont='entypo-fontello' title='' data-avia-related-tooltip='Compartir por correo'><span class='avia_hidden_link_text'>Compartir por correo<\/span><\/a><\/li><\/ul><\/div><\/div>\n<div  style='height:50px' class='hr hr-invisible   avia-builder-el-8  el_after_av_social_share  el_before_av_comments_list '><span class='hr-inner ' ><span class='hr-inner-style'><\/span><\/span><\/div>\n<div  class='av-buildercomment  av-blog-meta-html-info-disabled av-blog-meta-tag-disabled  '><\/div>\n","protected":false},"excerpt":{"rendered":"","protected":false},"author":1,"featured_media":10944,"comment_status":"open","ping_status":"open","sticky":false,"template":"","format":"standard","meta":{"footnotes":""},"categories":[38],"tags":[],"class_list":["post-10943","post","type-post","status-publish","format-standard","has-post-thumbnail","hentry","category-regional"],"jetpack_featured_media_url":"https:\/\/radiorevelacionfm.cl\/wp-content\/uploads\/2021\/11\/foto-reunion-coordinacion-elecciones-3-1_optimized.jpeg","_links":{"self":[{"href":"https:\/\/radiorevelacionfm.cl\/index.php?rest_route=\/wp\/v2\/posts\/10943","targetHints":{"allow":["GET"]}}],"collection":[{"href":"https:\/\/radiorevelacionfm.cl\/index.php?rest_route=\/wp\/v2\/posts"}],"about":[{"href":"https:\/\/radiorevelacionfm.cl\/index.php?rest_route=\/wp\/v2\/types\/post"}],"author":[{"embeddable":true,"href":"https:\/\/radiorevelacionfm.cl\/index.php?rest_route=\/wp\/v2\/users\/1"}],"replies":[{"embeddable":true,"href":"https:\/\/radiorevelacionfm.cl\/index.php?rest_route=%2Fwp%2Fv2%2Fcomments&post=10943"}],"version-history":[{"count":3,"href":"https:\/\/radiorevelacionfm.cl\/index.php?rest_route=\/wp\/v2\/posts\/10943\/revisions"}],"predecessor-version":[{"id":10952,"href":"https:\/\/radiorevelacionfm.cl\/index.php?rest_route=\/wp\/v2\/posts\/10943\/revisions\/10952"}],"wp:featuredmedia":[{"embeddable":true,"href":"https:\/\/radiorevelacionfm.cl\/index.php?rest_route=\/wp\/v2\/media\/10944"}],"wp:attachment":[{"href":"https:\/\/radiorevelacionfm.cl\/index.php?rest_route=%2Fwp%2Fv2%2Fmedia&parent=10943"}],"wp:term":[{"taxonomy":"category","embeddable":true,"href":"https:\/\/radiorevelacionfm.cl\/index.php?rest_route=%2Fwp%2Fv2%2Fcategories&post=10943"},{"taxonomy":"post_tag","embeddable":true,"href":"https:\/\/radiorevelacionfm.cl\/index.php?rest_route=%2Fwp%2Fv2%2Ftags&post=10943"}],"curies":[{"name":"wp","href":"https:\/\/api.w.org\/{rel}","templated":true}]}}