{"id":10940,"date":"2021-11-17T19:50:32","date_gmt":"2021-11-17T22:50:32","guid":{"rendered":"https:\/\/radiorevelacionfm.cl\/?p=10940"},"modified":"2021-11-17T19:50:32","modified_gmt":"2021-11-17T22:50:32","slug":"autoridades-de-salud-refuerzan-importancia-de-vacunarse-con-dosis-de-refuerzo-para-covid-19","status":"publish","type":"post","link":"https:\/\/radiorevelacionfm.cl\/?p=10940","title":{"rendered":"Autoridades de Salud refuerzan importancia de vacunarse con dosis de refuerzo para COVID-19"},"content":{"rendered":"<div class=\"flex_column av_one_full  flex_column_div av-zero-column-padding first  avia-builder-el-0  el_before_av_one_full  avia-builder-el-first  \" style='border-radius:0px; '><div  class='avia-image-container  av-styling-    avia-builder-el-1  avia-builder-el-no-sibling  avia-align-center '  itemprop=\"image\" itemscope=\"itemscope\" itemtype=\"https:\/\/schema.org\/ImageObject\"  ><div class='avia-image-container-inner'><div class='avia-image-overlay-wrap'><img decoding=\"async\" class='wp-image-10941 avia-img-lazy-loading-not-10941 avia_image' src=\"https:\/\/radiorevelacionfm.cl\/wp-content\/uploads\/2021\/11\/vacuna-refuerzo-1-1-1.jpg\" alt='' title='vacuna refuerzo (1) (1) (1)' height=\"600\" width=\"741\"  itemprop=\"thumbnailUrl\" srcset=\"https:\/\/radiorevelacionfm.cl\/wp-content\/uploads\/2021\/11\/vacuna-refuerzo-1-1-1.jpg 741w, https:\/\/radiorevelacionfm.cl\/wp-content\/uploads\/2021\/11\/vacuna-refuerzo-1-1-1-300x243.jpg 300w, https:\/\/radiorevelacionfm.cl\/wp-content\/uploads\/2021\/11\/vacuna-refuerzo-1-1-1-495x400.jpg 495w, https:\/\/radiorevelacionfm.cl\/wp-content\/uploads\/2021\/11\/vacuna-refuerzo-1-1-1-705x571.jpg 705w, https:\/\/radiorevelacionfm.cl\/wp-content\/uploads\/2021\/11\/vacuna-refuerzo-1-1-1-600x486.jpg 600w\" sizes=\"(max-width: 741px) 100vw, 741px\" \/><\/div><\/div><\/div><\/div><div class=\"flex_column av_one_full  flex_column_div av-zero-column-padding first  avia-builder-el-2  el_after_av_one_full  el_before_av_one_full  column-top-margin\" style='border-radius:0px; '><section class=\"av_textblock_section \"  itemscope=\"itemscope\" itemtype=\"https:\/\/schema.org\/BlogPosting\" itemprop=\"blogPost\" ><div class='avia_textblock  '   itemprop=\"text\" ><p style=\"text-align: center;\"><span style=\"font-size: 18pt;\"><strong>Autoridades de Salud refuerzan importancia de vacunarse con dosis de refuerzo para COVID-19<\/strong><\/span><\/p>\n<div id=\"gtx-trans\" style=\"position: absolute; left: -50px; top: 4.31534px;\">\n<div class=\"gtx-trans-icon\"><\/div>\n<\/div>\n<\/div><\/section><\/div><div class=\"flex_column av_one_full  flex_column_div av-zero-column-padding first  avia-builder-el-4  el_after_av_one_full  el_before_av_hr  column-top-margin\" style='border-radius:0px; '><section class=\"av_textblock_section \"  itemscope=\"itemscope\" itemtype=\"https:\/\/schema.org\/BlogPosting\" itemprop=\"blogPost\" ><div class='avia_textblock  '   itemprop=\"text\" ><p style=\"text-align: justify;\">En el transcurso de esta semana, la regi\u00f3n de Ays\u00e9n ha registrado un aumento considerable de casos registr\u00e1ndose este lunes 91 nuevos casos, cifra que podr\u00eda incluso repetirse en los pr\u00f3ximos d\u00edas si no se adoptan y refuerzan medidas de autocuidado al interior de la comunidad.\u00a0 As\u00ed lo expresaron autoridades del sector salud, quienes fueron enf\u00e1ticas en destacar la importancia que la ciudadan\u00eda complete sus esquemas de vacunaci\u00f3n y la dosis de refuerzo.<\/p>\n<p style=\"text-align: justify;\">Este mi\u00e9rcoles 17, la regi\u00f3n de Ays\u00e9n presenta 378 casos activos, una cifra que junto a la cantidad de personas hospitalizadas son un llamado de atenci\u00f3n a la comunidad. Tal como lo manifest\u00f3 el Seremi de Salud (s), Jourdan Cabezas, \u201cal d\u00eda de hoy tenemos 378 casos activos en la regi\u00f3n de Ays\u00e9n, y en el Hospital Regional existen 22 pacientes hospitalizados, de los cuales 04 de ellos se encuentran conectados a ventilaci\u00f3n mec\u00e1nica.\u00a0 Tenemos una cobertura de vacunaci\u00f3n de un 47,7% en la dosis de refuerzo, es por eso que invito a la comunidad para que complete su esquema de vacunaci\u00f3n, porque es la medida m\u00e1s afectiva que tenemos para resolver la situaci\u00f3n de COVID-19 que tenemos en la regi\u00f3n\u201d.<\/p>\n<p style=\"text-align: justify;\">En este contexto, el Epidemi\u00f3logo de la Seremi de Salud, Marco Acu\u00f1a, hace dos semanas que ya estamos con un aumento de casos que ha sido muy explosivo, y esto se debe a la circulaci\u00f3n de la variante delta que es altamente transmisible.\u00a0 En este momento la situaci\u00f3n es compleja porque han aumentado las hospitalizaciones, hoy d\u00eda tenemos a personas conectadas a ventilaci\u00f3n mec\u00e1nica, cuyas edades van desde los 35 a los 52 a\u00f1os, las cuatro personas conectadas a ventilaci\u00f3n mec\u00e1nica no tienen su esquema de vacunaci\u00f3n completo, incluso una de ellas no tiene ninguna vacuna; por lo tanto, el llamado de atenci\u00f3n a la comunidad es urgente que acuda a los centros de vacunaci\u00f3n a recibir su dosis de refuerzo para estar con niveles de anticuerpo protectores sobretodo en este escenario de alta circulaci\u00f3n de variante delta\u201d.<\/p>\n<p style=\"text-align: justify;\">Finalmente, Javiera Fa\u00fandez, Enfermera del Punto de vacunaci\u00f3n en el gimnasio Municipal (ex colegio Antoine) recalc\u00f3 los nuevos horarios de atenci\u00f3n que mantiene el punto de vacunaci\u00f3n del gimnasio municipal de calle Sim\u00f3n Bolivar N\u00ba840 de la ciudad de Coyhaique. \u201cDesde esta semana comenzamos con la extensi\u00f3n horaria desde las 09:30 a 19:30hrs en horario continuado, y tambi\u00e9n los d\u00edas s\u00e1bado desde las 09:30 a 13:30hrs., todo esto para facilitar el acceso de las personas a este proceso de vacunaci\u00f3n. Gimnasio Municipal, ubicado en calle Sim\u00f3n Bolivar N\u00ba400, entre las calles Freire y Err\u00e1zuriz, cerca del colegio Mater Dei\u201d, puntualiz\u00f3.<\/p>\n<p style=\"text-align: justify;\">Cabe se\u00f1alar que desde el inicio de esta pandemia, se registra un total de 9.219 casos confirmados por COVID-19. Adem\u00e1s de 1.648 casos probables, sumando un total de confirmados y probables de 10.867 casos.<\/p>\n<\/div><\/section><\/div><div  style='height:50px' class='hr hr-invisible   avia-builder-el-6  el_after_av_one_full  el_before_av_social_share '><span class='hr-inner ' ><span class='hr-inner-style'><\/span><\/span><\/div><\/p>\n<div  class='av-social-sharing-box  avia-builder-el-7  el_after_av_hr  el_before_av_hr  '><div class='av-share-box'><h5 class='av-share-link-description av-no-toc '>Compartir esta noticia<\/h5><ul class='av-share-box-list noLightbox'><li class='av-share-link av-social-link-facebook' ><a target=\"_blank\" aria-label=\"Compartir en Facebook\" href='https:\/\/www.facebook.com\/sharer.php?u=https:\/\/radiorevelacionfm.cl\/?p=10940&#038;t=Autoridades%20de%20Salud%20refuerzan%20importancia%20de%20vacunarse%20con%20dosis%20de%20refuerzo%20para%20COVID-19' aria-hidden='false' data-av_icon='\ue8f3' data-av_iconfont='entypo-fontello' title='' data-avia-related-tooltip='Compartir en Facebook' rel=\"noopener\"><span class='avia_hidden_link_text'>Compartir en Facebook<\/span><\/a><\/li><li class='av-share-link av-social-link-twitter' ><a target=\"_blank\" aria-label=\"Compartir en Twitter\" href='https:\/\/twitter.com\/share?text=Autoridades%20de%20Salud%20refuerzan%20importancia%20de%20vacunarse%20con%20dosis%20de%20refuerzo%20para%20COVID-19&#038;url=https:\/\/radiorevelacionfm.cl\/?p=10940' aria-hidden='false' data-av_icon='\ue8f1' data-av_iconfont='entypo-fontello' title='' data-avia-related-tooltip='Compartir en Twitter' rel=\"noopener\"><span class='avia_hidden_link_text'>Compartir en Twitter<\/span><\/a><\/li><li class='av-share-link av-social-link-whatsapp' ><a target=\"_blank\" aria-label=\"Compartir en Whatsapp\" href='https:\/\/api.whatsapp.com\/send?text=https:\/\/radiorevelacionfm.cl\/?p=10940' aria-hidden='false' data-av_icon='\uf232' data-av_iconfont='entypo-fontello' title='' data-avia-related-tooltip='Compartir en Whatsapp' rel=\"noopener\"><span class='avia_hidden_link_text'>Compartir en Whatsapp<\/span><\/a><\/li><li class='av-share-link av-social-link-linkedin' ><a target=\"_blank\" aria-label=\"Compartir en LinkedIn\" href='https:\/\/linkedin.com\/shareArticle?mini=true&#038;title=Autoridades%20de%20Salud%20refuerzan%20importancia%20de%20vacunarse%20con%20dosis%20de%20refuerzo%20para%20COVID-19&#038;url=https:\/\/radiorevelacionfm.cl\/?p=10940' aria-hidden='false' data-av_icon='\ue8fc' data-av_iconfont='entypo-fontello' title='' data-avia-related-tooltip='Compartir en LinkedIn' rel=\"noopener\"><span class='avia_hidden_link_text'>Compartir en LinkedIn<\/span><\/a><\/li><li class='av-share-link av-social-link-mail' ><a  aria-label=\"Compartir por correo\" href='mailto:?subject=Autoridades%20de%20Salud%20refuerzan%20importancia%20de%20vacunarse%20con%20dosis%20de%20refuerzo%20para%20COVID-19&#038;body=https:\/\/radiorevelacionfm.cl\/?p=10940' aria-hidden='false' data-av_icon='\ue805' data-av_iconfont='entypo-fontello' title='' data-avia-related-tooltip='Compartir por correo'><span class='avia_hidden_link_text'>Compartir por correo<\/span><\/a><\/li><\/ul><\/div><\/div>\n<div  style='height:50px' class='hr hr-invisible   avia-builder-el-8  el_after_av_social_share  el_before_av_comments_list '><span class='hr-inner ' ><span class='hr-inner-style'><\/span><\/span><\/div>\n<div  class='av-buildercomment  av-blog-meta-html-info-disabled av-blog-meta-tag-disabled  '><\/div>\n","protected":false},"excerpt":{"rendered":"","protected":false},"author":1,"featured_media":10941,"comment_status":"open","ping_status":"open","sticky":false,"template":"","format":"standard","meta":{"footnotes":""},"categories":[46],"tags":[],"class_list":["post-10940","post","type-post","status-publish","format-standard","has-post-thumbnail","hentry","category-salud"],"jetpack_featured_media_url":"https:\/\/radiorevelacionfm.cl\/wp-content\/uploads\/2021\/11\/vacuna-refuerzo-1-1-1.jpg","_links":{"self":[{"href":"https:\/\/radiorevelacionfm.cl\/index.php?rest_route=\/wp\/v2\/posts\/10940","targetHints":{"allow":["GET"]}}],"collection":[{"href":"https:\/\/radiorevelacionfm.cl\/index.php?rest_route=\/wp\/v2\/posts"}],"about":[{"href":"https:\/\/radiorevelacionfm.cl\/index.php?rest_route=\/wp\/v2\/types\/post"}],"author":[{"embeddable":true,"href":"https:\/\/radiorevelacionfm.cl\/index.php?rest_route=\/wp\/v2\/users\/1"}],"replies":[{"embeddable":true,"href":"https:\/\/radiorevelacionfm.cl\/index.php?rest_route=%2Fwp%2Fv2%2Fcomments&post=10940"}],"version-history":[{"count":2,"href":"https:\/\/radiorevelacionfm.cl\/index.php?rest_route=\/wp\/v2\/posts\/10940\/revisions"}],"predecessor-version":[{"id":10948,"href":"https:\/\/radiorevelacionfm.cl\/index.php?rest_route=\/wp\/v2\/posts\/10940\/revisions\/10948"}],"wp:featuredmedia":[{"embeddable":true,"href":"https:\/\/radiorevelacionfm.cl\/index.php?rest_route=\/wp\/v2\/media\/10941"}],"wp:attachment":[{"href":"https:\/\/radiorevelacionfm.cl\/index.php?rest_route=%2Fwp%2Fv2%2Fmedia&parent=10940"}],"wp:term":[{"taxonomy":"category","embeddable":true,"href":"https:\/\/radiorevelacionfm.cl\/index.php?rest_route=%2Fwp%2Fv2%2Fcategories&post=10940"},{"taxonomy":"post_tag","embeddable":true,"href":"https:\/\/radiorevelacionfm.cl\/index.php?rest_route=%2Fwp%2Fv2%2Ftags&post=10940"}],"curies":[{"name":"wp","href":"https:\/\/api.w.org\/{rel}","templated":true}]}}