{"id":10928,"date":"2021-11-17T17:45:49","date_gmt":"2021-11-17T20:45:49","guid":{"rendered":"https:\/\/radiorevelacionfm.cl\/?p=10928"},"modified":"2021-11-17T17:45:49","modified_gmt":"2021-11-17T20:45:49","slug":"alcalde-uribe-buscara-potenciar-alianzas-con-el-mundo-del-folclor-en-la-comuna-de-aysen","status":"publish","type":"post","link":"https:\/\/radiorevelacionfm.cl\/?p=10928","title":{"rendered":"Alcalde Uribe buscar\u00e1 potenciar alianzas con el mundo del folclor en la comuna de Ays\u00e9n"},"content":{"rendered":"<div class=\"flex_column av_one_full  flex_column_div av-zero-column-padding first  avia-builder-el-0  el_before_av_one_full  avia-builder-el-first  \" style='border-radius:0px; '><div  class='avia-image-container  av-styling-    avia-builder-el-1  avia-builder-el-no-sibling  avia-align-center '  itemprop=\"image\" itemscope=\"itemscope\" itemtype=\"https:\/\/schema.org\/ImageObject\"  ><div class='avia-image-container-inner'><div class='avia-image-overlay-wrap'><img decoding=\"async\" class='wp-image-10929 avia-img-lazy-loading-not-10929 avia_image' src=\"https:\/\/radiorevelacionfm.cl\/wp-content\/uploads\/2021\/11\/img-folcloristasmuniaysen2-1_optimized.jpeg\" alt='' title='img-folcloristasmuniaysen2-(1)_optimized' height=\"600\" width=\"800\"  itemprop=\"thumbnailUrl\" srcset=\"https:\/\/radiorevelacionfm.cl\/wp-content\/uploads\/2021\/11\/img-folcloristasmuniaysen2-1_optimized.jpeg 800w, https:\/\/radiorevelacionfm.cl\/wp-content\/uploads\/2021\/11\/img-folcloristasmuniaysen2-1_optimized-300x225.jpeg 300w, https:\/\/radiorevelacionfm.cl\/wp-content\/uploads\/2021\/11\/img-folcloristasmuniaysen2-1_optimized-768x576.jpeg 768w, https:\/\/radiorevelacionfm.cl\/wp-content\/uploads\/2021\/11\/img-folcloristasmuniaysen2-1_optimized-705x529.jpeg 705w, https:\/\/radiorevelacionfm.cl\/wp-content\/uploads\/2021\/11\/img-folcloristasmuniaysen2-1_optimized-600x450.jpeg 600w\" sizes=\"(max-width: 800px) 100vw, 800px\" \/><\/div><\/div><\/div><\/div><div class=\"flex_column av_one_full  flex_column_div av-zero-column-padding first  avia-builder-el-2  el_after_av_one_full  el_before_av_one_full  column-top-margin\" style='border-radius:0px; '><section class=\"av_textblock_section \"  itemscope=\"itemscope\" itemtype=\"https:\/\/schema.org\/BlogPosting\" itemprop=\"blogPost\" ><div class='avia_textblock  '   itemprop=\"text\" ><p style=\"text-align: center;\"><strong><span style=\"font-size: 18pt;\">Alcalde Uribe buscar\u00e1 potenciar alianzas con el mundo del folclor en la comuna de Ays\u00e9n<\/span><\/strong><\/p>\n<div id=\"gtx-trans\" style=\"position: absolute; left: -50px; top: 4.31534px;\">\n<div class=\"gtx-trans-icon\"><\/div>\n<\/div>\n<\/div><\/section><\/div><div class=\"flex_column av_one_full  flex_column_div av-zero-column-padding first  avia-builder-el-4  el_after_av_one_full  el_before_av_hr  column-top-margin\" style='border-radius:0px; '><section class=\"av_textblock_section \"  itemscope=\"itemscope\" itemtype=\"https:\/\/schema.org\/BlogPosting\" itemprop=\"blogPost\" ><div class='avia_textblock  '   itemprop=\"text\" ><p style=\"text-align: justify;\">Como parte de los ejes transversales de la gesti\u00f3n que impulsa el otrora Consejero Regional y hoy primera autoridad de la comuna porte\u00f1a, Julio Uribe Alvarado, se encuentra un nuevo trato en materia de Cultura y Recreaci\u00f3n. En este sentido, el alcalde ha recibido la visita de distintos agentes en esta tem\u00e1tica y es as\u00ed como hasta el Edificio Consistorial llegaron los hermanos, Javiera y Paulo Espa\u00f1a Fern\u00e1ndez, quienes en compa\u00f1\u00eda de sus preparadores abordaron el devenir que posee la disciplina del folclor en el territorio, as\u00ed como tambi\u00e9n, manifestaron su intenci\u00f3n para generar nuevas instancias participativas para la comunidad.<\/p>\n<p style=\"text-align: justify;\">Al respecto, Julio Uribe Alvarado, coment\u00f3 la estrecha relaci\u00f3n que posee con el mundo del folclor en Ays\u00e9n y con ello agreg\u00f3 que \u201cdesde el municipio por supuesto que reforzaremos estas alianzas y justamente cuando tenemos Campeones Regionales da un tremendo orgullo porque eso no es f\u00e1cil, son d\u00edas, d\u00edas y d\u00edas de entrenamiento, de trabajo f\u00edsico y eso no se gana. Ellos han luchado toda una vida por varias categor\u00edas y han salido como Campeones representando a nuestra Regi\u00f3n en diferentes eventos\u201d.<\/p>\n<p style=\"text-align: justify;\">En la misma l\u00ednea, el alcalde expres\u00f3 que \u201cvamos a formular actividades que ellos han planteado referente a la cueca, vamos a unir a la Mesa del Folclor con miras al pr\u00f3ximo aniversario de la comuna y hacer un evento masivo. Para el 18 de septiembre estuvo hermoso y ahora, ojal\u00e1 poderla repetir para nuestro aniversario. Vamos a trabajar firmemente con estos folcloristas porque en las pr\u00f3ximas semanas, en febrero, se van a Ancud al nacional y ah\u00ed tambi\u00e9n esperar a que lleven los reconocimientos y todo lo que le es solicitado en estos eventos\u201d acu\u00f1\u00f3 Uribe Alvarado.<\/p>\n<p style=\"text-align: justify;\">Por su parte, Manuel Taruman, quien posee m\u00e1s de 12 a\u00f1os de experiencia preparando a j\u00f3venes ayseninos, indic\u00f3 que en el caso de los hermanos Espa\u00f1a Fern\u00e1ndez, ellos llevan desde peque\u00f1os ligados al folclor, lo que ha permitido que ostenten el t\u00edtulo de campeones regionales en tres oportunidades. Asimismo, abord\u00f3 que tambi\u00e9n se encuentra en preparaci\u00f3n de otros muchachos para que puedan formar parte del ruedo en las competencias regionales y nacionales. Sobre el encuentro con el alcalde aysenino, mencion\u00f3 que \u201c\u00e9l ama esto tambi\u00e9n, no es algo pasajero y as\u00ed es que, es bonito recibir este apoyo hacia los j\u00f3venes para que no se vaya perdiendo esto, surgieron ideas, muy feliz por la reuni\u00f3n\u201d.<\/p>\n<p style=\"text-align: justify;\">Finalmente, Yasna Z\u00fa\u00f1iga, colaboradora en la instrucci\u00f3n del baile nacional para ayseninos destac\u00f3 el recibimiento obtenido por parte del alcalde Julio Uribe, \u201ces grato saber que contamos con todo su apoyo, que escuch\u00f3 nuestras peticiones y que considera a la cueca y el folclor como algo importante dentro de las actividades del municipio y es gratificante, porque nos da la posibilidad de mostrar a las parejas que se preparan con tanto esfuerzo\u201d, sentenci\u00f3 Z\u00fa\u00f1iga.<\/p>\n<\/div><\/section><\/div><div  style='height:50px' class='hr hr-invisible   avia-builder-el-6  el_after_av_one_full  el_before_av_social_share '><span class='hr-inner ' ><span class='hr-inner-style'><\/span><\/span><\/div><\/p>\n<div  class='av-social-sharing-box  avia-builder-el-7  el_after_av_hr  el_before_av_hr  '><div class='av-share-box'><h5 class='av-share-link-description av-no-toc '>Compartir esta noticia<\/h5><ul class='av-share-box-list noLightbox'><li class='av-share-link av-social-link-facebook' ><a target=\"_blank\" aria-label=\"Compartir en Facebook\" href='https:\/\/www.facebook.com\/sharer.php?u=https:\/\/radiorevelacionfm.cl\/?p=10928&#038;t=Alcalde%20Uribe%20buscar%C3%A1%20potenciar%20alianzas%20con%20el%20mundo%20del%20folclor%20en%20la%20comuna%20de%20Ays%C3%A9n' aria-hidden='false' data-av_icon='\ue8f3' data-av_iconfont='entypo-fontello' title='' data-avia-related-tooltip='Compartir en Facebook' rel=\"noopener\"><span class='avia_hidden_link_text'>Compartir en Facebook<\/span><\/a><\/li><li class='av-share-link av-social-link-twitter' ><a target=\"_blank\" aria-label=\"Compartir en Twitter\" href='https:\/\/twitter.com\/share?text=Alcalde%20Uribe%20buscar%C3%A1%20potenciar%20alianzas%20con%20el%20mundo%20del%20folclor%20en%20la%20comuna%20de%20Ays%C3%A9n&#038;url=https:\/\/radiorevelacionfm.cl\/?p=10928' aria-hidden='false' data-av_icon='\ue8f1' data-av_iconfont='entypo-fontello' title='' data-avia-related-tooltip='Compartir en Twitter' rel=\"noopener\"><span class='avia_hidden_link_text'>Compartir en Twitter<\/span><\/a><\/li><li class='av-share-link av-social-link-whatsapp' ><a target=\"_blank\" aria-label=\"Compartir en Whatsapp\" href='https:\/\/api.whatsapp.com\/send?text=https:\/\/radiorevelacionfm.cl\/?p=10928' aria-hidden='false' data-av_icon='\uf232' data-av_iconfont='entypo-fontello' title='' data-avia-related-tooltip='Compartir en Whatsapp' rel=\"noopener\"><span class='avia_hidden_link_text'>Compartir en Whatsapp<\/span><\/a><\/li><li class='av-share-link av-social-link-linkedin' ><a target=\"_blank\" aria-label=\"Compartir en LinkedIn\" href='https:\/\/linkedin.com\/shareArticle?mini=true&#038;title=Alcalde%20Uribe%20buscar%C3%A1%20potenciar%20alianzas%20con%20el%20mundo%20del%20folclor%20en%20la%20comuna%20de%20Ays%C3%A9n&#038;url=https:\/\/radiorevelacionfm.cl\/?p=10928' aria-hidden='false' data-av_icon='\ue8fc' data-av_iconfont='entypo-fontello' title='' data-avia-related-tooltip='Compartir en LinkedIn' rel=\"noopener\"><span class='avia_hidden_link_text'>Compartir en LinkedIn<\/span><\/a><\/li><li class='av-share-link av-social-link-mail' ><a  aria-label=\"Compartir por correo\" href='mailto:?subject=Alcalde%20Uribe%20buscar%C3%A1%20potenciar%20alianzas%20con%20el%20mundo%20del%20folclor%20en%20la%20comuna%20de%20Ays%C3%A9n&#038;body=https:\/\/radiorevelacionfm.cl\/?p=10928' aria-hidden='false' data-av_icon='\ue805' data-av_iconfont='entypo-fontello' title='' data-avia-related-tooltip='Compartir por correo'><span class='avia_hidden_link_text'>Compartir por correo<\/span><\/a><\/li><\/ul><\/div><\/div>\n<div  style='height:50px' class='hr hr-invisible   avia-builder-el-8  el_after_av_social_share  el_before_av_comments_list '><span class='hr-inner ' ><span class='hr-inner-style'><\/span><\/span><\/div>\n<div  class='av-buildercomment  av-blog-meta-html-info-disabled av-blog-meta-tag-disabled  '><\/div>\n","protected":false},"excerpt":{"rendered":"","protected":false},"author":1,"featured_media":10929,"comment_status":"open","ping_status":"open","sticky":false,"template":"","format":"standard","meta":{"footnotes":""},"categories":[38],"tags":[],"class_list":["post-10928","post","type-post","status-publish","format-standard","has-post-thumbnail","hentry","category-regional"],"jetpack_featured_media_url":"https:\/\/radiorevelacionfm.cl\/wp-content\/uploads\/2021\/11\/img-folcloristasmuniaysen2-1_optimized.jpeg","_links":{"self":[{"href":"https:\/\/radiorevelacionfm.cl\/index.php?rest_route=\/wp\/v2\/posts\/10928","targetHints":{"allow":["GET"]}}],"collection":[{"href":"https:\/\/radiorevelacionfm.cl\/index.php?rest_route=\/wp\/v2\/posts"}],"about":[{"href":"https:\/\/radiorevelacionfm.cl\/index.php?rest_route=\/wp\/v2\/types\/post"}],"author":[{"embeddable":true,"href":"https:\/\/radiorevelacionfm.cl\/index.php?rest_route=\/wp\/v2\/users\/1"}],"replies":[{"embeddable":true,"href":"https:\/\/radiorevelacionfm.cl\/index.php?rest_route=%2Fwp%2Fv2%2Fcomments&post=10928"}],"version-history":[{"count":2,"href":"https:\/\/radiorevelacionfm.cl\/index.php?rest_route=\/wp\/v2\/posts\/10928\/revisions"}],"predecessor-version":[{"id":10932,"href":"https:\/\/radiorevelacionfm.cl\/index.php?rest_route=\/wp\/v2\/posts\/10928\/revisions\/10932"}],"wp:featuredmedia":[{"embeddable":true,"href":"https:\/\/radiorevelacionfm.cl\/index.php?rest_route=\/wp\/v2\/media\/10929"}],"wp:attachment":[{"href":"https:\/\/radiorevelacionfm.cl\/index.php?rest_route=%2Fwp%2Fv2%2Fmedia&parent=10928"}],"wp:term":[{"taxonomy":"category","embeddable":true,"href":"https:\/\/radiorevelacionfm.cl\/index.php?rest_route=%2Fwp%2Fv2%2Fcategories&post=10928"},{"taxonomy":"post_tag","embeddable":true,"href":"https:\/\/radiorevelacionfm.cl\/index.php?rest_route=%2Fwp%2Fv2%2Ftags&post=10928"}],"curies":[{"name":"wp","href":"https:\/\/api.w.org\/{rel}","templated":true}]}}