{"id":10890,"date":"2021-11-16T18:49:37","date_gmt":"2021-11-16T21:49:37","guid":{"rendered":"https:\/\/radiorevelacionfm.cl\/?p=10890"},"modified":"2021-11-16T18:49:37","modified_gmt":"2021-11-16T21:49:37","slug":"mamografo-movil-realizo-operativo-en-islas-huichas","status":"publish","type":"post","link":"https:\/\/radiorevelacionfm.cl\/?p=10890","title":{"rendered":"Mam\u00f3grafo M\u00f3vil realiz\u00f3 operativo en Islas Huichas"},"content":{"rendered":"<div class=\"flex_column av_one_full  flex_column_div av-zero-column-padding first  avia-builder-el-0  el_before_av_one_full  avia-builder-el-first  \" style='border-radius:0px; '><div  class='avia-image-container  av-styling-    avia-builder-el-1  avia-builder-el-no-sibling  avia-align-center '  itemprop=\"image\" itemscope=\"itemscope\" itemtype=\"https:\/\/schema.org\/ImageObject\"  ><div class='avia-image-container-inner'><div class='avia-image-overlay-wrap'><img decoding=\"async\" class='wp-image-10891 avia-img-lazy-loading-not-10891 avia_image' src=\"https:\/\/radiorevelacionfm.cl\/wp-content\/uploads\/2021\/11\/Mamografo-Movil-Islas-Huichas-02i-1-1.jpg\" alt='' title='Mam\u00f3grafo M\u00f3vil Islas Huichas 02i (1) (1)' height=\"600\" width=\"905\"  itemprop=\"thumbnailUrl\" srcset=\"https:\/\/radiorevelacionfm.cl\/wp-content\/uploads\/2021\/11\/Mamografo-Movil-Islas-Huichas-02i-1-1.jpg 905w, https:\/\/radiorevelacionfm.cl\/wp-content\/uploads\/2021\/11\/Mamografo-Movil-Islas-Huichas-02i-1-1-300x199.jpg 300w, https:\/\/radiorevelacionfm.cl\/wp-content\/uploads\/2021\/11\/Mamografo-Movil-Islas-Huichas-02i-1-1-768x509.jpg 768w, https:\/\/radiorevelacionfm.cl\/wp-content\/uploads\/2021\/11\/Mamografo-Movil-Islas-Huichas-02i-1-1-705x467.jpg 705w, https:\/\/radiorevelacionfm.cl\/wp-content\/uploads\/2021\/11\/Mamografo-Movil-Islas-Huichas-02i-1-1-600x398.jpg 600w\" sizes=\"(max-width: 905px) 100vw, 905px\" \/><\/div><\/div><\/div><\/div><div class=\"flex_column av_one_full  flex_column_div av-zero-column-padding first  avia-builder-el-2  el_after_av_one_full  el_before_av_one_full  column-top-margin\" style='border-radius:0px; '><section class=\"av_textblock_section \"  itemscope=\"itemscope\" itemtype=\"https:\/\/schema.org\/BlogPosting\" itemprop=\"blogPost\" ><div class='avia_textblock  '   itemprop=\"text\" ><p style=\"text-align: center;\"><strong><span style=\"font-size: 18pt;\">Mam\u00f3grafo M\u00f3vil realiz\u00f3 operativo en Islas Huichas<\/span><\/strong><\/p>\n<div id=\"gtx-trans\" style=\"position: absolute; left: -50px; top: 4.31534px;\">\n<div class=\"gtx-trans-icon\"><\/div>\n<\/div>\n<\/div><\/section><\/div><div class=\"flex_column av_one_full  flex_column_div av-zero-column-padding first  avia-builder-el-4  el_after_av_one_full  el_before_av_hr  column-top-margin\" style='border-radius:0px; '><section class=\"av_textblock_section \"  itemscope=\"itemscope\" itemtype=\"https:\/\/schema.org\/BlogPosting\" itemprop=\"blogPost\" ><div class='avia_textblock  '   itemprop=\"text\" ><p style=\"text-align: justify;\">En el marco de las acciones de prevenci\u00f3n del c\u00e1ncer de mama, el Mam\u00f3grafo M\u00f3vil del Servicio de Salud Ays\u00e9n, realiz\u00f3 un operativo durante la semana reci\u00e9n pasada en las localidades de Puerto Aguirre y Caleta Andrade en Islas Huichas, que permiti\u00f3 la realizaci\u00f3n de ex\u00e1menes de detecci\u00f3n temprana de la enfermedad a un total de 61 usuarias.<\/p>\n<p style=\"text-align: justify;\">Sobre este operativos y otros que han permitido donde la conectividad afecta al acceso de mamograf\u00eda a las usuarias de la Red Asistencial Regional, Carolina \u00c1lvarez, tecn\u00f3loga m\u00e9dico encargada y una de las responsables del funcionamiento y despliegue territorial del mam\u00f3grafo m\u00f3vil, destac\u00f3 la estrategia que adem\u00e1s ha permitido disminuir la lista de espera en las localidades m\u00e1s alejadas de la regi\u00f3n, \u201cestuvimos en Las Islas Huichas. Atendimos a un total de 61 usuarias de Puerto Aguirre, Caleta Andrade y Estero Copa. Las usuarias agradecieron no tener que viajar por sus controles de mamograf\u00eda a Puerto Ays\u00e9n o Coyhaique, ya que la mayor\u00eda son due\u00f1as de casa que no tienen con quien dejar a sus hijos si viajan, trabajadores a las que se les dificulta solicitar permiso en sus trabajos, ya que un buen n\u00famero trabaja en la pesca, adem\u00e1s del alto costo que genera todo el gasto que conlleva el viaje en barcaza y el alojamiento\u201d.<\/p>\n<p style=\"text-align: justify;\">La profesional, adem\u00e1s se\u00f1al\u00f3 la importancia de mantener los controles preventivos del c\u00e1ncer de mama en las usuarias, recordando que \u201cse trata de un examen de screening, en el que se recomienda a las mujeres mayores de 40 a\u00f1os deben controlarse anualmente\u201d.<\/p>\n<p style=\"text-align: justify;\">Por su parte, Mar\u00eda Ojeda, una de las usuarias que fue examinada en Puerto Aguirre, destac\u00f3 el operativo realizado en las Islas Huichas, \u201cdoy las gracias al Servicio de Salud por este lindo operativo. Ac\u00e1 hay mujeres que estamos esperando una hora durante mucho tiempo para una mamograf\u00eda, y esto de que vengan a la isla es muy importante y se valora mucho, ya que no est\u00e1n los medios como para salir a hac\u00e9rsela\u201d.<\/p>\n<p style=\"text-align: justify;\">M\u00e1s all\u00e1, la usuaria destac\u00f3 que especialmente valorable que el dispositivo se acerque a localidades eminentemente pesqueras, indicando que \u201cojal\u00e1 sigan haciendo esta misma labor, muchas mujeres trabajan con sus esposos, que no se encuentran en la isla entonces se pierden estas horas. En el operativo anterior estaba trabajando con mi esposo y esperaba una hora con el mam\u00f3grafo y sali\u00f3 esto\u201d.<\/p>\n<p style=\"text-align: justify;\">Destacar que la estrategia del dispositivo m\u00f3vil de mamograf\u00eda, est\u00e1 inserto en el marco del Hospital Digital, por lo que los informes son realizados por profesionales radi\u00f3logos especializados en este modelo de atenci\u00f3n, siendo la \u00fanica manera de pesquisar de forma precoz el c\u00e1ncer de mama en las usuarias de comunidad aysenina, y con un tiempo de entrega de resultados cercano a las 72 horas.<\/p>\n<p style=\"text-align: justify;\">A la fecha, durante este 2021, en la regi\u00f3n de Ays\u00e9n, el Mam\u00f3grafo M\u00f3vil del Servicio de Salud ha realizado m\u00e1s de 10124 ex\u00e1menes.<\/p>\n<\/div><\/section><\/div><div  style='height:50px' class='hr hr-invisible   avia-builder-el-6  el_after_av_one_full  el_before_av_social_share '><span class='hr-inner ' ><span class='hr-inner-style'><\/span><\/span><\/div><\/p>\n<div  class='av-social-sharing-box  avia-builder-el-7  el_after_av_hr  el_before_av_hr  '><div class='av-share-box'><h5 class='av-share-link-description av-no-toc '>Compartir esta noticia<\/h5><ul class='av-share-box-list noLightbox'><li class='av-share-link av-social-link-facebook' ><a target=\"_blank\" aria-label=\"Compartir en Facebook\" href='https:\/\/www.facebook.com\/sharer.php?u=https:\/\/radiorevelacionfm.cl\/?p=10890&#038;t=Mam%C3%B3grafo%20M%C3%B3vil%20realiz%C3%B3%20operativo%20en%20Islas%20Huichas' aria-hidden='false' data-av_icon='\ue8f3' data-av_iconfont='entypo-fontello' title='' data-avia-related-tooltip='Compartir en Facebook' rel=\"noopener\"><span class='avia_hidden_link_text'>Compartir en Facebook<\/span><\/a><\/li><li class='av-share-link av-social-link-twitter' ><a target=\"_blank\" aria-label=\"Compartir en Twitter\" href='https:\/\/twitter.com\/share?text=Mam%C3%B3grafo%20M%C3%B3vil%20realiz%C3%B3%20operativo%20en%20Islas%20Huichas&#038;url=https:\/\/radiorevelacionfm.cl\/?p=10890' aria-hidden='false' data-av_icon='\ue8f1' data-av_iconfont='entypo-fontello' title='' data-avia-related-tooltip='Compartir en Twitter' rel=\"noopener\"><span class='avia_hidden_link_text'>Compartir en Twitter<\/span><\/a><\/li><li class='av-share-link av-social-link-whatsapp' ><a target=\"_blank\" aria-label=\"Compartir en Whatsapp\" href='https:\/\/api.whatsapp.com\/send?text=https:\/\/radiorevelacionfm.cl\/?p=10890' aria-hidden='false' data-av_icon='\uf232' data-av_iconfont='entypo-fontello' title='' data-avia-related-tooltip='Compartir en Whatsapp' rel=\"noopener\"><span class='avia_hidden_link_text'>Compartir en Whatsapp<\/span><\/a><\/li><li class='av-share-link av-social-link-linkedin' ><a target=\"_blank\" aria-label=\"Compartir en LinkedIn\" href='https:\/\/linkedin.com\/shareArticle?mini=true&#038;title=Mam%C3%B3grafo%20M%C3%B3vil%20realiz%C3%B3%20operativo%20en%20Islas%20Huichas&#038;url=https:\/\/radiorevelacionfm.cl\/?p=10890' aria-hidden='false' data-av_icon='\ue8fc' data-av_iconfont='entypo-fontello' title='' data-avia-related-tooltip='Compartir en LinkedIn' rel=\"noopener\"><span class='avia_hidden_link_text'>Compartir en LinkedIn<\/span><\/a><\/li><li class='av-share-link av-social-link-mail' ><a  aria-label=\"Compartir por correo\" href='mailto:?subject=Mam%C3%B3grafo%20M%C3%B3vil%20realiz%C3%B3%20operativo%20en%20Islas%20Huichas&#038;body=https:\/\/radiorevelacionfm.cl\/?p=10890' aria-hidden='false' data-av_icon='\ue805' data-av_iconfont='entypo-fontello' title='' data-avia-related-tooltip='Compartir por correo'><span class='avia_hidden_link_text'>Compartir por correo<\/span><\/a><\/li><\/ul><\/div><\/div>\n<div  style='height:50px' class='hr hr-invisible   avia-builder-el-8  el_after_av_social_share  el_before_av_comments_list '><span class='hr-inner ' ><span class='hr-inner-style'><\/span><\/span><\/div>\n<div  class='av-buildercomment  av-blog-meta-html-info-disabled av-blog-meta-tag-disabled  '><\/div>\n","protected":false},"excerpt":{"rendered":"","protected":false},"author":1,"featured_media":10891,"comment_status":"open","ping_status":"open","sticky":false,"template":"","format":"standard","meta":{"footnotes":""},"categories":[46],"tags":[],"class_list":["post-10890","post","type-post","status-publish","format-standard","has-post-thumbnail","hentry","category-salud"],"jetpack_featured_media_url":"https:\/\/radiorevelacionfm.cl\/wp-content\/uploads\/2021\/11\/Mamografo-Movil-Islas-Huichas-02i-1-1.jpg","_links":{"self":[{"href":"https:\/\/radiorevelacionfm.cl\/index.php?rest_route=\/wp\/v2\/posts\/10890","targetHints":{"allow":["GET"]}}],"collection":[{"href":"https:\/\/radiorevelacionfm.cl\/index.php?rest_route=\/wp\/v2\/posts"}],"about":[{"href":"https:\/\/radiorevelacionfm.cl\/index.php?rest_route=\/wp\/v2\/types\/post"}],"author":[{"embeddable":true,"href":"https:\/\/radiorevelacionfm.cl\/index.php?rest_route=\/wp\/v2\/users\/1"}],"replies":[{"embeddable":true,"href":"https:\/\/radiorevelacionfm.cl\/index.php?rest_route=%2Fwp%2Fv2%2Fcomments&post=10890"}],"version-history":[{"count":2,"href":"https:\/\/radiorevelacionfm.cl\/index.php?rest_route=\/wp\/v2\/posts\/10890\/revisions"}],"predecessor-version":[{"id":10893,"href":"https:\/\/radiorevelacionfm.cl\/index.php?rest_route=\/wp\/v2\/posts\/10890\/revisions\/10893"}],"wp:featuredmedia":[{"embeddable":true,"href":"https:\/\/radiorevelacionfm.cl\/index.php?rest_route=\/wp\/v2\/media\/10891"}],"wp:attachment":[{"href":"https:\/\/radiorevelacionfm.cl\/index.php?rest_route=%2Fwp%2Fv2%2Fmedia&parent=10890"}],"wp:term":[{"taxonomy":"category","embeddable":true,"href":"https:\/\/radiorevelacionfm.cl\/index.php?rest_route=%2Fwp%2Fv2%2Fcategories&post=10890"},{"taxonomy":"post_tag","embeddable":true,"href":"https:\/\/radiorevelacionfm.cl\/index.php?rest_route=%2Fwp%2Fv2%2Ftags&post=10890"}],"curies":[{"name":"wp","href":"https:\/\/api.w.org\/{rel}","templated":true}]}}