{"id":10886,"date":"2021-11-16T18:37:40","date_gmt":"2021-11-16T21:37:40","guid":{"rendered":"https:\/\/radiorevelacionfm.cl\/?p=10886"},"modified":"2021-11-16T18:37:40","modified_gmt":"2021-11-16T21:37:40","slug":"autoridades-hacen-llamado-a-la-ciudadania-a-participar-de-las-elecciones-del-proximo-domingo","status":"publish","type":"post","link":"https:\/\/radiorevelacionfm.cl\/?p=10886","title":{"rendered":"Autoridades hacen llamado a la ciudadan\u00eda a participar de las elecciones del pr\u00f3ximo domingo"},"content":{"rendered":"<div class=\"flex_column av_one_full  flex_column_div av-zero-column-padding first  avia-builder-el-0  el_before_av_one_full  avia-builder-el-first  \" style='border-radius:0px; '><div  class='avia-image-container  av-styling-    avia-builder-el-1  avia-builder-el-no-sibling  avia-align-center '  itemprop=\"image\" itemscope=\"itemscope\" itemtype=\"https:\/\/schema.org\/ImageObject\"  ><div class='avia-image-container-inner'><div class='avia-image-overlay-wrap'><img decoding=\"async\" class='wp-image-10887 avia-img-lazy-loading-not-10887 avia_image' src=\"https:\/\/radiorevelacionfm.cl\/wp-content\/uploads\/2021\/11\/Conferencia-2021-11-16-1-1.jpeg\" alt='' title='Conferencia 2021-11-16 (1) (1)' height=\"600\" width=\"1067\"  itemprop=\"thumbnailUrl\" srcset=\"https:\/\/radiorevelacionfm.cl\/wp-content\/uploads\/2021\/11\/Conferencia-2021-11-16-1-1.jpeg 1067w, https:\/\/radiorevelacionfm.cl\/wp-content\/uploads\/2021\/11\/Conferencia-2021-11-16-1-1-300x169.jpeg 300w, https:\/\/radiorevelacionfm.cl\/wp-content\/uploads\/2021\/11\/Conferencia-2021-11-16-1-1-1030x579.jpeg 1030w, https:\/\/radiorevelacionfm.cl\/wp-content\/uploads\/2021\/11\/Conferencia-2021-11-16-1-1-768x432.jpeg 768w, https:\/\/radiorevelacionfm.cl\/wp-content\/uploads\/2021\/11\/Conferencia-2021-11-16-1-1-705x396.jpeg 705w, https:\/\/radiorevelacionfm.cl\/wp-content\/uploads\/2021\/11\/Conferencia-2021-11-16-1-1-600x337.jpeg 600w\" sizes=\"(max-width: 1067px) 100vw, 1067px\" \/><\/div><\/div><\/div><\/div><div class=\"flex_column av_one_full  flex_column_div av-zero-column-padding first  avia-builder-el-2  el_after_av_one_full  el_before_av_one_full  column-top-margin\" style='border-radius:0px; '><section class=\"av_textblock_section \"  itemscope=\"itemscope\" itemtype=\"https:\/\/schema.org\/BlogPosting\" itemprop=\"blogPost\" ><div class='avia_textblock  '   itemprop=\"text\" ><p style=\"text-align: center;\"><span style=\"font-size: 18pt;\"><strong>Autoridades hacen llamado a la ciudadan\u00eda a participar de las elecciones del pr\u00f3ximo domingo<\/strong><\/span><\/p>\n<div id=\"gtx-trans\" style=\"position: absolute; left: -50px; top: 4.31534px;\">\n<div class=\"gtx-trans-icon\"><\/div>\n<\/div>\n<\/div><\/section><\/div><div class=\"flex_column av_one_full  flex_column_div av-zero-column-padding first  avia-builder-el-4  el_after_av_one_full  el_before_av_hr  column-top-margin\" style='border-radius:0px; '><section class=\"av_textblock_section \"  itemscope=\"itemscope\" itemtype=\"https:\/\/schema.org\/BlogPosting\" itemprop=\"blogPost\" ><div class='avia_textblock  '   itemprop=\"text\" ><p style=\"text-align: justify;\">Este domingo m\u00e1s de 98 mil ayseninos est\u00e1n habilitados para votar para Presidente, Diputados y Consejeros Regionales. Desde el ministerio de Bienes Nacionales presentaron un Visor Territorial para buscar datos relevantes para la jornada eleccionaria.<\/p>\n<p style=\"text-align: justify;\">A cinco jornadas de que se realicen las Elecciones Generales 2021, las autoridades regionales de Ays\u00e9n \u2013 encabezado por el Delegado Presidencial Regional (s) Fabi\u00e1n Rojas y las seremis Ana Mar\u00eda Mora y Tatiana Fontecha \u2013 hicieron un llamado a los m\u00e1s de 98 mil votantes habilitados para sufragar a que lo hagan con total seguridad.<\/p>\n<p style=\"text-align: justify;\">\u201cEl llamado que hacemos como Gobierno es a participar, a ejercer este acto democr\u00e1tico, este acto ciudadano el cual con un l\u00e1piz se puede elegir una preferencia pero tambi\u00e9n, cuid\u00e1ndonos, utilizando las medidas de protecci\u00f3n de las elecciones anteriores como alcohol gel, mascarilla\u201d, agregando que \u201cdesde el SERVEL se han dispuesto las mismas medidas (de seguridad) tanto para los electores como vocales de mesa\u201d, indic\u00f3.<\/p>\n<p style=\"text-align: justify;\">En esa misma l\u00ednea, Rojas Mu\u00f1oz explic\u00f3 que a fin de facilitar el acceso de todo el padr\u00f3n electoral habilitado para sufragar en los 37 locales de votaci\u00f3n y 317 mesas entre las 08.00 de la ma\u00f1ana hasta las 18.00 horas\u00a0 \u201cse van a poder utilizar las c\u00e9dula de identidad incluso vencidas a partir del 1 de octubre de 2019\u201d, agreg\u00f3 la autoridad regional subrogante.<\/p>\n<p style=\"text-align: justify;\">Igualmente, habr\u00e1 acceso preferente para que voten los adultos mayores de 60 a\u00f1os, mujeres embarazadas y personas con alg\u00fan tipo de discapacidad o que requieran ser asistidos, durante toda la jornada.<\/p>\n<p style=\"text-align: justify;\">En tanto, desde el ministerio de Bienes Nacionales, la seremi Ana Mar\u00eda Mora explic\u00f3 que se levant\u00f3 un Visor Territorial Electoral, plataforma digital donde las personas pueden consultar distintos datos como el n\u00famero de locales de votaci\u00f3n y mesas por comunas, entre otros.<\/p>\n<p style=\"text-align: justify;\">\u201cEste Visor Territorial es de gran utilidad para ciudades grandes, donde los ciudadanos podr\u00e1n saber los lugares de votaci\u00f3n, qu\u00e9 medios pueden usar y cu\u00e1nto es el tiempo de desplazamiento. Lo que queremos nosotros como ministerio \u2013en conjunto con el Gobierno\u2013 es que mucha gente pueda acceder y as\u00ed conocer el facs\u00edmil, el voto; cosa que lo veamos con anticipaci\u00f3n, con calma en nuestra casa para as\u00ed saber los candidatos y llegar a los lugares de votaci\u00f3n informado\u201d.<\/p>\n<p style=\"text-align: justify;\"><strong>Gu\u00eda<\/strong><\/p>\n<p style=\"text-align: justify;\">En el m ismo sentido de poder facilitar todas las respuestas ante las dudas de la ciudadan\u00eda respecto del proceso eleccionario, la vocera de Gobierno de Ays\u00e9n, Tatiana Fontecha, explic\u00f3 que desde su cartera se puso a disposici\u00f3n un documento aclaratorio y gratuito.<\/p>\n<p style=\"text-align: justify;\">\u201cEl Ministerio de Secretar\u00eda General de la Presidencia puso a disposici\u00f3n esta gu\u00eda que la pueden encontrar en la p\u00e1gina en minsegpres.gob.cl, que termina siendo un manual de \u201cPreguntas y respuestas\u201d; entendiendo que pudiera haber alg\u00fan tipo de consulta por parte de la ciudadan\u00eda como por ejemplo: \u201c\u00bfPuedo votar si tengo la c\u00e9dula vencida?\u201d, \u00bfcu\u00e1les son los horarios de votaci\u00f3n? \u00bfO si hay servicios de acercamiento?, entre otras\u201d, concluy\u00f3.<\/p>\n<\/div><\/section><\/div><div  style='height:50px' class='hr hr-invisible   avia-builder-el-6  el_after_av_one_full  el_before_av_social_share '><span class='hr-inner ' ><span class='hr-inner-style'><\/span><\/span><\/div><\/p>\n<div  class='av-social-sharing-box  avia-builder-el-7  el_after_av_hr  el_before_av_hr  '><div class='av-share-box'><h5 class='av-share-link-description av-no-toc '>Compartir esta noticia<\/h5><ul class='av-share-box-list noLightbox'><li class='av-share-link av-social-link-facebook' ><a target=\"_blank\" aria-label=\"Compartir en Facebook\" href='https:\/\/www.facebook.com\/sharer.php?u=https:\/\/radiorevelacionfm.cl\/?p=10886&#038;t=Autoridades%20hacen%20llamado%20a%20la%20ciudadan%C3%ADa%20a%20participar%20de%20las%20elecciones%20del%20pr%C3%B3ximo%20domingo' aria-hidden='false' data-av_icon='\ue8f3' data-av_iconfont='entypo-fontello' title='' data-avia-related-tooltip='Compartir en Facebook' rel=\"noopener\"><span class='avia_hidden_link_text'>Compartir en Facebook<\/span><\/a><\/li><li class='av-share-link av-social-link-twitter' ><a target=\"_blank\" aria-label=\"Compartir en Twitter\" href='https:\/\/twitter.com\/share?text=Autoridades%20hacen%20llamado%20a%20la%20ciudadan%C3%ADa%20a%20participar%20de%20las%20elecciones%20del%20pr%C3%B3ximo%20domingo&#038;url=https:\/\/radiorevelacionfm.cl\/?p=10886' aria-hidden='false' data-av_icon='\ue8f1' data-av_iconfont='entypo-fontello' title='' data-avia-related-tooltip='Compartir en Twitter' rel=\"noopener\"><span class='avia_hidden_link_text'>Compartir en Twitter<\/span><\/a><\/li><li class='av-share-link av-social-link-whatsapp' ><a target=\"_blank\" aria-label=\"Compartir en Whatsapp\" href='https:\/\/api.whatsapp.com\/send?text=https:\/\/radiorevelacionfm.cl\/?p=10886' aria-hidden='false' data-av_icon='\uf232' data-av_iconfont='entypo-fontello' title='' data-avia-related-tooltip='Compartir en Whatsapp' rel=\"noopener\"><span class='avia_hidden_link_text'>Compartir en Whatsapp<\/span><\/a><\/li><li class='av-share-link av-social-link-linkedin' ><a target=\"_blank\" aria-label=\"Compartir en LinkedIn\" href='https:\/\/linkedin.com\/shareArticle?mini=true&#038;title=Autoridades%20hacen%20llamado%20a%20la%20ciudadan%C3%ADa%20a%20participar%20de%20las%20elecciones%20del%20pr%C3%B3ximo%20domingo&#038;url=https:\/\/radiorevelacionfm.cl\/?p=10886' aria-hidden='false' data-av_icon='\ue8fc' data-av_iconfont='entypo-fontello' title='' data-avia-related-tooltip='Compartir en LinkedIn' rel=\"noopener\"><span class='avia_hidden_link_text'>Compartir en LinkedIn<\/span><\/a><\/li><li class='av-share-link av-social-link-mail' ><a  aria-label=\"Compartir por correo\" href='mailto:?subject=Autoridades%20hacen%20llamado%20a%20la%20ciudadan%C3%ADa%20a%20participar%20de%20las%20elecciones%20del%20pr%C3%B3ximo%20domingo&#038;body=https:\/\/radiorevelacionfm.cl\/?p=10886' aria-hidden='false' data-av_icon='\ue805' data-av_iconfont='entypo-fontello' title='' data-avia-related-tooltip='Compartir por correo'><span class='avia_hidden_link_text'>Compartir por correo<\/span><\/a><\/li><\/ul><\/div><\/div>\n<div  style='height:50px' class='hr hr-invisible   avia-builder-el-8  el_after_av_social_share  el_before_av_comments_list '><span class='hr-inner ' ><span class='hr-inner-style'><\/span><\/span><\/div>\n<div  class='av-buildercomment  av-blog-meta-html-info-disabled av-blog-meta-tag-disabled  '><\/div>\n","protected":false},"excerpt":{"rendered":"","protected":false},"author":1,"featured_media":10887,"comment_status":"open","ping_status":"open","sticky":false,"template":"","format":"standard","meta":{"footnotes":""},"categories":[38],"tags":[],"class_list":["post-10886","post","type-post","status-publish","format-standard","has-post-thumbnail","hentry","category-regional"],"jetpack_featured_media_url":"https:\/\/radiorevelacionfm.cl\/wp-content\/uploads\/2021\/11\/Conferencia-2021-11-16-1-1.jpeg","_links":{"self":[{"href":"https:\/\/radiorevelacionfm.cl\/index.php?rest_route=\/wp\/v2\/posts\/10886","targetHints":{"allow":["GET"]}}],"collection":[{"href":"https:\/\/radiorevelacionfm.cl\/index.php?rest_route=\/wp\/v2\/posts"}],"about":[{"href":"https:\/\/radiorevelacionfm.cl\/index.php?rest_route=\/wp\/v2\/types\/post"}],"author":[{"embeddable":true,"href":"https:\/\/radiorevelacionfm.cl\/index.php?rest_route=\/wp\/v2\/users\/1"}],"replies":[{"embeddable":true,"href":"https:\/\/radiorevelacionfm.cl\/index.php?rest_route=%2Fwp%2Fv2%2Fcomments&post=10886"}],"version-history":[{"count":2,"href":"https:\/\/radiorevelacionfm.cl\/index.php?rest_route=\/wp\/v2\/posts\/10886\/revisions"}],"predecessor-version":[{"id":10889,"href":"https:\/\/radiorevelacionfm.cl\/index.php?rest_route=\/wp\/v2\/posts\/10886\/revisions\/10889"}],"wp:featuredmedia":[{"embeddable":true,"href":"https:\/\/radiorevelacionfm.cl\/index.php?rest_route=\/wp\/v2\/media\/10887"}],"wp:attachment":[{"href":"https:\/\/radiorevelacionfm.cl\/index.php?rest_route=%2Fwp%2Fv2%2Fmedia&parent=10886"}],"wp:term":[{"taxonomy":"category","embeddable":true,"href":"https:\/\/radiorevelacionfm.cl\/index.php?rest_route=%2Fwp%2Fv2%2Fcategories&post=10886"},{"taxonomy":"post_tag","embeddable":true,"href":"https:\/\/radiorevelacionfm.cl\/index.php?rest_route=%2Fwp%2Fv2%2Ftags&post=10886"}],"curies":[{"name":"wp","href":"https:\/\/api.w.org\/{rel}","templated":true}]}}