{"id":10882,"date":"2021-11-17T09:36:46","date_gmt":"2021-11-17T12:36:46","guid":{"rendered":"https:\/\/radiorevelacionfm.cl\/?p=10882"},"modified":"2021-11-17T09:36:46","modified_gmt":"2021-11-17T12:36:46","slug":"autoridades-del-trabajo-realizaran-encuentro-virtual-sobre-normativa-laboral","status":"publish","type":"post","link":"https:\/\/radiorevelacionfm.cl\/?p=10882","title":{"rendered":"Autoridades del Trabajo realizar\u00e1n encuentro Virtual sobre Normativa laboral"},"content":{"rendered":"<div class=\"flex_column av_one_full  flex_column_div av-zero-column-padding first  avia-builder-el-0  el_before_av_one_full  avia-builder-el-first  \" style='border-radius:0px; '><div  class='avia-image-container  av-styling-    avia-builder-el-1  avia-builder-el-no-sibling  avia-align-center '  itemprop=\"image\" itemscope=\"itemscope\" itemtype=\"https:\/\/schema.org\/ImageObject\"  ><div class='avia-image-container-inner'><div class='avia-image-overlay-wrap'><img decoding=\"async\" class='wp-image-10883 avia-img-lazy-loading-not-10883 avia_image' src=\"https:\/\/radiorevelacionfm.cl\/wp-content\/uploads\/2021\/11\/facebook-live-con-dt-noviembre-2021_ok-1_optimized.jpg\" alt='' title='facebook-live-con-dt--noviembre-2021_ok-(1)_optimized' height=\"600\" width=\"1191\"  itemprop=\"thumbnailUrl\" srcset=\"https:\/\/radiorevelacionfm.cl\/wp-content\/uploads\/2021\/11\/facebook-live-con-dt-noviembre-2021_ok-1_optimized.jpg 1191w, https:\/\/radiorevelacionfm.cl\/wp-content\/uploads\/2021\/11\/facebook-live-con-dt-noviembre-2021_ok-1_optimized-300x151.jpg 300w, https:\/\/radiorevelacionfm.cl\/wp-content\/uploads\/2021\/11\/facebook-live-con-dt-noviembre-2021_ok-1_optimized-1030x519.jpg 1030w, https:\/\/radiorevelacionfm.cl\/wp-content\/uploads\/2021\/11\/facebook-live-con-dt-noviembre-2021_ok-1_optimized-768x387.jpg 768w, https:\/\/radiorevelacionfm.cl\/wp-content\/uploads\/2021\/11\/facebook-live-con-dt-noviembre-2021_ok-1_optimized-705x355.jpg 705w, https:\/\/radiorevelacionfm.cl\/wp-content\/uploads\/2021\/11\/facebook-live-con-dt-noviembre-2021_ok-1_optimized-600x302.jpg 600w\" sizes=\"(max-width: 1191px) 100vw, 1191px\" \/><\/div><\/div><\/div><\/div><div class=\"flex_column av_one_full  flex_column_div av-zero-column-padding first  avia-builder-el-2  el_after_av_one_full  el_before_av_one_full  column-top-margin\" style='border-radius:0px; '><section class=\"av_textblock_section \"  itemscope=\"itemscope\" itemtype=\"https:\/\/schema.org\/BlogPosting\" itemprop=\"blogPost\" ><div class='avia_textblock  '   itemprop=\"text\" ><p style=\"text-align: center;\"><span style=\"font-size: 18pt;\"><strong>Autoridades del Trabajo realizar\u00e1n encuentro Virtual sobre Normativa laboral\u00a0 <\/strong><\/span><\/p>\n<div id=\"gtx-trans\" style=\"position: absolute; left: -50px; top: 4.31534px;\">\n<div class=\"gtx-trans-icon\"><\/div>\n<\/div>\n<\/div><\/section><\/div><div class=\"flex_column av_one_full  flex_column_div av-zero-column-padding first  avia-builder-el-4  el_after_av_one_full  el_before_av_hr  column-top-margin\" style='border-radius:0px; '><section class=\"av_textblock_section \"  itemscope=\"itemscope\" itemtype=\"https:\/\/schema.org\/BlogPosting\" itemprop=\"blogPost\" ><div class='avia_textblock  '   itemprop=\"text\" ><p style=\"text-align: justify;\">Con el prop\u00f3sito de aclarar dudas con respecto a la normativa laboral vigente, se coordin\u00f3 un nuevo encuentro virtual dirigido tanto a trabajadores\/as como a empleadores\/as y a la comunidad en general. La actividad se realizar\u00e1 este jueves a las 16:00 hrs., participando la Seremi del Trabajo y Previsi\u00f3n Social, Andrea Ponce y la Directora regional del Trabajo, Victoria Sierra, a trav\u00e9s de la plataforma de Facebook de MintrabAys\u00e9n.<\/p>\n<p style=\"text-align: justify;\">\u201cDebido a la pandemia han surgido diversos temas laborales y actualizaciones en las leyes que ata\u00f1en tanto a trabajadores como a empleadores y a la comunidad en general, y es en este sentido nuestro deber estar constantemente informando y aclarando dudas. El Facebook live nos ha entregado la posibilidad de conectarnos con la comunidad y responder todas las preguntas en vivo y que las personas se puedan conectar desde distintos puntos de nuestra Regi\u00f3n de Ays\u00e9n. Para este jueves los invitamos a las 16:00 hrs, donde estaremos con la Directora Regional del Trabajo conversando sobre la Modernizaci\u00f3n de la Direcci\u00f3n del Trabajo y sus implicancias, la modificaci\u00f3n a la ley sobre el adolescente trabajador; el permiso laboral para que los trabajadores voten este domingo, adem\u00e1s de la vigencia del Formulario \u00danico de Fiscalizaci\u00f3n para disminuir los riesgos de contagio de Covid 19. Son temas que se han ido actualizando y que es de suma importancia que todos est\u00e9n informados. Los esperamos en <a href=\"http:\/\/www.facebook.com\/mintrabAys\u00e9n\">www.facebook.com\/mintrabAys\u00e9n<\/a>. Teniendo en cuenta que adem\u00e1s quedar\u00e1 la grabaci\u00f3n para que luego puedan revisarla\u201d, afirm\u00f3 la Seremi del Trabajo y Previsi\u00f3n Social, Andrea Ponce.<\/p>\n<p style=\"text-align: justify;\">Por su parte, la Directora del Trabajo destac\u00f3 la necesidad de actualizar los conocimientos, \u201cComo Direcci\u00f3n del Trabajo estamos en un proceso de modernizaci\u00f3n que ha tenido muchos desaf\u00edos, ya sea para nosotros como instituci\u00f3n como para nuestros usuarios, por eso es fundamental informarse, actualizar los conocimientos, y conocer los tr\u00e1mites que ahora pueden realizar digitalmente en nuestra plataforma. Acaba de publicarse adem\u00e1s un nuevo dictamen sobre el libro electr\u00f3nico de remuneraciones y esperamos explicar este tema y otros que sabemos que han generado dudas. Si bien muchos conocen nuestro rol como ente fiscalizador, tambi\u00e9n tenemos el papel de orientar a trabajadores, empleadores, contadores y a la comunidad en general para que puedan informarse adecuadamente\u201d, asever\u00f3 Victoria Sierra.<\/p>\n<p style=\"text-align: justify;\">El encuentro virtual ser\u00e1 este jueves 18 de noviembre de 2021 a las 16:00 hrs. El link directo para la transmisi\u00f3n en vivo es <a href=\"http:\/\/www.facebook.com\/MintrabAys\u00e9n\">www.facebook.com\/MintrabAys\u00e9n<\/a> .<\/p>\n<\/div><\/section><\/div><div  style='height:50px' class='hr hr-invisible   avia-builder-el-6  el_after_av_one_full  el_before_av_social_share '><span class='hr-inner ' ><span class='hr-inner-style'><\/span><\/span><\/div><\/p>\n<div  class='av-social-sharing-box  avia-builder-el-7  el_after_av_hr  el_before_av_hr  '><div class='av-share-box'><h5 class='av-share-link-description av-no-toc '>Compartir esta noticia<\/h5><ul class='av-share-box-list noLightbox'><li class='av-share-link av-social-link-facebook' ><a target=\"_blank\" aria-label=\"Compartir en Facebook\" href='https:\/\/www.facebook.com\/sharer.php?u=https:\/\/radiorevelacionfm.cl\/?p=10882&#038;t=Autoridades%20del%20Trabajo%20realizar%C3%A1n%20encuentro%20Virtual%20sobre%20Normativa%20laboral' aria-hidden='false' data-av_icon='\ue8f3' data-av_iconfont='entypo-fontello' title='' data-avia-related-tooltip='Compartir en Facebook' rel=\"noopener\"><span class='avia_hidden_link_text'>Compartir en Facebook<\/span><\/a><\/li><li class='av-share-link av-social-link-twitter' ><a target=\"_blank\" aria-label=\"Compartir en Twitter\" href='https:\/\/twitter.com\/share?text=Autoridades%20del%20Trabajo%20realizar%C3%A1n%20encuentro%20Virtual%20sobre%20Normativa%20laboral&#038;url=https:\/\/radiorevelacionfm.cl\/?p=10882' aria-hidden='false' data-av_icon='\ue8f1' data-av_iconfont='entypo-fontello' title='' data-avia-related-tooltip='Compartir en Twitter' rel=\"noopener\"><span class='avia_hidden_link_text'>Compartir en Twitter<\/span><\/a><\/li><li class='av-share-link av-social-link-whatsapp' ><a target=\"_blank\" aria-label=\"Compartir en Whatsapp\" href='https:\/\/api.whatsapp.com\/send?text=https:\/\/radiorevelacionfm.cl\/?p=10882' aria-hidden='false' data-av_icon='\uf232' data-av_iconfont='entypo-fontello' title='' data-avia-related-tooltip='Compartir en Whatsapp' rel=\"noopener\"><span class='avia_hidden_link_text'>Compartir en Whatsapp<\/span><\/a><\/li><li class='av-share-link av-social-link-linkedin' ><a target=\"_blank\" aria-label=\"Compartir en LinkedIn\" href='https:\/\/linkedin.com\/shareArticle?mini=true&#038;title=Autoridades%20del%20Trabajo%20realizar%C3%A1n%20encuentro%20Virtual%20sobre%20Normativa%20laboral&#038;url=https:\/\/radiorevelacionfm.cl\/?p=10882' aria-hidden='false' data-av_icon='\ue8fc' data-av_iconfont='entypo-fontello' title='' data-avia-related-tooltip='Compartir en LinkedIn' rel=\"noopener\"><span class='avia_hidden_link_text'>Compartir en LinkedIn<\/span><\/a><\/li><li class='av-share-link av-social-link-mail' ><a  aria-label=\"Compartir por correo\" href='mailto:?subject=Autoridades%20del%20Trabajo%20realizar%C3%A1n%20encuentro%20Virtual%20sobre%20Normativa%20laboral&#038;body=https:\/\/radiorevelacionfm.cl\/?p=10882' aria-hidden='false' data-av_icon='\ue805' data-av_iconfont='entypo-fontello' title='' data-avia-related-tooltip='Compartir por correo'><span class='avia_hidden_link_text'>Compartir por correo<\/span><\/a><\/li><\/ul><\/div><\/div>\n<div  style='height:50px' class='hr hr-invisible   avia-builder-el-8  el_after_av_social_share  el_before_av_comments_list '><span class='hr-inner ' ><span class='hr-inner-style'><\/span><\/span><\/div>\n<div  class='av-buildercomment  av-blog-meta-html-info-disabled av-blog-meta-tag-disabled  '><\/div>\n","protected":false},"excerpt":{"rendered":"","protected":false},"author":1,"featured_media":10883,"comment_status":"open","ping_status":"open","sticky":false,"template":"","format":"standard","meta":{"footnotes":""},"categories":[56],"tags":[],"class_list":["post-10882","post","type-post","status-publish","format-standard","has-post-thumbnail","hentry","category-trabajo"],"jetpack_featured_media_url":"https:\/\/radiorevelacionfm.cl\/wp-content\/uploads\/2021\/11\/facebook-live-con-dt-noviembre-2021_ok-1_optimized.jpg","_links":{"self":[{"href":"https:\/\/radiorevelacionfm.cl\/index.php?rest_route=\/wp\/v2\/posts\/10882","targetHints":{"allow":["GET"]}}],"collection":[{"href":"https:\/\/radiorevelacionfm.cl\/index.php?rest_route=\/wp\/v2\/posts"}],"about":[{"href":"https:\/\/radiorevelacionfm.cl\/index.php?rest_route=\/wp\/v2\/types\/post"}],"author":[{"embeddable":true,"href":"https:\/\/radiorevelacionfm.cl\/index.php?rest_route=\/wp\/v2\/users\/1"}],"replies":[{"embeddable":true,"href":"https:\/\/radiorevelacionfm.cl\/index.php?rest_route=%2Fwp%2Fv2%2Fcomments&post=10882"}],"version-history":[{"count":2,"href":"https:\/\/radiorevelacionfm.cl\/index.php?rest_route=\/wp\/v2\/posts\/10882\/revisions"}],"predecessor-version":[{"id":10899,"href":"https:\/\/radiorevelacionfm.cl\/index.php?rest_route=\/wp\/v2\/posts\/10882\/revisions\/10899"}],"wp:featuredmedia":[{"embeddable":true,"href":"https:\/\/radiorevelacionfm.cl\/index.php?rest_route=\/wp\/v2\/media\/10883"}],"wp:attachment":[{"href":"https:\/\/radiorevelacionfm.cl\/index.php?rest_route=%2Fwp%2Fv2%2Fmedia&parent=10882"}],"wp:term":[{"taxonomy":"category","embeddable":true,"href":"https:\/\/radiorevelacionfm.cl\/index.php?rest_route=%2Fwp%2Fv2%2Fcategories&post=10882"},{"taxonomy":"post_tag","embeddable":true,"href":"https:\/\/radiorevelacionfm.cl\/index.php?rest_route=%2Fwp%2Fv2%2Ftags&post=10882"}],"curies":[{"name":"wp","href":"https:\/\/api.w.org\/{rel}","templated":true}]}}