{"id":10877,"date":"2021-11-16T16:55:58","date_gmt":"2021-11-16T19:55:58","guid":{"rendered":"https:\/\/radiorevelacionfm.cl\/?p=10877"},"modified":"2021-11-16T17:02:13","modified_gmt":"2021-11-16T20:02:13","slug":"aumento-de-pacientes-covid-y-la-llegada-del-virus-respiratorio-sincicial-en-ninos-ha-duplicado-los-tiempos-de-atencion-del-hospital-regional-superando-las-9-horas-de-espera","status":"publish","type":"post","link":"https:\/\/radiorevelacionfm.cl\/?p=10877","title":{"rendered":"Aumento de pacientes Covid y la llegada del Virus Respiratorio Sincicial en ni\u00f1os, ha duplicado los tiempos de atenci\u00f3n del Hospital Regional, superando las 9 horas de espera"},"content":{"rendered":"<div class=\"flex_column av_one_full  flex_column_div av-zero-column-padding first  avia-builder-el-0  el_before_av_one_full  avia-builder-el-first  \" style='border-radius:0px; '><div  class='avia-image-container  av-styling-    avia-builder-el-1  avia-builder-el-no-sibling  avia-align-center '  itemprop=\"image\" itemscope=\"itemscope\" itemtype=\"https:\/\/schema.org\/ImageObject\"  ><div class='avia-image-container-inner'><div class='avia-image-overlay-wrap'><img decoding=\"async\" class='wp-image-10878 avia-img-lazy-loading-not-10878 avia_image' src=\"https:\/\/radiorevelacionfm.cl\/wp-content\/uploads\/2021\/11\/HOSPITAL-coyh-1-1.jpeg\" alt='' title='HOSPITAL coyh (1) (1)' height=\"600\" width=\"906\"  itemprop=\"thumbnailUrl\" srcset=\"https:\/\/radiorevelacionfm.cl\/wp-content\/uploads\/2021\/11\/HOSPITAL-coyh-1-1.jpeg 906w, https:\/\/radiorevelacionfm.cl\/wp-content\/uploads\/2021\/11\/HOSPITAL-coyh-1-1-300x199.jpeg 300w, https:\/\/radiorevelacionfm.cl\/wp-content\/uploads\/2021\/11\/HOSPITAL-coyh-1-1-768x509.jpeg 768w, https:\/\/radiorevelacionfm.cl\/wp-content\/uploads\/2021\/11\/HOSPITAL-coyh-1-1-705x467.jpeg 705w, https:\/\/radiorevelacionfm.cl\/wp-content\/uploads\/2021\/11\/HOSPITAL-coyh-1-1-600x397.jpeg 600w\" sizes=\"(max-width: 906px) 100vw, 906px\" \/><\/div><\/div><\/div><\/div>\n<div class=\"flex_column av_one_full  flex_column_div av-zero-column-padding first  avia-builder-el-2  el_after_av_one_full  el_before_av_one_full  column-top-margin\" style='border-radius:0px; '><section class=\"av_textblock_section \"  itemscope=\"itemscope\" itemtype=\"https:\/\/schema.org\/BlogPosting\" itemprop=\"blogPost\" ><div class='avia_textblock  '   itemprop=\"text\" ><p style=\"text-align: center;\"><span style=\"font-size: 18pt;\"><strong>Aumento de pacientes Covid y la llegada del Virus Respiratorio Sincicial en ni\u00f1os, ha duplicado los tiempos de atenci\u00f3n del Hospital Regional, superando las 9 horas de espera<\/strong><\/span><\/p>\n<div id=\"gtx-trans\" style=\"position: absolute; left: -50px; top: 4.31534px;\">\n<div class=\"gtx-trans-icon\"><\/div>\n<\/div>\n<\/div><\/section><\/div>\n<div class=\"flex_column av_one_full  flex_column_div av-zero-column-padding first  avia-builder-el-4  el_after_av_one_full  el_before_av_hr  column-top-margin\" style='border-radius:0px; '><section class=\"av_textblock_section \"  itemscope=\"itemscope\" itemtype=\"https:\/\/schema.org\/BlogPosting\" itemprop=\"blogPost\" ><div class='avia_textblock  '   itemprop=\"text\" ><p style=\"text-align: justify;\">Frente al aumento del n\u00famero de contagios por Covid-19 y diversos virus respiratorios, los tiempos de espera en la atenci\u00f3n de Urgencias Adulta del Hospital Regional Coyhaique, se han visto incrementadas en casi un 100%, pasando de un promedio de 4 horas a 10.<\/p>\n<p style=\"text-align: justify;\">El Hospital Regional Coyhaique hace un llamado a sus usuarios a hacer buen uso de la red, utilizando otros dispositivos como el SAPU y consultorios.<\/p>\n<p style=\"text-align: justify;\">Mayores libertades de movimiento y la paulatina apertura de diversos recintos destinados a la atenci\u00f3n de p\u00fablico, han permitido el aumento de la propagaci\u00f3n de virus respiratorios end\u00e9micos como los resfr\u00edos, gripes, etc. Y en menor medida Covid-19. Esto, ha llevado a que las personas asistan en mayor n\u00famero al servicio de Urgencias pasando de un promedio de 100 atenciones diarias en meses anteriores a cerca de 190 en la actualidad, haciendo que los tiempos de espera por atenci\u00f3n lleguen a las 10 horas.<\/p>\n<p style=\"text-align: justify;\">\u201cEl aumento de flujo en la Unidad, ha incidido en un aumento de los tiempos de espera de nuestros usuarios, por lo que les pedimos tener paciencia al momento de solicitar una atenci\u00f3n. Ahora bien, esto no cambia el sistema de priorizaci\u00f3n de atenci\u00f3n que tenemos en la Unidad, de manera que los pacientes m\u00e1s graves ser\u00e1n atendidos de forma oportuna en relaci\u00f3n a la gravedad de sus s\u00edntomas. Pero el tiempo de espera para los pacientes no graves, ser\u00e1 mucho m\u00e1s extenso, ya que como sabemos, los recursos son limitados en los Servicios de Urgencia\u201d, indic\u00f3 el Dr. Loyola, agregando que si bien sabe y entiende las molestias que esto causa a los usuarios y que el sentido de urgencia es particular para cada persona, las atenciones m\u00e9dicas son priorizadas seg\u00fan su gravedad y no por orden de llegada.<\/p>\n<p style=\"text-align: justify;\">\u201cEs importante que las personas sepan que existe una categorizaci\u00f3n de prioridades de urgencias que est\u00e1 determinada por el triage ESI, el que asigna un nivel de gravedad que va desde el 1 (m\u00e1s urgente) al 5 (puede esperar sin correr riesgo). Por esto, es importante que nos informemos y tomemos conciencia sobre esto y ser m\u00e1s emp\u00e1ticos con nuestros pares m\u00e1s graves y sobre todo con el personal de atenci\u00f3n, los que no han dejado de trabajar por la salud de todos nosotros durante esta pandemia\u201d.<\/p>\n<p style=\"text-align: justify;\">Urgencia Pedi\u00e1trica<\/p>\n<p style=\"text-align: justify;\">Otro servicio que se ha visto afectado por la mayor afluencia de p\u00fablico, ha sido la Urgencia Pedi\u00e1trica. Sobre\u00a0 esto la Doctora Carmen Gloria C\u00e1diz, Jefe subrogante del Servicio Pediatr\u00eda, indic\u00f3 que \u201cen el \u00faltimo mes se han generado aproximadamente 2.000 atenciones en la urgencia pedi\u00e1trica con un promedio diario de 70 atenciones, en donde m\u00e1s del 50% son por enfermedades respiratorias\u201d agregando que en los \u00faltimos meses se ha observado que a nivel nacional ha aumentado la circulaci\u00f3n del virus respiratorio sincicial \u201cque ya en los meses de junio, julio y agosto alcanzo su peak en la capital. En nuestra regi\u00f3n se retras\u00f3 su llegada con aumento significativo en el \u00faltimo mes de las atenciones pedi\u00e1tricas\u201d.<\/p>\n<p style=\"text-align: justify;\">Por lo anterior, el Dr. Loyola hizo un llamado a las personas a hacer un buen uso del Red de Salud, priorizando las atenciones que brindan los consultorios por sobre ir de manera directa al Servicio de Urgencia.<\/p>\n<p style=\"text-align: justify;\">\u201cNuestra Red de Salud cuenta con 2 consultorios en la ciudad, los que perfectamente pueden atender a un gran porcentaje de las personas que llegan hasta la Urgencia. En esos centros de salud, hay mucho menos tiempos de espera y la atenci\u00f3n es la misma que recibir\u00edan ac\u00e1, en el hospital\u201d.<\/p>\n<p style=\"text-align: justify;\">Los horarios de atenci\u00f3n de los Consultorios est\u00e1n publicados en el sitio Web del Servicio de Salud Ays\u00e9n en http:\/\/www.ssaysen.gov.cl<\/p>\n<\/div><\/section><\/div><div  style='height:50px' class='hr hr-invisible   avia-builder-el-6  el_after_av_one_full  el_before_av_social_share '><span class='hr-inner ' ><span class='hr-inner-style'><\/span><\/span><\/div><\/p>\n<div  class='av-social-sharing-box  avia-builder-el-7  el_after_av_hr  el_before_av_hr  '><div class='av-share-box'><h5 class='av-share-link-description av-no-toc '>Compartir esta noticia<\/h5><ul class='av-share-box-list noLightbox'><li class='av-share-link av-social-link-facebook' ><a target=\"_blank\" aria-label=\"Compartir en Facebook\" href='https:\/\/www.facebook.com\/sharer.php?u=https:\/\/radiorevelacionfm.cl\/?p=10877&#038;t=Aumento%20de%20pacientes%20Covid%20y%20la%20llegada%20del%20Virus%20Respiratorio%20Sincicial%20en%20ni%C3%B1os%2C%20ha%20duplicado%20los%20tiempos%20de%20atenci%C3%B3n%20del%20Hospital%20Regional%2C%20superando%20las%209%20horas%20de%20espera' aria-hidden='false' data-av_icon='\ue8f3' data-av_iconfont='entypo-fontello' title='' data-avia-related-tooltip='Compartir en Facebook' rel=\"noopener\"><span class='avia_hidden_link_text'>Compartir en Facebook<\/span><\/a><\/li><li class='av-share-link av-social-link-twitter' ><a target=\"_blank\" aria-label=\"Compartir en Twitter\" href='https:\/\/twitter.com\/share?text=Aumento%20de%20pacientes%20Covid%20y%20la%20llegada%20del%20Virus%20Respiratorio%20Sincicial%20en%20ni%C3%B1os%2C%20ha%20duplicado%20los%20tiempos%20de%20atenci%C3%B3n%20del%20Hospital%20Regional%2C%20superando%20las%209%20horas%20de%20espera&#038;url=https:\/\/radiorevelacionfm.cl\/?p=10877' aria-hidden='false' data-av_icon='\ue8f1' data-av_iconfont='entypo-fontello' title='' data-avia-related-tooltip='Compartir en Twitter' rel=\"noopener\"><span class='avia_hidden_link_text'>Compartir en Twitter<\/span><\/a><\/li><li class='av-share-link av-social-link-whatsapp' ><a target=\"_blank\" aria-label=\"Compartir en Whatsapp\" href='https:\/\/api.whatsapp.com\/send?text=https:\/\/radiorevelacionfm.cl\/?p=10877' aria-hidden='false' data-av_icon='\uf232' data-av_iconfont='entypo-fontello' title='' data-avia-related-tooltip='Compartir en Whatsapp' rel=\"noopener\"><span class='avia_hidden_link_text'>Compartir en Whatsapp<\/span><\/a><\/li><li class='av-share-link av-social-link-linkedin' ><a target=\"_blank\" aria-label=\"Compartir en LinkedIn\" href='https:\/\/linkedin.com\/shareArticle?mini=true&#038;title=Aumento%20de%20pacientes%20Covid%20y%20la%20llegada%20del%20Virus%20Respiratorio%20Sincicial%20en%20ni%C3%B1os%2C%20ha%20duplicado%20los%20tiempos%20de%20atenci%C3%B3n%20del%20Hospital%20Regional%2C%20superando%20las%209%20horas%20de%20espera&#038;url=https:\/\/radiorevelacionfm.cl\/?p=10877' aria-hidden='false' data-av_icon='\ue8fc' data-av_iconfont='entypo-fontello' title='' data-avia-related-tooltip='Compartir en LinkedIn' rel=\"noopener\"><span class='avia_hidden_link_text'>Compartir en LinkedIn<\/span><\/a><\/li><li class='av-share-link av-social-link-mail' ><a  aria-label=\"Compartir por correo\" href='mailto:?subject=Aumento%20de%20pacientes%20Covid%20y%20la%20llegada%20del%20Virus%20Respiratorio%20Sincicial%20en%20ni%C3%B1os%2C%20ha%20duplicado%20los%20tiempos%20de%20atenci%C3%B3n%20del%20Hospital%20Regional%2C%20superando%20las%209%20horas%20de%20espera&#038;body=https:\/\/radiorevelacionfm.cl\/?p=10877' aria-hidden='false' data-av_icon='\ue805' data-av_iconfont='entypo-fontello' title='' data-avia-related-tooltip='Compartir por correo'><span class='avia_hidden_link_text'>Compartir por correo<\/span><\/a><\/li><\/ul><\/div><\/div>\n<div  style='height:50px' class='hr hr-invisible   avia-builder-el-8  el_after_av_social_share  el_before_av_comments_list '><span class='hr-inner ' ><span class='hr-inner-style'><\/span><\/span><\/div>\n<div  class='av-buildercomment  av-blog-meta-html-info-disabled av-blog-meta-tag-disabled  '><\/div>\n","protected":false},"excerpt":{"rendered":"","protected":false},"author":1,"featured_media":10878,"comment_status":"open","ping_status":"open","sticky":false,"template":"","format":"standard","meta":{"footnotes":""},"categories":[46],"tags":[],"class_list":["post-10877","post","type-post","status-publish","format-standard","has-post-thumbnail","hentry","category-salud"],"jetpack_featured_media_url":"https:\/\/radiorevelacionfm.cl\/wp-content\/uploads\/2021\/11\/HOSPITAL-coyh-1-1.jpeg","_links":{"self":[{"href":"https:\/\/radiorevelacionfm.cl\/index.php?rest_route=\/wp\/v2\/posts\/10877","targetHints":{"allow":["GET"]}}],"collection":[{"href":"https:\/\/radiorevelacionfm.cl\/index.php?rest_route=\/wp\/v2\/posts"}],"about":[{"href":"https:\/\/radiorevelacionfm.cl\/index.php?rest_route=\/wp\/v2\/types\/post"}],"author":[{"embeddable":true,"href":"https:\/\/radiorevelacionfm.cl\/index.php?rest_route=\/wp\/v2\/users\/1"}],"replies":[{"embeddable":true,"href":"https:\/\/radiorevelacionfm.cl\/index.php?rest_route=%2Fwp%2Fv2%2Fcomments&post=10877"}],"version-history":[{"count":3,"href":"https:\/\/radiorevelacionfm.cl\/index.php?rest_route=\/wp\/v2\/posts\/10877\/revisions"}],"predecessor-version":[{"id":10880,"href":"https:\/\/radiorevelacionfm.cl\/index.php?rest_route=\/wp\/v2\/posts\/10877\/revisions\/10880"}],"wp:featuredmedia":[{"embeddable":true,"href":"https:\/\/radiorevelacionfm.cl\/index.php?rest_route=\/wp\/v2\/media\/10878"}],"wp:attachment":[{"href":"https:\/\/radiorevelacionfm.cl\/index.php?rest_route=%2Fwp%2Fv2%2Fmedia&parent=10877"}],"wp:term":[{"taxonomy":"category","embeddable":true,"href":"https:\/\/radiorevelacionfm.cl\/index.php?rest_route=%2Fwp%2Fv2%2Fcategories&post=10877"},{"taxonomy":"post_tag","embeddable":true,"href":"https:\/\/radiorevelacionfm.cl\/index.php?rest_route=%2Fwp%2Fv2%2Ftags&post=10877"}],"curies":[{"name":"wp","href":"https:\/\/api.w.org\/{rel}","templated":true}]}}