{"id":10870,"date":"2021-11-16T15:46:44","date_gmt":"2021-11-16T18:46:44","guid":{"rendered":"https:\/\/radiorevelacionfm.cl\/?p=10870"},"modified":"2021-11-16T15:46:44","modified_gmt":"2021-11-16T18:46:44","slug":"confirman-fallo-que-condeno-a-presidio-perpetuo-calificado-a-autor-de-violacion-con-femicidio","status":"publish","type":"post","link":"https:\/\/radiorevelacionfm.cl\/?p=10870","title":{"rendered":"Confirman fallo que conden\u00f3 a presidio perpetuo calificado a autor de violaci\u00f3n con femicidio"},"content":{"rendered":"<div class=\"flex_column av_one_full  flex_column_div av-zero-column-padding first  avia-builder-el-0  el_before_av_one_full  avia-builder-el-first  \" style='border-radius:0px; '><div  class='avia-image-container  av-styling-    avia-builder-el-1  avia-builder-el-no-sibling  avia-align-center '  itemprop=\"image\" itemscope=\"itemscope\" itemtype=\"https:\/\/schema.org\/ImageObject\"  ><div class='avia-image-container-inner'><div class='avia-image-overlay-wrap'><img decoding=\"async\" class='wp-image-10871 avia-img-lazy-loading-not-10871 avia_image' src=\"https:\/\/radiorevelacionfm.cl\/wp-content\/uploads\/2021\/11\/Foto-001-2-1-1.jpg\" alt='' title='Foto 001 (2) (1) (1)' height=\"600\" width=\"900\"  itemprop=\"thumbnailUrl\" srcset=\"https:\/\/radiorevelacionfm.cl\/wp-content\/uploads\/2021\/11\/Foto-001-2-1-1.jpg 900w, https:\/\/radiorevelacionfm.cl\/wp-content\/uploads\/2021\/11\/Foto-001-2-1-1-300x200.jpg 300w, https:\/\/radiorevelacionfm.cl\/wp-content\/uploads\/2021\/11\/Foto-001-2-1-1-768x512.jpg 768w, https:\/\/radiorevelacionfm.cl\/wp-content\/uploads\/2021\/11\/Foto-001-2-1-1-705x470.jpg 705w, https:\/\/radiorevelacionfm.cl\/wp-content\/uploads\/2021\/11\/Foto-001-2-1-1-600x400.jpg 600w\" sizes=\"(max-width: 900px) 100vw, 900px\" \/><\/div><\/div><\/div><\/div><div class=\"flex_column av_one_full  flex_column_div av-zero-column-padding first  avia-builder-el-2  el_after_av_one_full  el_before_av_one_full  column-top-margin\" style='border-radius:0px; '><section class=\"av_textblock_section \"  itemscope=\"itemscope\" itemtype=\"https:\/\/schema.org\/BlogPosting\" itemprop=\"blogPost\" ><div class='avia_textblock  '   itemprop=\"text\" ><p style=\"text-align: center;\"><strong><span style=\"font-size: 18pt;\">Confirman fallo que conden\u00f3 a presidio perpetuo calificado a autor de violaci\u00f3n con femicidio<\/span><\/strong><\/p>\n<div id=\"gtx-trans\" style=\"position: absolute; left: -50px; top: 4.31534px;\">\n<div class=\"gtx-trans-icon\"><\/div>\n<\/div>\n<\/div><\/section><\/div><div class=\"flex_column av_one_full  flex_column_div av-zero-column-padding first  avia-builder-el-4  el_after_av_one_full  el_before_av_hr  column-top-margin\" style='border-radius:0px; '><section class=\"av_textblock_section \"  itemscope=\"itemscope\" itemtype=\"https:\/\/schema.org\/BlogPosting\" itemprop=\"blogPost\" ><div class='avia_textblock  '   itemprop=\"text\" ><p class=\"v1MsoNormal\" style=\"text-align: justify;\">La Corte de Apelaciones de Coyhaique confirm\u00f3 la sentencia que conden\u00f3 a Cristi\u00e1n Fabi\u00e1n D\u00edaz a la pena de presidio perpetuo calificado, en calidad de autor del\u00a0delito consumado de violaci\u00f3n con femicidio. Il\u00edcito perpetrado en octubre de 2020, en la ciudad.<\/p>\n<p class=\"v1MsoNormal\" style=\"text-align: justify;\">En fallo un\u00e1nime (causa rol 243-2021), la Primera Sala del tribunal de alzada \u2013integrada por los ministros Natalia Rencoret, Pedro Castro y Jos\u00e9 Ignacio Mora\u2013 descart\u00f3 error de derecho en la sentencia dictada por el Tribunal de Juicio Oral en lo Penal de Coyhaique.<\/p>\n<p class=\"v1MsoNormal\" style=\"text-align: justify;\">\u00ab(&#8230;) de acuerdo a lo relacionado precedentemente, la causal propuesta por la defensa del condenado, que es estricta y mira a la correcta o incorrecta aplicaci\u00f3n del derecho, deber\u00e1 ser rechazada por cuanto no se observa en la sentencia recurrida que se hubiere incurrido en un vicio de esta naturaleza, esto es, en una err\u00f3nea aplicaci\u00f3n del derecho que hubiere influido sustancialmente en lo dispositivo del fallo al negar la concurrencia de las atenuantes invocadas y que constituye el sustrato del recurso presentado, dado que el Tribunal fundament\u00f3 su decisi\u00f3n, en cuanto consider\u00f3 que el acusado no ten\u00eda una irreprochable conducta anterior, como que tampoco colabor\u00f3 sustancialmente al esclarecimiento de los hechos, los que, seg\u00fan se concluy\u00f3 con la sentencia condenatoria, fueron dilucidados con la prueba aportada por el Ministerio P\u00fablico y para concretar la versi\u00f3n del recurrente, no existi\u00f3 prueba que la avalara\u00bb, afirma el fallo.<\/p>\n<p class=\"v1MsoNormal\" style=\"text-align: justify;\">La resoluci\u00f3n que agrega que: \u00abEn este sentido, es al Tribunal a qui\u00e9n le corresponde efectuar la correcta calificaci\u00f3n jur\u00eddica de los hechos imputados y plasmarla en su sentencia, lo que efectivamente los jueces recurridos hicieron, seg\u00fan se advierte del fallo que se revisa, donde concluyen que las pruebas rendidas en juicio formaron en ellos convicci\u00f3n de condena por los il\u00edcitos que fuere sentenciado el acusado, y sin perjuicio de ello, se advierte que, tambi\u00e9n, los Jueces recurridos, aplicaron los principios de congruencia y de legalidad, de todo lo cual aparece, para este Corte, que la labor desarrollada por los Jueces mencionados no incurren en un error de derecho al resolver del modo como lo hicieron y, en consecuencia, no se observan los vicios de nulidad alegados por la defensa del acusado\u00bb.<\/p>\n<p class=\"v1MsoNormal\" style=\"text-align: justify;\">Por tanto, se resuelve que: \u00abSE RECHAZA, sin costas, el recurso de nulidad deducido por Ricardo Flores Tapia, Defensor Penal P\u00fablico, en representaci\u00f3n del sentenciado Cristi\u00e1n Fab\u00edan D\u00edaz, en contra de la sentencia definitiva, de fecha 31 de agosto del a\u00f1o 2021, dictada por la Sala \u00danica del Tribunal de Juicio Oral en lo Penal de Coyhaique, integrada por los Jueces Titulares M\u00f3nica Gisela Coloma Pulgar, Rosal\u00eda Edith Mansilla Quiroz y Patricio Alberto Z\u00fa\u00f1iga Valenzuela, por medio de la cual se conden\u00f3 al imputado, ya referido a las penas mencionados en lo expositivo y en consecuencia, ha de concluirse que la sentencia que recay\u00f3 en el Juicio Oral, no es nula\u00bb.<\/p>\n<\/div><\/section><\/div><div  style='height:50px' class='hr hr-invisible   avia-builder-el-6  el_after_av_one_full  el_before_av_social_share '><span class='hr-inner ' ><span class='hr-inner-style'><\/span><\/span><\/div><\/p>\n<div  class='av-social-sharing-box  avia-builder-el-7  el_after_av_hr  el_before_av_hr  '><div class='av-share-box'><h5 class='av-share-link-description av-no-toc '>Compartir esta noticia<\/h5><ul class='av-share-box-list noLightbox'><li class='av-share-link av-social-link-facebook' ><a target=\"_blank\" aria-label=\"Compartir en Facebook\" href='https:\/\/www.facebook.com\/sharer.php?u=https:\/\/radiorevelacionfm.cl\/?p=10870&#038;t=Confirman%20fallo%20que%20conden%C3%B3%20a%20presidio%20perpetuo%20calificado%20a%20autor%20de%20violaci%C3%B3n%20con%20femicidio' aria-hidden='false' data-av_icon='\ue8f3' data-av_iconfont='entypo-fontello' title='' data-avia-related-tooltip='Compartir en Facebook' rel=\"noopener\"><span class='avia_hidden_link_text'>Compartir en Facebook<\/span><\/a><\/li><li class='av-share-link av-social-link-twitter' ><a target=\"_blank\" aria-label=\"Compartir en Twitter\" href='https:\/\/twitter.com\/share?text=Confirman%20fallo%20que%20conden%C3%B3%20a%20presidio%20perpetuo%20calificado%20a%20autor%20de%20violaci%C3%B3n%20con%20femicidio&#038;url=https:\/\/radiorevelacionfm.cl\/?p=10870' aria-hidden='false' data-av_icon='\ue8f1' data-av_iconfont='entypo-fontello' title='' data-avia-related-tooltip='Compartir en Twitter' rel=\"noopener\"><span class='avia_hidden_link_text'>Compartir en Twitter<\/span><\/a><\/li><li class='av-share-link av-social-link-whatsapp' ><a target=\"_blank\" aria-label=\"Compartir en Whatsapp\" href='https:\/\/api.whatsapp.com\/send?text=https:\/\/radiorevelacionfm.cl\/?p=10870' aria-hidden='false' data-av_icon='\uf232' data-av_iconfont='entypo-fontello' title='' data-avia-related-tooltip='Compartir en Whatsapp' rel=\"noopener\"><span class='avia_hidden_link_text'>Compartir en Whatsapp<\/span><\/a><\/li><li class='av-share-link av-social-link-linkedin' ><a target=\"_blank\" aria-label=\"Compartir en LinkedIn\" href='https:\/\/linkedin.com\/shareArticle?mini=true&#038;title=Confirman%20fallo%20que%20conden%C3%B3%20a%20presidio%20perpetuo%20calificado%20a%20autor%20de%20violaci%C3%B3n%20con%20femicidio&#038;url=https:\/\/radiorevelacionfm.cl\/?p=10870' aria-hidden='false' data-av_icon='\ue8fc' data-av_iconfont='entypo-fontello' title='' data-avia-related-tooltip='Compartir en LinkedIn' rel=\"noopener\"><span class='avia_hidden_link_text'>Compartir en LinkedIn<\/span><\/a><\/li><li class='av-share-link av-social-link-mail' ><a  aria-label=\"Compartir por correo\" href='mailto:?subject=Confirman%20fallo%20que%20conden%C3%B3%20a%20presidio%20perpetuo%20calificado%20a%20autor%20de%20violaci%C3%B3n%20con%20femicidio&#038;body=https:\/\/radiorevelacionfm.cl\/?p=10870' aria-hidden='false' data-av_icon='\ue805' data-av_iconfont='entypo-fontello' title='' data-avia-related-tooltip='Compartir por correo'><span class='avia_hidden_link_text'>Compartir por correo<\/span><\/a><\/li><\/ul><\/div><\/div>\n<div  style='height:50px' class='hr hr-invisible   avia-builder-el-8  el_after_av_social_share  el_before_av_comments_list '><span class='hr-inner ' ><span class='hr-inner-style'><\/span><\/span><\/div>\n<div  class='av-buildercomment  av-blog-meta-html-info-disabled av-blog-meta-tag-disabled  '><\/div>\n","protected":false},"excerpt":{"rendered":"","protected":false},"author":1,"featured_media":10871,"comment_status":"open","ping_status":"open","sticky":false,"template":"","format":"standard","meta":{"footnotes":""},"categories":[55],"tags":[],"class_list":["post-10870","post","type-post","status-publish","format-standard","has-post-thumbnail","hentry","category-justicia"],"jetpack_featured_media_url":"https:\/\/radiorevelacionfm.cl\/wp-content\/uploads\/2021\/11\/Foto-001-2-1-1.jpg","_links":{"self":[{"href":"https:\/\/radiorevelacionfm.cl\/index.php?rest_route=\/wp\/v2\/posts\/10870","targetHints":{"allow":["GET"]}}],"collection":[{"href":"https:\/\/radiorevelacionfm.cl\/index.php?rest_route=\/wp\/v2\/posts"}],"about":[{"href":"https:\/\/radiorevelacionfm.cl\/index.php?rest_route=\/wp\/v2\/types\/post"}],"author":[{"embeddable":true,"href":"https:\/\/radiorevelacionfm.cl\/index.php?rest_route=\/wp\/v2\/users\/1"}],"replies":[{"embeddable":true,"href":"https:\/\/radiorevelacionfm.cl\/index.php?rest_route=%2Fwp%2Fv2%2Fcomments&post=10870"}],"version-history":[{"count":2,"href":"https:\/\/radiorevelacionfm.cl\/index.php?rest_route=\/wp\/v2\/posts\/10870\/revisions"}],"predecessor-version":[{"id":10873,"href":"https:\/\/radiorevelacionfm.cl\/index.php?rest_route=\/wp\/v2\/posts\/10870\/revisions\/10873"}],"wp:featuredmedia":[{"embeddable":true,"href":"https:\/\/radiorevelacionfm.cl\/index.php?rest_route=\/wp\/v2\/media\/10871"}],"wp:attachment":[{"href":"https:\/\/radiorevelacionfm.cl\/index.php?rest_route=%2Fwp%2Fv2%2Fmedia&parent=10870"}],"wp:term":[{"taxonomy":"category","embeddable":true,"href":"https:\/\/radiorevelacionfm.cl\/index.php?rest_route=%2Fwp%2Fv2%2Fcategories&post=10870"},{"taxonomy":"post_tag","embeddable":true,"href":"https:\/\/radiorevelacionfm.cl\/index.php?rest_route=%2Fwp%2Fv2%2Ftags&post=10870"}],"curies":[{"name":"wp","href":"https:\/\/api.w.org\/{rel}","templated":true}]}}