{"id":10862,"date":"2021-11-16T12:23:24","date_gmt":"2021-11-16T15:23:24","guid":{"rendered":"https:\/\/radiorevelacionfm.cl\/?p=10862"},"modified":"2021-11-16T12:23:24","modified_gmt":"2021-11-16T15:23:24","slug":"carabineros-del-reten-raul-marin-balmaceda-detuvo-a-sujeto-que-mantenia-cinco-ordenes-de-aprehension-pendiente","status":"publish","type":"post","link":"https:\/\/radiorevelacionfm.cl\/?p=10862","title":{"rendered":"Carabineros del Ret\u00e9n Ra\u00fal Mar\u00edn Balmaceda detuvo a sujeto que manten\u00eda cinco \u00f3rdenes de aprehensi\u00f3n pendiente"},"content":{"rendered":"<div class=\"flex_column av_one_full  flex_column_div av-zero-column-padding first  avia-builder-el-0  el_before_av_one_full  avia-builder-el-first  \" style='border-radius:0px; '><div  class='avia-image-container  av-styling-    avia-builder-el-1  avia-builder-el-no-sibling  avia-align-center '  itemprop=\"image\" itemscope=\"itemscope\" itemtype=\"https:\/\/schema.org\/ImageObject\"  ><div class='avia-image-container-inner'><div class='avia-image-overlay-wrap'><img decoding=\"async\" class='wp-image-10863 avia-img-lazy-loading-not-10863 avia_image' src=\"https:\/\/radiorevelacionfm.cl\/wp-content\/uploads\/2021\/11\/6591rmb-1_optimized.jpg\" alt='' title='6591rmb-(1)_optimized' height=\"600\" width=\"1067\"  itemprop=\"thumbnailUrl\" srcset=\"https:\/\/radiorevelacionfm.cl\/wp-content\/uploads\/2021\/11\/6591rmb-1_optimized.jpg 1067w, https:\/\/radiorevelacionfm.cl\/wp-content\/uploads\/2021\/11\/6591rmb-1_optimized-300x169.jpg 300w, https:\/\/radiorevelacionfm.cl\/wp-content\/uploads\/2021\/11\/6591rmb-1_optimized-1030x579.jpg 1030w, https:\/\/radiorevelacionfm.cl\/wp-content\/uploads\/2021\/11\/6591rmb-1_optimized-768x432.jpg 768w, https:\/\/radiorevelacionfm.cl\/wp-content\/uploads\/2021\/11\/6591rmb-1_optimized-705x396.jpg 705w, https:\/\/radiorevelacionfm.cl\/wp-content\/uploads\/2021\/11\/6591rmb-1_optimized-600x337.jpg 600w\" sizes=\"(max-width: 1067px) 100vw, 1067px\" \/><\/div><\/div><\/div><\/div><div class=\"flex_column av_one_full  flex_column_div av-zero-column-padding first  avia-builder-el-2  el_after_av_one_full  el_before_av_one_full  column-top-margin\" style='border-radius:0px; '><section class=\"av_textblock_section \"  itemscope=\"itemscope\" itemtype=\"https:\/\/schema.org\/BlogPosting\" itemprop=\"blogPost\" ><div class='avia_textblock  '   itemprop=\"text\" ><p style=\"text-align: center;\"><span style=\"font-size: 18pt;\"><b>Carabineros del Ret\u00e9n Ra\u00fal Mar\u00edn Balmaceda detuvo a sujeto que manten\u00eda cinco \u00f3rdenes de aprehensi\u00f3n pendiente<\/b><\/span><\/p>\n<div id=\"gtx-trans\" style=\"position: absolute; left: -50px; top: 4.31534px;\">\n<div class=\"gtx-trans-icon\"><\/div>\n<\/div>\n<\/div><\/section><\/div><div class=\"flex_column av_one_full  flex_column_div av-zero-column-padding first  avia-builder-el-4  el_after_av_one_full  el_before_av_hr  column-top-margin\" style='border-radius:0px; '><section class=\"av_textblock_section \"  itemscope=\"itemscope\" itemtype=\"https:\/\/schema.org\/BlogPosting\" itemprop=\"blogPost\" ><div class='avia_textblock  '   itemprop=\"text\" ><p style=\"text-align: justify;\">Una fiscalizaci\u00f3n aleatoria por parte de Carabineros del ret\u00e9n Ra\u00fal Mar\u00edn Balmaceda a pasajeros de la barcaza Queulat que recal\u00f3 en la localidad, permiti\u00f3 la detenci\u00f3n de un individuo de 52 a\u00f1os de edad quien tras consultar los antecedentes, arroj\u00f3 que manten\u00eda cinco \u00f3rdenes de detenci\u00f3n vigente emanadas de diferentes tribunales de justicia, por diversos delitos.<\/p>\n<p style=\"text-align: justify;\">El individuo mantiene dos requerimientos con fecha 14 y 16 de octubre por parte del Tribunal de Garant\u00eda de Osorno por infringir normas higi\u00e9nicas de salubridad.<\/p>\n<p style=\"text-align: justify;\">A lo anterior se suma una orden de detenci\u00f3n vigente con fecha 15 de julio por el delito de hurto simple por parte del Tribunal de R\u00edo Bueno, adem\u00e1s de otro requerimiento por hurto con fecha 26 de mayo emanada desde el Tribunal de Osorno.<\/p>\n<p style=\"text-align: justify;\">Se adiciona a lo anterior, una quinta orden de aprehensi\u00f3n vigente con fecha 17 de junio emitida por el Tribunal de Osorno por el delito de maltrato de obra a Carabineros.<\/p>\n<p style=\"text-align: justify;\">El Subcomisario Administrativo de la Segunda Comisar\u00eda de Puerto Ays\u00e9n, Teniente Carlos Mesas S\u00e1nchez, indic\u00f3 que dicha persona fue detenida la tarde de ayer, cuyos antecedentes de la diligencia fueron puestos en conocimiento de los tribunales, siendo derivado a la audiencia de control de detenci\u00f3n por este hecho.<\/p>\n<p style=\"text-align: justify;\">Carabineros tanto del Ret\u00e9n Ra\u00fal Mar\u00edn Balmaceda como de la Tenencia La Junta, se encuentran desarrollando controles de manera permanente en el acceso terrestre y mar\u00edtimo a la regi\u00f3n, marcando presencia, contribuyendo a la prevenci\u00f3n del delito y entregando recomendaciones a quienes recorren las rutas en su visita o ingreso a la regi\u00f3n de Ays\u00e9n.<\/p>\n<\/div><\/section><\/div><div  style='height:50px' class='hr hr-invisible   avia-builder-el-6  el_after_av_one_full  el_before_av_social_share '><span class='hr-inner ' ><span class='hr-inner-style'><\/span><\/span><\/div><\/p>\n<div  class='av-social-sharing-box  avia-builder-el-7  el_after_av_hr  el_before_av_hr  '><div class='av-share-box'><h5 class='av-share-link-description av-no-toc '>Compartir esta noticia<\/h5><ul class='av-share-box-list noLightbox'><li class='av-share-link av-social-link-facebook' ><a target=\"_blank\" aria-label=\"Compartir en Facebook\" href='https:\/\/www.facebook.com\/sharer.php?u=https:\/\/radiorevelacionfm.cl\/?p=10862&#038;t=Carabineros%20del%20Ret%C3%A9n%20Ra%C3%BAl%20Mar%C3%ADn%20Balmaceda%20detuvo%20a%20sujeto%20que%20manten%C3%ADa%20cinco%20%C3%B3rdenes%20de%20aprehensi%C3%B3n%20pendiente' aria-hidden='false' data-av_icon='\ue8f3' data-av_iconfont='entypo-fontello' title='' data-avia-related-tooltip='Compartir en Facebook' rel=\"noopener\"><span class='avia_hidden_link_text'>Compartir en Facebook<\/span><\/a><\/li><li class='av-share-link av-social-link-twitter' ><a target=\"_blank\" aria-label=\"Compartir en Twitter\" href='https:\/\/twitter.com\/share?text=Carabineros%20del%20Ret%C3%A9n%20Ra%C3%BAl%20Mar%C3%ADn%20Balmaceda%20detuvo%20a%20sujeto%20que%20manten%C3%ADa%20cinco%20%C3%B3rdenes%20de%20aprehensi%C3%B3n%20pendiente&#038;url=https:\/\/radiorevelacionfm.cl\/?p=10862' aria-hidden='false' data-av_icon='\ue8f1' data-av_iconfont='entypo-fontello' title='' data-avia-related-tooltip='Compartir en Twitter' rel=\"noopener\"><span class='avia_hidden_link_text'>Compartir en Twitter<\/span><\/a><\/li><li class='av-share-link av-social-link-whatsapp' ><a target=\"_blank\" aria-label=\"Compartir en Whatsapp\" href='https:\/\/api.whatsapp.com\/send?text=https:\/\/radiorevelacionfm.cl\/?p=10862' aria-hidden='false' data-av_icon='\uf232' data-av_iconfont='entypo-fontello' title='' data-avia-related-tooltip='Compartir en Whatsapp' rel=\"noopener\"><span class='avia_hidden_link_text'>Compartir en Whatsapp<\/span><\/a><\/li><li class='av-share-link av-social-link-linkedin' ><a target=\"_blank\" aria-label=\"Compartir en LinkedIn\" href='https:\/\/linkedin.com\/shareArticle?mini=true&#038;title=Carabineros%20del%20Ret%C3%A9n%20Ra%C3%BAl%20Mar%C3%ADn%20Balmaceda%20detuvo%20a%20sujeto%20que%20manten%C3%ADa%20cinco%20%C3%B3rdenes%20de%20aprehensi%C3%B3n%20pendiente&#038;url=https:\/\/radiorevelacionfm.cl\/?p=10862' aria-hidden='false' data-av_icon='\ue8fc' data-av_iconfont='entypo-fontello' title='' data-avia-related-tooltip='Compartir en LinkedIn' rel=\"noopener\"><span class='avia_hidden_link_text'>Compartir en LinkedIn<\/span><\/a><\/li><li class='av-share-link av-social-link-mail' ><a  aria-label=\"Compartir por correo\" href='mailto:?subject=Carabineros%20del%20Ret%C3%A9n%20Ra%C3%BAl%20Mar%C3%ADn%20Balmaceda%20detuvo%20a%20sujeto%20que%20manten%C3%ADa%20cinco%20%C3%B3rdenes%20de%20aprehensi%C3%B3n%20pendiente&#038;body=https:\/\/radiorevelacionfm.cl\/?p=10862' aria-hidden='false' data-av_icon='\ue805' data-av_iconfont='entypo-fontello' title='' data-avia-related-tooltip='Compartir por correo'><span class='avia_hidden_link_text'>Compartir por correo<\/span><\/a><\/li><\/ul><\/div><\/div>\n<div  style='height:50px' class='hr hr-invisible   avia-builder-el-8  el_after_av_social_share  el_before_av_comments_list '><span class='hr-inner ' ><span class='hr-inner-style'><\/span><\/span><\/div>\n<div  class='av-buildercomment  av-blog-meta-html-info-disabled av-blog-meta-tag-disabled  '><\/div>\n","protected":false},"excerpt":{"rendered":"","protected":false},"author":1,"featured_media":10863,"comment_status":"open","ping_status":"open","sticky":false,"template":"","format":"standard","meta":{"footnotes":""},"categories":[36],"tags":[],"class_list":["post-10862","post","type-post","status-publish","format-standard","has-post-thumbnail","hentry","category-policial"],"jetpack_featured_media_url":"https:\/\/radiorevelacionfm.cl\/wp-content\/uploads\/2021\/11\/6591rmb-1_optimized.jpg","_links":{"self":[{"href":"https:\/\/radiorevelacionfm.cl\/index.php?rest_route=\/wp\/v2\/posts\/10862","targetHints":{"allow":["GET"]}}],"collection":[{"href":"https:\/\/radiorevelacionfm.cl\/index.php?rest_route=\/wp\/v2\/posts"}],"about":[{"href":"https:\/\/radiorevelacionfm.cl\/index.php?rest_route=\/wp\/v2\/types\/post"}],"author":[{"embeddable":true,"href":"https:\/\/radiorevelacionfm.cl\/index.php?rest_route=\/wp\/v2\/users\/1"}],"replies":[{"embeddable":true,"href":"https:\/\/radiorevelacionfm.cl\/index.php?rest_route=%2Fwp%2Fv2%2Fcomments&post=10862"}],"version-history":[{"count":2,"href":"https:\/\/radiorevelacionfm.cl\/index.php?rest_route=\/wp\/v2\/posts\/10862\/revisions"}],"predecessor-version":[{"id":10865,"href":"https:\/\/radiorevelacionfm.cl\/index.php?rest_route=\/wp\/v2\/posts\/10862\/revisions\/10865"}],"wp:featuredmedia":[{"embeddable":true,"href":"https:\/\/radiorevelacionfm.cl\/index.php?rest_route=\/wp\/v2\/media\/10863"}],"wp:attachment":[{"href":"https:\/\/radiorevelacionfm.cl\/index.php?rest_route=%2Fwp%2Fv2%2Fmedia&parent=10862"}],"wp:term":[{"taxonomy":"category","embeddable":true,"href":"https:\/\/radiorevelacionfm.cl\/index.php?rest_route=%2Fwp%2Fv2%2Fcategories&post=10862"},{"taxonomy":"post_tag","embeddable":true,"href":"https:\/\/radiorevelacionfm.cl\/index.php?rest_route=%2Fwp%2Fv2%2Ftags&post=10862"}],"curies":[{"name":"wp","href":"https:\/\/api.w.org\/{rel}","templated":true}]}}