{"id":10853,"date":"2021-11-16T12:52:39","date_gmt":"2021-11-16T15:52:39","guid":{"rendered":"https:\/\/radiorevelacionfm.cl\/?p=10853"},"modified":"2021-11-16T14:36:47","modified_gmt":"2021-11-16T17:36:47","slug":"asignan-568-millones-para-la-conservacion-de-infraestructuras-de-escuelas-de-aysen-y-cisnes","status":"publish","type":"post","link":"https:\/\/radiorevelacionfm.cl\/?p=10853","title":{"rendered":"Asignan 568 millones para la conservaci\u00f3n de infraestructuras de escuelas de Ays\u00e9n y Cisnes"},"content":{"rendered":"<div class=\"flex_column av_one_full  flex_column_div av-zero-column-padding first  avia-builder-el-0  el_before_av_one_full  avia-builder-el-first  \" style='border-radius:0px; '><div  class='avia-image-container  av-styling-    avia-builder-el-1  avia-builder-el-no-sibling  avia-align-center '  itemprop=\"image\" itemscope=\"itemscope\" itemtype=\"https:\/\/schema.org\/ImageObject\"  ><div class='avia-image-container-inner'><div class='avia-image-overlay-wrap'><img decoding=\"async\" class='wp-image-10868 avia-img-lazy-loading-not-10868 avia_image' src=\"https:\/\/radiorevelacionfm.cl\/wp-content\/uploads\/2021\/11\/ribera-sur2_1-1_optimized.jpg\" alt='' title='ribera-sur2_1-(1)_optimized' height=\"600\" width=\"905\"  itemprop=\"thumbnailUrl\" srcset=\"https:\/\/radiorevelacionfm.cl\/wp-content\/uploads\/2021\/11\/ribera-sur2_1-1_optimized.jpg 905w, https:\/\/radiorevelacionfm.cl\/wp-content\/uploads\/2021\/11\/ribera-sur2_1-1_optimized-300x199.jpg 300w, https:\/\/radiorevelacionfm.cl\/wp-content\/uploads\/2021\/11\/ribera-sur2_1-1_optimized-768x509.jpg 768w, https:\/\/radiorevelacionfm.cl\/wp-content\/uploads\/2021\/11\/ribera-sur2_1-1_optimized-705x467.jpg 705w, https:\/\/radiorevelacionfm.cl\/wp-content\/uploads\/2021\/11\/ribera-sur2_1-1_optimized-600x398.jpg 600w\" sizes=\"(max-width: 905px) 100vw, 905px\" \/><\/div><\/div><\/div><\/div><div class=\"flex_column av_one_full  flex_column_div av-zero-column-padding first  avia-builder-el-2  el_after_av_one_full  el_before_av_one_full  column-top-margin\" style='border-radius:0px; '><section class=\"av_textblock_section \"  itemscope=\"itemscope\" itemtype=\"https:\/\/schema.org\/BlogPosting\" itemprop=\"blogPost\" ><div class='avia_textblock  '   itemprop=\"text\" ><p style=\"text-align: center;\"><strong><span style=\"font-size: 18pt;\">Asignan 568 millones para la conservaci\u00f3n de infraestructuras de escuelas de Ays\u00e9n y Cisnes<\/span><\/strong><\/p>\n<div id=\"gtx-trans\" style=\"position: absolute; left: -50px; top: 4.31534px;\">\n<div class=\"gtx-trans-icon\"><\/div>\n<\/div>\n<\/div><\/section><\/div><\/p>\n<div class=\"flex_column av_one_full  flex_column_div av-zero-column-padding first  avia-builder-el-4  el_after_av_one_full  el_before_av_hr  column-top-margin\" style='border-radius:0px; '><section class=\"av_textblock_section \"  itemscope=\"itemscope\" itemtype=\"https:\/\/schema.org\/BlogPosting\" itemprop=\"blogPost\" ><div class='avia_textblock  '   itemprop=\"text\" ><p class=\"v1MsoNormal\" style=\"text-align: justify;\"><span lang=\"ES\">Dos escuelas b\u00e1sicas de la regi\u00f3n han resultado seleccionados para la asignaci\u00f3n de recursos de Conservaci\u00f3n del Ministerio de Educaci\u00f3n por un monto total de $568.924.214 pesos del Fondo de Conservaci\u00f3n de Infraestructura, adjudicado en la convocatoria 2021.<\/span><\/p>\n<p class=\"v1MsoNormal\" style=\"text-align: justify;\"><span lang=\"ES\">Se trata de la Escuela B\u00e1sica Ribera sur de Puerto Ays\u00e9n, comuna de Ays\u00e9n que se adjudic\u00f3 un monto de $284.424.214 pesos, en un proyecto que considera el\u00a0<\/span>mejoramiento t\u00e9rmico general del establecimiento, a trav\u00e9s del cambio de ventanas, mamparas y puertas termopanel, reposici\u00f3n de cubierta y fachadas principales. Tambi\u00e9n se ejecutar\u00e1 la aislaci\u00f3n t\u00e9rmica y consideraciones conforme a la zona geogr\u00e1fica. Por otro lado, se proyecta la conservaci\u00f3n de los servicios higi\u00e9nicos de estudiantes, el cambio de equipos el\u00e9ctricos en \u00e1reas de circulaci\u00f3n, entre otras intervenciones menores.<\/p>\n<p class=\"v1MsoNormal\" style=\"text-align: justify;\">El otro establecimiento beneficiado es la Escuela Amanda Labarca Huberstone de Ra\u00fal Mar\u00edn Balmaceda, comuna de Cisnes, plantel que obtuvo $ 284.500.000 pesos, con los que se reparar\u00e1 y mejorar\u00e1 los revestimientos interiores y exteriores, pisos, cielos, port\u00f3n vehicular, techumbres, muros, pavimentos, cubiertas, ventanas, servicios higi\u00e9nicos, puertas, canaletas y bajadas de aguas lluvias del recinto educacional. Tambi\u00e9n se habilitar\u00e1 y mejorar\u00e1 los accesos interiores y externos del establecimiento educacional.<\/p>\n<p class=\"v1MsoNormal\" style=\"text-align: justify;\">El Seremi de Educaci\u00f3n de Ays\u00e9n Sergio Becerra Mera y la Delegada Presidencial Provincial de Ays\u00e9n(s) Tatiana Fontecha visitaron la Escuela Ribera Sur para entregar simb\u00f3licamente los recursos de conservaci\u00f3n al Director del plantel Edgar C\u00e1ceres, quien estuvo acompa\u00f1ado por representantes del sostenedor municipal, apoderados y estudiantes.<\/p>\n<p class=\"v1MsoNormal\" style=\"text-align: justify;\">\u00abEstamos muy contentos de entregar estos recursos a ambos establecimientos municipales, cuyos sostenedores podr\u00e1n ejecutar las mejoras en infraestructuras que son muy necesarias y urgentes\u00bb, expres\u00f3 Sergio Becerra.<\/p>\n<p class=\"v1MsoNormal\" style=\"text-align: justify;\">En ese contexto, hizo un positivo balance de la inversi\u00f3n en infraestructura escolar realizada durante la presente administraci\u00f3n.<\/p>\n<p class=\"v1MsoNormal\" style=\"text-align: justify;\">\u00abCon satisfacci\u00f3n podemos se\u00f1alar que durante nuestro periodo de gobierno se han ejecutado gran cantidad de proyectos de infraestructura escolar de distinta magnitud por un monto superior a los 14 mil millones de pesos. Es una inversi\u00f3n cuantiosa y significativa que hemos llevado adelante porque nuestros ni\u00f1os y j\u00f3venes tienen que aprender en espacios adecuados\u00bb, coment\u00f3 la autoridad sectorial regional.<\/p>\n<\/div><\/section><\/div>\n<div  style='height:50px' class='hr hr-invisible   avia-builder-el-6  el_after_av_one_full  el_before_av_social_share '><span class='hr-inner ' ><span class='hr-inner-style'><\/span><\/span><\/div>\n<div  class='av-social-sharing-box  avia-builder-el-7  el_after_av_hr  el_before_av_hr  '><div class='av-share-box'><h5 class='av-share-link-description av-no-toc '>Compartir esta noticia<\/h5><ul class='av-share-box-list noLightbox'><li class='av-share-link av-social-link-facebook' ><a target=\"_blank\" aria-label=\"Compartir en Facebook\" href='https:\/\/www.facebook.com\/sharer.php?u=https:\/\/radiorevelacionfm.cl\/?p=10853&#038;t=Asignan%20568%20millones%20para%20la%20conservaci%C3%B3n%20de%20infraestructuras%20de%20escuelas%20de%20Ays%C3%A9n%20y%20Cisnes' aria-hidden='false' data-av_icon='\ue8f3' data-av_iconfont='entypo-fontello' title='' data-avia-related-tooltip='Compartir en Facebook' rel=\"noopener\"><span class='avia_hidden_link_text'>Compartir en Facebook<\/span><\/a><\/li><li class='av-share-link av-social-link-twitter' ><a target=\"_blank\" aria-label=\"Compartir en Twitter\" href='https:\/\/twitter.com\/share?text=Asignan%20568%20millones%20para%20la%20conservaci%C3%B3n%20de%20infraestructuras%20de%20escuelas%20de%20Ays%C3%A9n%20y%20Cisnes&#038;url=https:\/\/radiorevelacionfm.cl\/?p=10853' aria-hidden='false' data-av_icon='\ue8f1' data-av_iconfont='entypo-fontello' title='' data-avia-related-tooltip='Compartir en Twitter' rel=\"noopener\"><span class='avia_hidden_link_text'>Compartir en Twitter<\/span><\/a><\/li><li class='av-share-link av-social-link-whatsapp' ><a target=\"_blank\" aria-label=\"Compartir en Whatsapp\" href='https:\/\/api.whatsapp.com\/send?text=https:\/\/radiorevelacionfm.cl\/?p=10853' aria-hidden='false' data-av_icon='\uf232' data-av_iconfont='entypo-fontello' title='' data-avia-related-tooltip='Compartir en Whatsapp' rel=\"noopener\"><span class='avia_hidden_link_text'>Compartir en Whatsapp<\/span><\/a><\/li><li class='av-share-link av-social-link-linkedin' ><a target=\"_blank\" aria-label=\"Compartir en LinkedIn\" href='https:\/\/linkedin.com\/shareArticle?mini=true&#038;title=Asignan%20568%20millones%20para%20la%20conservaci%C3%B3n%20de%20infraestructuras%20de%20escuelas%20de%20Ays%C3%A9n%20y%20Cisnes&#038;url=https:\/\/radiorevelacionfm.cl\/?p=10853' aria-hidden='false' data-av_icon='\ue8fc' data-av_iconfont='entypo-fontello' title='' data-avia-related-tooltip='Compartir en LinkedIn' rel=\"noopener\"><span class='avia_hidden_link_text'>Compartir en LinkedIn<\/span><\/a><\/li><li class='av-share-link av-social-link-mail' ><a  aria-label=\"Compartir por correo\" href='mailto:?subject=Asignan%20568%20millones%20para%20la%20conservaci%C3%B3n%20de%20infraestructuras%20de%20escuelas%20de%20Ays%C3%A9n%20y%20Cisnes&#038;body=https:\/\/radiorevelacionfm.cl\/?p=10853' aria-hidden='false' data-av_icon='\ue805' data-av_iconfont='entypo-fontello' title='' data-avia-related-tooltip='Compartir por correo'><span class='avia_hidden_link_text'>Compartir por correo<\/span><\/a><\/li><\/ul><\/div><\/div>\n<div  style='height:50px' class='hr hr-invisible   avia-builder-el-8  el_after_av_social_share  el_before_av_comments_list '><span class='hr-inner ' ><span class='hr-inner-style'><\/span><\/span><\/div>\n<div  class='av-buildercomment  av-blog-meta-html-info-disabled av-blog-meta-tag-disabled  '><\/div>\n","protected":false},"excerpt":{"rendered":"","protected":false},"author":1,"featured_media":10868,"comment_status":"open","ping_status":"open","sticky":false,"template":"","format":"standard","meta":{"footnotes":""},"categories":[49],"tags":[],"class_list":["post-10853","post","type-post","status-publish","format-standard","has-post-thumbnail","hentry","category-educacion"],"jetpack_featured_media_url":"https:\/\/radiorevelacionfm.cl\/wp-content\/uploads\/2021\/11\/ribera-sur2_1-1_optimized.jpg","_links":{"self":[{"href":"https:\/\/radiorevelacionfm.cl\/index.php?rest_route=\/wp\/v2\/posts\/10853","targetHints":{"allow":["GET"]}}],"collection":[{"href":"https:\/\/radiorevelacionfm.cl\/index.php?rest_route=\/wp\/v2\/posts"}],"about":[{"href":"https:\/\/radiorevelacionfm.cl\/index.php?rest_route=\/wp\/v2\/types\/post"}],"author":[{"embeddable":true,"href":"https:\/\/radiorevelacionfm.cl\/index.php?rest_route=\/wp\/v2\/users\/1"}],"replies":[{"embeddable":true,"href":"https:\/\/radiorevelacionfm.cl\/index.php?rest_route=%2Fwp%2Fv2%2Fcomments&post=10853"}],"version-history":[{"count":3,"href":"https:\/\/radiorevelacionfm.cl\/index.php?rest_route=\/wp\/v2\/posts\/10853\/revisions"}],"predecessor-version":[{"id":10867,"href":"https:\/\/radiorevelacionfm.cl\/index.php?rest_route=\/wp\/v2\/posts\/10853\/revisions\/10867"}],"wp:featuredmedia":[{"embeddable":true,"href":"https:\/\/radiorevelacionfm.cl\/index.php?rest_route=\/wp\/v2\/media\/10868"}],"wp:attachment":[{"href":"https:\/\/radiorevelacionfm.cl\/index.php?rest_route=%2Fwp%2Fv2%2Fmedia&parent=10853"}],"wp:term":[{"taxonomy":"category","embeddable":true,"href":"https:\/\/radiorevelacionfm.cl\/index.php?rest_route=%2Fwp%2Fv2%2Fcategories&post=10853"},{"taxonomy":"post_tag","embeddable":true,"href":"https:\/\/radiorevelacionfm.cl\/index.php?rest_route=%2Fwp%2Fv2%2Ftags&post=10853"}],"curies":[{"name":"wp","href":"https:\/\/api.w.org\/{rel}","templated":true}]}}