{"id":10849,"date":"2021-11-16T09:44:29","date_gmt":"2021-11-16T12:44:29","guid":{"rendered":"https:\/\/radiorevelacionfm.cl\/?p=10849"},"modified":"2021-11-16T09:44:29","modified_gmt":"2021-11-16T12:44:29","slug":"diputados-gestionan-subsidios-de-asignacion-directa-para-ex-socios-de-comites-amuyen-de-puerto-aysen","status":"publish","type":"post","link":"https:\/\/radiorevelacionfm.cl\/?p=10849","title":{"rendered":"Diputados gestionan subsidios de asignaci\u00f3n directa para ex socios de comit\u00e9s Amuy\u00e9n de Puerto Ays\u00e9n"},"content":{"rendered":"<div class=\"flex_column av_one_full  flex_column_div av-zero-column-padding first  avia-builder-el-0  el_before_av_one_full  avia-builder-el-first  \" style='border-radius:0px; '><div  class='avia-image-container  av-styling-    avia-builder-el-1  avia-builder-el-no-sibling  avia-align-center '  itemprop=\"image\" itemscope=\"itemscope\" itemtype=\"https:\/\/schema.org\/ImageObject\"  ><div class='avia-image-container-inner'><div class='avia-image-overlay-wrap'><img decoding=\"async\" class='wp-image-10850 avia-img-lazy-loading-not-10850 avia_image' src=\"https:\/\/radiorevelacionfm.cl\/wp-content\/uploads\/2021\/11\/amuyen-1_optimized.jpg\" alt='' title='amuyen-(1)_optimized' height=\"600\" width=\"1028\"  itemprop=\"thumbnailUrl\" srcset=\"https:\/\/radiorevelacionfm.cl\/wp-content\/uploads\/2021\/11\/amuyen-1_optimized.jpg 1028w, https:\/\/radiorevelacionfm.cl\/wp-content\/uploads\/2021\/11\/amuyen-1_optimized-300x175.jpg 300w, https:\/\/radiorevelacionfm.cl\/wp-content\/uploads\/2021\/11\/amuyen-1_optimized-768x448.jpg 768w, https:\/\/radiorevelacionfm.cl\/wp-content\/uploads\/2021\/11\/amuyen-1_optimized-705x411.jpg 705w, https:\/\/radiorevelacionfm.cl\/wp-content\/uploads\/2021\/11\/amuyen-1_optimized-600x350.jpg 600w\" sizes=\"(max-width: 1028px) 100vw, 1028px\" \/><\/div><\/div><\/div><\/div><div class=\"flex_column av_one_full  flex_column_div av-zero-column-padding first  avia-builder-el-2  el_after_av_one_full  el_before_av_one_full  column-top-margin\" style='border-radius:0px; '><section class=\"av_textblock_section \"  itemscope=\"itemscope\" itemtype=\"https:\/\/schema.org\/BlogPosting\" itemprop=\"blogPost\" ><div class='avia_textblock  '   itemprop=\"text\" ><p style=\"text-align: center;\"><span style=\"font-size: 18pt;\"><b><span lang=\"ES\">Diputados gestionan subsidios de asignaci\u00f3n directa para ex socios de comit\u00e9s Amuy\u00e9n de Puerto Ays\u00e9n<\/span><\/b><\/span><\/p>\n<div id=\"gtx-trans\" style=\"position: absolute; left: -50px; top: 4.31534px;\">\n<div class=\"gtx-trans-icon\"><\/div>\n<\/div>\n<\/div><\/section><\/div><div class=\"flex_column av_one_full  flex_column_div av-zero-column-padding first  avia-builder-el-4  el_after_av_one_full  el_before_av_hr  column-top-margin\" style='border-radius:0px; '><section class=\"av_textblock_section \"  itemscope=\"itemscope\" itemtype=\"https:\/\/schema.org\/BlogPosting\" itemprop=\"blogPost\" ><div class='avia_textblock  '   itemprop=\"text\" ><p style=\"font-weight: 400; text-align: justify;\">Ante la desaz\u00f3n que ten\u00edan 20 familias que hab\u00edan sido parte de los comit\u00e9s Amuy\u00e9n 1 y Amuy\u00e9n 2 de Puerto Ays\u00e9n por haber quedado excluidos de la entrega de los subsidios habitacionales, los diputados Miguel \u00c1ngel Calisto y Aracely Leuqu\u00e9n realizaron gestiones con el Ministro Felipe Ward y con el Director Regional de Serviu, Nelson Quinteros, para que se les entregue el beneficio por asignaci\u00f3n directa y se priorice la compra de un terreno para albergar su proyecto habitacional.<\/p>\n<p style=\"font-weight: 400; text-align: justify;\">Seg\u00fan el diputado Calisto \u201cnos hemos reunido con 20 familias que son integrantes de los comit\u00e9s Amuy\u00e9n 1 y Amuy\u00e9n 2, que quedaron con el compromiso del Subsidio de Vivienda, pero que finalmente fueron enga\u00f1ados. Frente a este enga\u00f1o p\u00fablico por parte de las mismas autoridades, hemos solicitado que se haga una reparaci\u00f3n debido al da\u00f1o social que se les ha hecho a estas familias\u201d.<\/p>\n<p style=\"font-weight: 400; text-align: justify;\">\u201cAc\u00e1 hay una responsabilidad pol\u00edtica que nosotros vamos a hacer cumplir, por eso nos unimos con la diputada Leuqu\u00e9n con la finalidad que entreguen una soluci\u00f3n frente a una serie de abusos que han sufrido las familias de estos comit\u00e9s\u201d.<\/p>\n<p style=\"font-weight: 400; text-align: justify;\">Calisto agreg\u00f3 que \u201cestos comit\u00e9s ahora est\u00e1n tomando sus decisiones de manera democr\u00e1tica, y a estas 20 familias que quedaron ilusionadas con sus subsidios las vamos a acompa\u00f1ar. Ya hemos conseguido el compromiso por parte del Ministro de una asignaci\u00f3n directa, as\u00ed como tambi\u00e9n el compromiso por parte del Serviu para que tengan prioridad en los terrenos en la comuna de Ays\u00e9n. No los vamos a dejar solos y estamos contentos por los resultados obtenidos. Tenemos una reuni\u00f3n en Santiago durante la pr\u00f3xima semana, y esperamos tener ah\u00ed ratificado el compromiso\u201d.<\/p>\n<p style=\"font-weight: 400; text-align: justify;\">Por su parte, la diputada Leuqu\u00e9n afirm\u00f3 que \u201cnos hemos reunido con las familias que se vieron afectadas por algunos compromisos incumplidos por parte del Ministerio de Vivienda. Junto al diputado Calisto realizamos gestiones con el Ministro de Vivienda, Felipe Ward, quien se comprometi\u00f3 a avanzar en subsidios de asignaci\u00f3n directa para estas familias que se han visto afectadas, lo que nos tiene muy contentos\u201d.<\/p>\n<p style=\"font-weight: 400; text-align: justify;\">\u201cEn unos d\u00edas m\u00e1s vamos a estar en Santiago con representantes de los comit\u00e9s, para que el Ministro nos informe respecto a cu\u00e1l va a ser finalmente la soluci\u00f3n para estos grupos familiares, previa evaluaci\u00f3n social y econ\u00f3mica de cada una de estas familias. Bien por estas gestiones realizadas y por la unidad que han tenido estos socios para trabajar por los objetivos propuestos. Tenemos la esperanza que el Ministro en Santiago nos entregue una soluci\u00f3n concreta\u201d.<\/p>\n<p style=\"font-weight: 400; text-align: justify;\">Seg\u00fan Javier Barr\u00eda Aguilar, uno de los socios del comit\u00e9 que se hab\u00eda visto afectado, \u201cnosotros hab\u00edamos sido desplazados. Fue un juego pr\u00e1cticamente pol\u00edtico, como lo hab\u00eda dicho el diputado Calisto en la asamblea anterior, donde se prest\u00f3 el Seremi de Vivienda, se prest\u00f3 el Ministro Ward. Se nos hizo una ceremonia para la foto, donde a nosotros se nos ilusion\u00f3\u201d.<\/p>\n<p style=\"font-weight: 400; text-align: justify;\">Finalmente, Barr\u00eda se\u00f1al\u00f3 que \u201cah\u00ed se nos dijo que a fines de octubre \u00edbamos a recibir nuestro subsidio, lo que no fue as\u00ed. Gracias a la diputada Leuqu\u00e9n y el diputado Calisto nos enteramos que hab\u00edamos sido parte de un juego pol\u00edtico por parte de la Seremi y otras personas de la agrupaci\u00f3n ind\u00edgena. Ahora se logr\u00f3, gracias al trabajo conjunto de los diputados, un compromiso por parte del Serviu de Ays\u00e9n de priorizar la compra de un terreno, para que se solvente la entrega del subsidio. Con esto nos vamos m\u00e1s tranquilo, no estamos en el aire y estamos a la espera de la reuni\u00f3n en unos d\u00edas m\u00e1s con el Ministro\u201d.<\/p>\n<\/div><\/section><\/div><div  style='height:50px' class='hr hr-invisible   avia-builder-el-6  el_after_av_one_full  el_before_av_social_share '><span class='hr-inner ' ><span class='hr-inner-style'><\/span><\/span><\/div><\/p>\n<div  class='av-social-sharing-box  avia-builder-el-7  el_after_av_hr  el_before_av_hr  '><div class='av-share-box'><h5 class='av-share-link-description av-no-toc '>Compartir esta noticia<\/h5><ul class='av-share-box-list noLightbox'><li class='av-share-link av-social-link-facebook' ><a target=\"_blank\" aria-label=\"Compartir en Facebook\" href='https:\/\/www.facebook.com\/sharer.php?u=https:\/\/radiorevelacionfm.cl\/?p=10849&#038;t=Diputados%20gestionan%20subsidios%20de%20asignaci%C3%B3n%20directa%20para%20ex%20socios%20de%20comit%C3%A9s%20Amuy%C3%A9n%20de%20Puerto%20Ays%C3%A9n' aria-hidden='false' data-av_icon='\ue8f3' data-av_iconfont='entypo-fontello' title='' data-avia-related-tooltip='Compartir en Facebook' rel=\"noopener\"><span class='avia_hidden_link_text'>Compartir en Facebook<\/span><\/a><\/li><li class='av-share-link av-social-link-twitter' ><a target=\"_blank\" aria-label=\"Compartir en Twitter\" href='https:\/\/twitter.com\/share?text=Diputados%20gestionan%20subsidios%20de%20asignaci%C3%B3n%20directa%20para%20ex%20socios%20de%20comit%C3%A9s%20Amuy%C3%A9n%20de%20Puerto%20Ays%C3%A9n&#038;url=https:\/\/radiorevelacionfm.cl\/?p=10849' aria-hidden='false' data-av_icon='\ue8f1' data-av_iconfont='entypo-fontello' title='' data-avia-related-tooltip='Compartir en Twitter' rel=\"noopener\"><span class='avia_hidden_link_text'>Compartir en Twitter<\/span><\/a><\/li><li class='av-share-link av-social-link-whatsapp' ><a target=\"_blank\" aria-label=\"Compartir en Whatsapp\" href='https:\/\/api.whatsapp.com\/send?text=https:\/\/radiorevelacionfm.cl\/?p=10849' aria-hidden='false' data-av_icon='\uf232' data-av_iconfont='entypo-fontello' title='' data-avia-related-tooltip='Compartir en Whatsapp' rel=\"noopener\"><span class='avia_hidden_link_text'>Compartir en Whatsapp<\/span><\/a><\/li><li class='av-share-link av-social-link-linkedin' ><a target=\"_blank\" aria-label=\"Compartir en LinkedIn\" href='https:\/\/linkedin.com\/shareArticle?mini=true&#038;title=Diputados%20gestionan%20subsidios%20de%20asignaci%C3%B3n%20directa%20para%20ex%20socios%20de%20comit%C3%A9s%20Amuy%C3%A9n%20de%20Puerto%20Ays%C3%A9n&#038;url=https:\/\/radiorevelacionfm.cl\/?p=10849' aria-hidden='false' data-av_icon='\ue8fc' data-av_iconfont='entypo-fontello' title='' data-avia-related-tooltip='Compartir en LinkedIn' rel=\"noopener\"><span class='avia_hidden_link_text'>Compartir en LinkedIn<\/span><\/a><\/li><li class='av-share-link av-social-link-mail' ><a  aria-label=\"Compartir por correo\" href='mailto:?subject=Diputados%20gestionan%20subsidios%20de%20asignaci%C3%B3n%20directa%20para%20ex%20socios%20de%20comit%C3%A9s%20Amuy%C3%A9n%20de%20Puerto%20Ays%C3%A9n&#038;body=https:\/\/radiorevelacionfm.cl\/?p=10849' aria-hidden='false' data-av_icon='\ue805' data-av_iconfont='entypo-fontello' title='' data-avia-related-tooltip='Compartir por correo'><span class='avia_hidden_link_text'>Compartir por correo<\/span><\/a><\/li><\/ul><\/div><\/div>\n<div  style='height:50px' class='hr hr-invisible   avia-builder-el-8  el_after_av_social_share  el_before_av_comments_list '><span class='hr-inner ' ><span class='hr-inner-style'><\/span><\/span><\/div>\n<div  class='av-buildercomment  av-blog-meta-html-info-disabled av-blog-meta-tag-disabled  '><\/div>\n","protected":false},"excerpt":{"rendered":"","protected":false},"author":1,"featured_media":10850,"comment_status":"open","ping_status":"open","sticky":false,"template":"","format":"standard","meta":{"footnotes":""},"categories":[35],"tags":[],"class_list":["post-10849","post","type-post","status-publish","format-standard","has-post-thumbnail","hentry","category-politica"],"jetpack_featured_media_url":"https:\/\/radiorevelacionfm.cl\/wp-content\/uploads\/2021\/11\/amuyen-1_optimized.jpg","_links":{"self":[{"href":"https:\/\/radiorevelacionfm.cl\/index.php?rest_route=\/wp\/v2\/posts\/10849","targetHints":{"allow":["GET"]}}],"collection":[{"href":"https:\/\/radiorevelacionfm.cl\/index.php?rest_route=\/wp\/v2\/posts"}],"about":[{"href":"https:\/\/radiorevelacionfm.cl\/index.php?rest_route=\/wp\/v2\/types\/post"}],"author":[{"embeddable":true,"href":"https:\/\/radiorevelacionfm.cl\/index.php?rest_route=\/wp\/v2\/users\/1"}],"replies":[{"embeddable":true,"href":"https:\/\/radiorevelacionfm.cl\/index.php?rest_route=%2Fwp%2Fv2%2Fcomments&post=10849"}],"version-history":[{"count":2,"href":"https:\/\/radiorevelacionfm.cl\/index.php?rest_route=\/wp\/v2\/posts\/10849\/revisions"}],"predecessor-version":[{"id":10852,"href":"https:\/\/radiorevelacionfm.cl\/index.php?rest_route=\/wp\/v2\/posts\/10849\/revisions\/10852"}],"wp:featuredmedia":[{"embeddable":true,"href":"https:\/\/radiorevelacionfm.cl\/index.php?rest_route=\/wp\/v2\/media\/10850"}],"wp:attachment":[{"href":"https:\/\/radiorevelacionfm.cl\/index.php?rest_route=%2Fwp%2Fv2%2Fmedia&parent=10849"}],"wp:term":[{"taxonomy":"category","embeddable":true,"href":"https:\/\/radiorevelacionfm.cl\/index.php?rest_route=%2Fwp%2Fv2%2Fcategories&post=10849"},{"taxonomy":"post_tag","embeddable":true,"href":"https:\/\/radiorevelacionfm.cl\/index.php?rest_route=%2Fwp%2Fv2%2Ftags&post=10849"}],"curies":[{"name":"wp","href":"https:\/\/api.w.org\/{rel}","templated":true}]}}