{"id":10842,"date":"2021-11-16T10:08:21","date_gmt":"2021-11-16T13:08:21","guid":{"rendered":"https:\/\/radiorevelacionfm.cl\/?p=10842"},"modified":"2021-11-16T10:08:21","modified_gmt":"2021-11-16T13:08:21","slug":"teniente-fernanda-rubilar-del-grupo-de-adiestramiento-canino-los-perros-son-un-carabinero-mas","status":"publish","type":"post","link":"https:\/\/radiorevelacionfm.cl\/?p=10842","title":{"rendered":"Teniente Fernanda Rubilar del Grupo de Adiestramiento Canino: \u00abLos perros son un Carabinero m\u00e1s\u00bb"},"content":{"rendered":"<div class=\"flex_column av_one_full  flex_column_div av-zero-column-padding first  avia-builder-el-0  el_before_av_one_full  avia-builder-el-first  \" style='border-radius:0px; '><div  class='avia-image-container  av-styling-    avia-builder-el-1  avia-builder-el-no-sibling  avia-align-center '  itemprop=\"image\" itemscope=\"itemscope\" itemtype=\"https:\/\/schema.org\/ImageObject\"  ><div class='avia-image-container-inner'><div class='avia-image-overlay-wrap'><img decoding=\"async\" class='wp-image-10843 avia-img-lazy-loading-not-10843 avia_image' src=\"https:\/\/radiorevelacionfm.cl\/wp-content\/uploads\/2021\/11\/img_0745-1_optimized.jpg\" alt='' title='img_0745-(1)_optimized' height=\"600\" width=\"900\"  itemprop=\"thumbnailUrl\" srcset=\"https:\/\/radiorevelacionfm.cl\/wp-content\/uploads\/2021\/11\/img_0745-1_optimized.jpg 900w, https:\/\/radiorevelacionfm.cl\/wp-content\/uploads\/2021\/11\/img_0745-1_optimized-300x200.jpg 300w, https:\/\/radiorevelacionfm.cl\/wp-content\/uploads\/2021\/11\/img_0745-1_optimized-768x512.jpg 768w, https:\/\/radiorevelacionfm.cl\/wp-content\/uploads\/2021\/11\/img_0745-1_optimized-705x470.jpg 705w, https:\/\/radiorevelacionfm.cl\/wp-content\/uploads\/2021\/11\/img_0745-1_optimized-600x400.jpg 600w\" sizes=\"(max-width: 900px) 100vw, 900px\" \/><\/div><\/div><\/div><\/div><div class=\"flex_column av_one_full  flex_column_div av-zero-column-padding first  avia-builder-el-2  el_after_av_one_full  el_before_av_one_full  column-top-margin\" style='border-radius:0px; '><section class=\"av_textblock_section \"  itemscope=\"itemscope\" itemtype=\"https:\/\/schema.org\/BlogPosting\" itemprop=\"blogPost\" ><div class='avia_textblock  '   itemprop=\"text\" ><p style=\"text-align: center;\"><strong><span style=\"font-size: 18pt;\">Teniente Fernanda Rubilar del Grupo de Adiestramiento Canino: \u00abLos perros son un Carabinero m\u00e1s\u00bb<\/span><\/strong><\/p>\n<div id=\"gtx-trans\" style=\"position: absolute; left: -50px; top: 4.31534px;\">\n<div class=\"gtx-trans-icon\"><\/div>\n<\/div>\n<\/div><\/section><\/div><div class=\"flex_column av_one_full  flex_column_div av-zero-column-padding first  avia-builder-el-4  el_after_av_one_full  el_before_av_hr  column-top-margin\" style='border-radius:0px; '><section class=\"av_textblock_section \"  itemscope=\"itemscope\" itemtype=\"https:\/\/schema.org\/BlogPosting\" itemprop=\"blogPost\" ><div class='avia_textblock  '   itemprop=\"text\" ><p style=\"text-align: justify;\">Tras una reciente visita t\u00e9cnica, los especialistas verificaron el nivel de instrucci\u00f3n de los ejemplares, as\u00ed como sus condiciones de salud y habitabilidad, aspectos que fueron constatados y destacados al cumplir los caniles con los m\u00e1s altos est\u00e1ndares de construcci\u00f3n.<\/p>\n<p style=\"text-align: justify;\">Los hay especializados en la detecci\u00f3n de drogas, explosivos, de orden y seguridad, b\u00fasqueda de personas vivas y cad\u00e1veres, se trata de los canes que integran las filas de Carabineros de Chile, los cuales hoy -dadas sus capacidades sensoriales y olfativas- se han convertido en fieles compa\u00f1eros cuyo trabajo hoy es fundamental para apoyar el servicio, as\u00ed como detectar la presencia de sustancias prohibidas y contribuir a hacer de la regi\u00f3n y el pa\u00eds, un mejor lugar para vivir.<\/p>\n<p style=\"text-align: justify;\">La operatividad de los canes requiere de un reentrenamiento permanente y \u00f3ptimas condiciones de salud y habitabilidad, aspectos que fueron constatados en una visita t\u00e9cnica por especialistas y m\u00e9dicos veterinarios del Grupo de Adiestramiento Canino de la Instituci\u00f3n.<\/p>\n<p style=\"text-align: justify;\">Durante esta visita, los profesionales fiscalizaron el estado de conservaci\u00f3n del animal, su nivel de entrenamiento y las condiciones de habitabilidad, seg\u00fan detall\u00f3 la Teniente Fernanda Rubilar Palma, Comandante del 1er. Escuadr\u00f3n de Especializaci\u00f3n y Capacitaci\u00f3n del Grupo de Adiestramiento Canino de Carabineros de Chile.<\/p>\n<p style=\"text-align: justify;\">\u00abNos hemos encontrado con la grata sorpresa que el canil\u00a0-recientemente inaugurado y puesto en servicio por el General Hugo Zenteno V\u00e1squez, Jefe de la XI Zona de Carabineros Ays\u00e9n-cumple con todos los est\u00e1ndares y m\u00e1s. Est\u00e1 todo aislado del fr\u00edo pensado en las condiciones clim\u00e1ticas, el alimento y condiciones de almacenaje sumado a la preocupaci\u00f3n del veterinario por la salud de los animales\u00bb, resalt\u00f3.<\/p>\n<p style=\"text-align: justify;\">Asimismo la Oficial indic\u00f3 que se trata de una visita anual, en la cual se busca constatar en qu\u00e9 estado se encuentran los canes as\u00ed como su nivel de instrucci\u00f3n.<\/p>\n<p style=\"text-align: justify;\">\u00abSe hizo pruebas en escondites con distintos aromas tales como C-4, mecha, donde la ejemplar ten\u00eda que marcar con lenguaje corporal la zona en donde estaba el elemento y, el gu\u00eda tiene que saber leerlo. El can marc\u00f3 y eso significa que el aroma lo mantiene latente (&#8230;) lo cual da cuenta que el gu\u00eda est\u00e1 constantemente reentren\u00e1ndola\u00bb, detall\u00f3 la Teniente Fernanda Rubilar.<\/p>\n<p style=\"text-align: justify;\"><b>Apoyo a la funci\u00f3n policial<\/b><\/p>\n<p style=\"text-align: justify;\">Carabineros cuenta en la regi\u00f3n de Ays\u00e9n con un total de cuatro canes, de los cuales tres perros son detectores de drogas, siendo uno de estos \u00abGulliver\u00bb el cual se encuentra en la Subcomisar\u00eda Balmaceda (F), en tanto que \u00abDala\u00bb y \u00abBetsab\u00e9\u00bb pertenecen a la Secci\u00f3n OS-7, a los cuales se suma \u00abDenver\u00bb del Emblema Verde -perteneciente al Grupo de Operaciones Policiales Especiales (GOPE) Ays\u00e9n- especializado en la detector de cad\u00e1veres.<\/p>\n<p style=\"text-align: justify;\">\u00abEl perro es vital en todas las funciones que realiza Carabineros, tanto para prevenci\u00f3n como es el de orden y seguridad -que hoy la regi\u00f3n no cuenta- generando acercamiento con la comunidad, prevenci\u00f3n delictual, detecci\u00f3n de explosivos. Si hay un artefacto explosivo el primer filtro siempre es el perro, ya que es el que marca y el gu\u00eda es vital que sepa leer el lenguaje corporal. Est\u00e1n los de drogas donde el OS-7 siempre se ha caracterizado por sus procedimientos, donde en distintos controles en aeropuertos y encomiendas logran encontrar sustancias il\u00edcitas. El perro se ha visto demasiado involucrado en las labores funcionales de Carabineros y eso para uno es un orgullo. Los perros son un carabinero m\u00e1s\u00bb, expres\u00f3 la Teniente Fernanda Rubilar, Comandante del 1er. Escuadr\u00f3n de Especializaci\u00f3n y Capacitaci\u00f3n del Grupo de Adiestramiento Canino de Carabineros de Chile.<\/p>\n<p style=\"text-align: justify;\">Los canes en la actualidad participan de los patrullajes, servicios preventivos en rutas, puertos, aeropuerto y frontera, permitiendo detectar y sacar de circulaci\u00f3n sustancias prohibidas que diversas personas -a trav\u00e9s de variados m\u00e9todos de ocultamiento- han intentado ingresar a la regi\u00f3n, siendo los antecedentes puestos en conocimiento de los Tribunales de Justicia.<\/p>\n<\/div><\/section><\/div><div  style='height:50px' class='hr hr-invisible   avia-builder-el-6  el_after_av_one_full  el_before_av_social_share '><span class='hr-inner ' ><span class='hr-inner-style'><\/span><\/span><\/div><\/p>\n<div  class='av-social-sharing-box  avia-builder-el-7  el_after_av_hr  el_before_av_hr  '><div class='av-share-box'><h5 class='av-share-link-description av-no-toc '>Compartir esta noticia<\/h5><ul class='av-share-box-list noLightbox'><li class='av-share-link av-social-link-facebook' ><a target=\"_blank\" aria-label=\"Compartir en Facebook\" href='https:\/\/www.facebook.com\/sharer.php?u=https:\/\/radiorevelacionfm.cl\/?p=10842&#038;t=Teniente%20Fernanda%20Rubilar%20del%20Grupo%20de%20Adiestramiento%20Canino%3A%20%C2%ABLos%20perros%20son%20un%20Carabinero%20m%C3%A1s%C2%BB' aria-hidden='false' data-av_icon='\ue8f3' data-av_iconfont='entypo-fontello' title='' data-avia-related-tooltip='Compartir en Facebook' rel=\"noopener\"><span class='avia_hidden_link_text'>Compartir en Facebook<\/span><\/a><\/li><li class='av-share-link av-social-link-twitter' ><a target=\"_blank\" aria-label=\"Compartir en Twitter\" href='https:\/\/twitter.com\/share?text=Teniente%20Fernanda%20Rubilar%20del%20Grupo%20de%20Adiestramiento%20Canino%3A%20%C2%ABLos%20perros%20son%20un%20Carabinero%20m%C3%A1s%C2%BB&#038;url=https:\/\/radiorevelacionfm.cl\/?p=10842' aria-hidden='false' data-av_icon='\ue8f1' data-av_iconfont='entypo-fontello' title='' data-avia-related-tooltip='Compartir en Twitter' rel=\"noopener\"><span class='avia_hidden_link_text'>Compartir en Twitter<\/span><\/a><\/li><li class='av-share-link av-social-link-whatsapp' ><a target=\"_blank\" aria-label=\"Compartir en Whatsapp\" href='https:\/\/api.whatsapp.com\/send?text=https:\/\/radiorevelacionfm.cl\/?p=10842' aria-hidden='false' data-av_icon='\uf232' data-av_iconfont='entypo-fontello' title='' data-avia-related-tooltip='Compartir en Whatsapp' rel=\"noopener\"><span class='avia_hidden_link_text'>Compartir en Whatsapp<\/span><\/a><\/li><li class='av-share-link av-social-link-linkedin' ><a target=\"_blank\" aria-label=\"Compartir en LinkedIn\" href='https:\/\/linkedin.com\/shareArticle?mini=true&#038;title=Teniente%20Fernanda%20Rubilar%20del%20Grupo%20de%20Adiestramiento%20Canino%3A%20%C2%ABLos%20perros%20son%20un%20Carabinero%20m%C3%A1s%C2%BB&#038;url=https:\/\/radiorevelacionfm.cl\/?p=10842' aria-hidden='false' data-av_icon='\ue8fc' data-av_iconfont='entypo-fontello' title='' data-avia-related-tooltip='Compartir en LinkedIn' rel=\"noopener\"><span class='avia_hidden_link_text'>Compartir en LinkedIn<\/span><\/a><\/li><li class='av-share-link av-social-link-mail' ><a  aria-label=\"Compartir por correo\" href='mailto:?subject=Teniente%20Fernanda%20Rubilar%20del%20Grupo%20de%20Adiestramiento%20Canino%3A%20%C2%ABLos%20perros%20son%20un%20Carabinero%20m%C3%A1s%C2%BB&#038;body=https:\/\/radiorevelacionfm.cl\/?p=10842' aria-hidden='false' data-av_icon='\ue805' data-av_iconfont='entypo-fontello' title='' data-avia-related-tooltip='Compartir por correo'><span class='avia_hidden_link_text'>Compartir por correo<\/span><\/a><\/li><\/ul><\/div><\/div>\n<div  style='height:50px' class='hr hr-invisible   avia-builder-el-8  el_after_av_social_share  el_before_av_comments_list '><span class='hr-inner ' ><span class='hr-inner-style'><\/span><\/span><\/div>\n<div  class='av-buildercomment  av-blog-meta-html-info-disabled av-blog-meta-tag-disabled  '><\/div>\n","protected":false},"excerpt":{"rendered":"","protected":false},"author":1,"featured_media":10843,"comment_status":"open","ping_status":"open","sticky":false,"template":"","format":"standard","meta":{"footnotes":""},"categories":[36],"tags":[],"class_list":["post-10842","post","type-post","status-publish","format-standard","has-post-thumbnail","hentry","category-policial"],"jetpack_featured_media_url":"https:\/\/radiorevelacionfm.cl\/wp-content\/uploads\/2021\/11\/img_0745-1_optimized.jpg","_links":{"self":[{"href":"https:\/\/radiorevelacionfm.cl\/index.php?rest_route=\/wp\/v2\/posts\/10842","targetHints":{"allow":["GET"]}}],"collection":[{"href":"https:\/\/radiorevelacionfm.cl\/index.php?rest_route=\/wp\/v2\/posts"}],"about":[{"href":"https:\/\/radiorevelacionfm.cl\/index.php?rest_route=\/wp\/v2\/types\/post"}],"author":[{"embeddable":true,"href":"https:\/\/radiorevelacionfm.cl\/index.php?rest_route=\/wp\/v2\/users\/1"}],"replies":[{"embeddable":true,"href":"https:\/\/radiorevelacionfm.cl\/index.php?rest_route=%2Fwp%2Fv2%2Fcomments&post=10842"}],"version-history":[{"count":2,"href":"https:\/\/radiorevelacionfm.cl\/index.php?rest_route=\/wp\/v2\/posts\/10842\/revisions"}],"predecessor-version":[{"id":10856,"href":"https:\/\/radiorevelacionfm.cl\/index.php?rest_route=\/wp\/v2\/posts\/10842\/revisions\/10856"}],"wp:featuredmedia":[{"embeddable":true,"href":"https:\/\/radiorevelacionfm.cl\/index.php?rest_route=\/wp\/v2\/media\/10843"}],"wp:attachment":[{"href":"https:\/\/radiorevelacionfm.cl\/index.php?rest_route=%2Fwp%2Fv2%2Fmedia&parent=10842"}],"wp:term":[{"taxonomy":"category","embeddable":true,"href":"https:\/\/radiorevelacionfm.cl\/index.php?rest_route=%2Fwp%2Fv2%2Fcategories&post=10842"},{"taxonomy":"post_tag","embeddable":true,"href":"https:\/\/radiorevelacionfm.cl\/index.php?rest_route=%2Fwp%2Fv2%2Ftags&post=10842"}],"curies":[{"name":"wp","href":"https:\/\/api.w.org\/{rel}","templated":true}]}}