{"id":10840,"date":"2021-11-16T10:26:47","date_gmt":"2021-11-16T13:26:47","guid":{"rendered":"https:\/\/radiorevelacionfm.cl\/?p=10840"},"modified":"2021-11-16T10:26:47","modified_gmt":"2021-11-16T13:26:47","slug":"publican-lista-de-grupos-para-la-rendicion-de-la-prueba-de-transicion-entre-el-6-y-10-de-diciembre","status":"publish","type":"post","link":"https:\/\/radiorevelacionfm.cl\/?p=10840","title":{"rendered":"Publican lista de grupos para la rendici\u00f3n de la Prueba de Transici\u00f3n entre el 6 y 10 de diciembre"},"content":{"rendered":"<div class=\"flex_column av_one_full  flex_column_div av-zero-column-padding first  avia-builder-el-0  el_before_av_one_full  avia-builder-el-first  \" style='border-radius:0px; '><div  class='avia-image-container  av-styling-    avia-builder-el-1  avia-builder-el-no-sibling  avia-align-center '  itemprop=\"image\" itemscope=\"itemscope\" itemtype=\"https:\/\/schema.org\/ImageObject\"  ><div class='avia-image-container-inner'><div class='avia-image-overlay-wrap'><img decoding=\"async\" class='wp-image-5555 avia-img-lazy-loading-not-5555 avia_image' src=\"https:\/\/radiorevelacionfm.cl\/wp-content\/uploads\/2021\/06\/PDT1-1-1.jpg\" alt='' title='PDT1 (1) (1)' height=\"600\" width=\"872\"  itemprop=\"thumbnailUrl\" srcset=\"https:\/\/radiorevelacionfm.cl\/wp-content\/uploads\/2021\/06\/PDT1-1-1.jpg 872w, https:\/\/radiorevelacionfm.cl\/wp-content\/uploads\/2021\/06\/PDT1-1-1-300x206.jpg 300w, https:\/\/radiorevelacionfm.cl\/wp-content\/uploads\/2021\/06\/PDT1-1-1-768x528.jpg 768w, https:\/\/radiorevelacionfm.cl\/wp-content\/uploads\/2021\/06\/PDT1-1-1-705x485.jpg 705w, https:\/\/radiorevelacionfm.cl\/wp-content\/uploads\/2021\/06\/PDT1-1-1-600x413.jpg 600w\" sizes=\"(max-width: 872px) 100vw, 872px\" \/><\/div><\/div><\/div><\/div><div class=\"flex_column av_one_full  flex_column_div av-zero-column-padding first  avia-builder-el-2  el_after_av_one_full  el_before_av_one_full  column-top-margin\" style='border-radius:0px; '><section class=\"av_textblock_section \"  itemscope=\"itemscope\" itemtype=\"https:\/\/schema.org\/BlogPosting\" itemprop=\"blogPost\" ><div class='avia_textblock  '   itemprop=\"text\" ><p style=\"text-align: center;\"><span style=\"font-size: 18pt;\"><b>Publican lista de grupos para la rendici\u00f3n de la Prueba de Transici\u00f3n entre el 6 y 10 de diciembre<\/b><\/span><\/p>\n<div id=\"gtx-trans\" style=\"position: absolute; left: -50px; top: 4.31534px;\">\n<div class=\"gtx-trans-icon\"><\/div>\n<\/div>\n<\/div><\/section><\/div><div class=\"flex_column av_one_full  flex_column_div av-zero-column-padding first  avia-builder-el-4  el_after_av_one_full  el_before_av_hr  column-top-margin\" style='border-radius:0px; '><section class=\"av_textblock_section \"  itemscope=\"itemscope\" itemtype=\"https:\/\/schema.org\/BlogPosting\" itemprop=\"blogPost\" ><div class='avia_textblock  '   itemprop=\"text\" ><p class=\"v1MsoNormal\" style=\"text-align: justify;\">Fueron publicados los dos grupos en los que m\u00e1s de 275 mil postulantes que se inscribieron para rendir la Prueba de Transici\u00f3n (PDT) ser\u00e1n divididos, el primero de los cuales rendir\u00e1 la PDT los d\u00edas 6 y 7 de diciembre, mientras que el segundo lo har\u00e1 los d\u00edas 9 y 10 de diciembre. De esta manera, se mantiene la exitosa estrategia de aplicaci\u00f3n que se desarroll\u00f3 durante el proceso pasado, y que permiti\u00f3, en un contexto sanitario m\u00e1s complejo que el actual, que no hubiese ning\u00fan foco de contagio. En este sentido, el subsecretario de Educaci\u00f3n Superior, Juan Eduardo Vargas, hizo un especial llamado a los postulantes a que revisen esta informaci\u00f3n y mantengan las medidas de autocuidado a dos semanas de rendir la PDT. \u201cPedimos a los interesados informarse, a partir de este lunes 15, sobre el grupo asignado a cada postulante, adem\u00e1s de estar atentos a la publicaci\u00f3n del 4 de diciembre, cuando daremos a conocer el local y la sala en que les corresponder\u00e1 dar la prueba. Por \u00faltimo, hago un doble llamado a la tranquilidad: primero, desde el punto de vista sanitario, en el sentido de que hemos mantenido los protocolos del proceso pasado para garantizar la seguridad de todos, aun en un mejor contexto sanitario que el que tuvimos en la PDT anterior. Y segundo, haci\u00e9ndoles ver a los postulantes que, si bien la PDT es importante, no piensen que se juegan todo su futuro acad\u00e9mico en estos d\u00edas de diciembre, pues a contar del 2022 tendr\u00e1n la posibilidad de rendirla dos veces al a\u00f1o. Es decir, deben saber que si no obtienen los puntajes que ellos esperan, en julio pr\u00f3ximo tendr\u00e1n una nueva oportunidad, en la que incluso podr\u00e1n elegir cu\u00e1l o cu\u00e1les de las pruebas rendir.\u201d<\/p>\n<p class=\"v1MsoNormal\" style=\"text-align: justify;\">El Seremi de Educaci\u00f3n de Ays\u00e9n Sergio Becerra Mera inform\u00f3 que en la regi\u00f3n son 1.893 los inscritos para rendir el examen de admisi\u00f3n a las universidades chilenas.<\/p>\n<p class=\"v1MsoNormal\" style=\"text-align: justify;\">La aplicaci\u00f3n para el primer grupo se iniciar\u00e1 el lunes 6 de diciembre, a las 10 de la ma\u00f1ana con la Prueba de Comprensi\u00f3n Lectora, y continuar\u00e1 a las 15 horas con la Prueba de Ciencias. El proceso seguir\u00e1 el martes 7 de diciembre, a las 10 de la ma\u00f1ana, con la Prueba de Matem\u00e1tica y a las 15 horas con la Prueba de Historia y Ciencias Sociales.<\/p>\n<p class=\"v1MsoNormal\" style=\"text-align: justify;\">El segundo grupo comenzar\u00e1 su turno de aplicaci\u00f3n el jueves 9 de diciembre, a las 10 de la ma\u00f1ana, con la Prueba de Comprensi\u00f3n Lectora, y continuar\u00e1 a las 15 horas con la Prueba de Ciencias. Mientras que el viernes 10 de diciembre, a las 10 de la ma\u00f1ana, se rendir\u00e1 la Prueba de Matem\u00e1tica y a las 15 horas la Prueba de Historia y Ciencias Sociales.<\/p>\n<p class=\"v1MsoNormal\" style=\"text-align: justify;\"><b>Indicaciones para el d\u00eda de rendici\u00f3n<\/b><\/p>\n<p class=\"v1MsoNormal\" style=\"text-align: justify;\">El ingreso al local ser\u00e1 15 minutos antes del inicio de la prueba. A los postulantes que cuentan con adecuaciones por alguna condici\u00f3n de discapacidad, se les permitir\u00e1 ingresar 30 minutos antes. Cada participante debe llevar su c\u00e9dula de identidad chilena o pasaporte, seg\u00fan corresponda, l\u00e1piz grafito N\u00b02 o portaminas HB, goma de borrar y su tarjeta de identificaci\u00f3n impresa. Tambi\u00e9n debe portar su mascarilla, que debe usarse en todo momento, cubriendo correctamente nariz y boca, adem\u00e1s de llevar alcohol gel y una segunda mascarilla de recambio. Durante todo el proceso debe mantener un distanciamiento f\u00edsico de al menos 1 metro lineal.<\/p>\n<p class=\"v1MsoNormal\" style=\"text-align: justify;\">Asimismo, no se permitir\u00e1 el ingreso con artefactos electr\u00f3nicos como celulares, tablets, calculadoras, m\u00e1quinas fotogr\u00e1ficas y relojes inteligentes, entre otros. Tampoco podr\u00e1n entrar con carteras, bolsos, mochilas o cualquier elemento que no sea necesario durante la prueba. Una vez que terminen la rendici\u00f3n, las personas deben salir inmediatamente del local siguiendo las instrucciones del equipo examinador.<\/p>\n<p class=\"v1MsoNormal\" style=\"text-align: justify;\"><b>Fechas importantes<\/b><\/p>\n<p class=\"v1MsoNormal\" style=\"text-align: left;\">15 noviembre : Publicaci\u00f3n listado de grupos para rendici\u00f3n 6-7 y 9-10 de diciembre.<\/p>\n<p class=\"v1MsoNormal\" style=\"text-align: left;\">4 diciembre : Publicaci\u00f3n de locales de rendici\u00f3n. Estudiantes podr\u00e1n imprimir su tarjeta de identificaci\u00f3n con informaci\u00f3n sobre grupo designado para la aplicaci\u00f3n, comuna, direcci\u00f3n del local y sala de rendici\u00f3n.<\/p>\n<p class=\"v1MsoNormal\" style=\"text-align: left;\">11 enero : Publicaci\u00f3n resultados Prueba de Transici\u00f3n.<\/p>\n<p class=\"v1MsoNormal\" style=\"text-align: left;\">11 al 14 enero : Proceso de postulaci\u00f3n a las universidades.<\/p>\n<p class=\"v1MsoNormal\" style=\"text-align: left;\">24 enero : Publicaci\u00f3n resultados de postulaci\u00f3n a universidades.<\/p>\n<p class=\"v1MsoNormal\" style=\"text-align: left;\">25 al 27 enero : Primer periodo de matr\u00edcula a las universidades adscritas al Sistema de Acceso.<\/p>\n<p class=\"v1MsoNormal\" style=\"text-align: left;\">28 enero al 3 febrero : Segundo periodo de matr\u00edcula a las universidades adscritas al Sistema de Acceso<\/p>\n<p class=\"v1MsoNormal\" style=\"text-align: left;\">Quienes tengan dudas, pueden encontrar m\u00e1s informaci\u00f3n en acceso.mineduc.cl o en demre.cl. Tambi\u00e9n pueden comunicarse con Ayuda Mineduc, al 600 600 26 26 (desde celulares, al 224066600), o a la Mesa de Ayuda DEMRE, al 229783806.<\/p>\n<\/div><\/section><\/div><div  style='height:50px' class='hr hr-invisible   avia-builder-el-6  el_after_av_one_full  el_before_av_social_share '><span class='hr-inner ' ><span class='hr-inner-style'><\/span><\/span><\/div><\/p>\n<div  class='av-social-sharing-box  avia-builder-el-7  el_after_av_hr  el_before_av_hr  '><div class='av-share-box'><h5 class='av-share-link-description av-no-toc '>Compartir esta noticia<\/h5><ul class='av-share-box-list noLightbox'><li class='av-share-link av-social-link-facebook' ><a target=\"_blank\" aria-label=\"Compartir en Facebook\" href='https:\/\/www.facebook.com\/sharer.php?u=https:\/\/radiorevelacionfm.cl\/?p=10840&#038;t=Publican%20lista%20de%20grupos%20para%20la%20rendici%C3%B3n%20de%20la%20Prueba%20de%20Transici%C3%B3n%20entre%20el%206%20y%2010%20de%20diciembre' aria-hidden='false' data-av_icon='\ue8f3' data-av_iconfont='entypo-fontello' title='' data-avia-related-tooltip='Compartir en Facebook' rel=\"noopener\"><span class='avia_hidden_link_text'>Compartir en Facebook<\/span><\/a><\/li><li class='av-share-link av-social-link-twitter' ><a target=\"_blank\" aria-label=\"Compartir en Twitter\" href='https:\/\/twitter.com\/share?text=Publican%20lista%20de%20grupos%20para%20la%20rendici%C3%B3n%20de%20la%20Prueba%20de%20Transici%C3%B3n%20entre%20el%206%20y%2010%20de%20diciembre&#038;url=https:\/\/radiorevelacionfm.cl\/?p=10840' aria-hidden='false' data-av_icon='\ue8f1' data-av_iconfont='entypo-fontello' title='' data-avia-related-tooltip='Compartir en Twitter' rel=\"noopener\"><span class='avia_hidden_link_text'>Compartir en Twitter<\/span><\/a><\/li><li class='av-share-link av-social-link-whatsapp' ><a target=\"_blank\" aria-label=\"Compartir en Whatsapp\" href='https:\/\/api.whatsapp.com\/send?text=https:\/\/radiorevelacionfm.cl\/?p=10840' aria-hidden='false' data-av_icon='\uf232' data-av_iconfont='entypo-fontello' title='' data-avia-related-tooltip='Compartir en Whatsapp' rel=\"noopener\"><span class='avia_hidden_link_text'>Compartir en Whatsapp<\/span><\/a><\/li><li class='av-share-link av-social-link-linkedin' ><a target=\"_blank\" aria-label=\"Compartir en LinkedIn\" href='https:\/\/linkedin.com\/shareArticle?mini=true&#038;title=Publican%20lista%20de%20grupos%20para%20la%20rendici%C3%B3n%20de%20la%20Prueba%20de%20Transici%C3%B3n%20entre%20el%206%20y%2010%20de%20diciembre&#038;url=https:\/\/radiorevelacionfm.cl\/?p=10840' aria-hidden='false' data-av_icon='\ue8fc' data-av_iconfont='entypo-fontello' title='' data-avia-related-tooltip='Compartir en LinkedIn' rel=\"noopener\"><span class='avia_hidden_link_text'>Compartir en LinkedIn<\/span><\/a><\/li><li class='av-share-link av-social-link-mail' ><a  aria-label=\"Compartir por correo\" href='mailto:?subject=Publican%20lista%20de%20grupos%20para%20la%20rendici%C3%B3n%20de%20la%20Prueba%20de%20Transici%C3%B3n%20entre%20el%206%20y%2010%20de%20diciembre&#038;body=https:\/\/radiorevelacionfm.cl\/?p=10840' aria-hidden='false' data-av_icon='\ue805' data-av_iconfont='entypo-fontello' title='' data-avia-related-tooltip='Compartir por correo'><span class='avia_hidden_link_text'>Compartir por correo<\/span><\/a><\/li><\/ul><\/div><\/div>\n<div  style='height:50px' class='hr hr-invisible   avia-builder-el-8  el_after_av_social_share  el_before_av_comments_list '><span class='hr-inner ' ><span class='hr-inner-style'><\/span><\/span><\/div>\n<div  class='av-buildercomment  av-blog-meta-html-info-disabled av-blog-meta-tag-disabled  '><\/div>\n","protected":false},"excerpt":{"rendered":"","protected":false},"author":1,"featured_media":5555,"comment_status":"open","ping_status":"open","sticky":false,"template":"","format":"standard","meta":{"footnotes":""},"categories":[49],"tags":[],"class_list":["post-10840","post","type-post","status-publish","format-standard","has-post-thumbnail","hentry","category-educacion"],"jetpack_featured_media_url":"https:\/\/radiorevelacionfm.cl\/wp-content\/uploads\/2021\/06\/PDT1-1-1.jpg","_links":{"self":[{"href":"https:\/\/radiorevelacionfm.cl\/index.php?rest_route=\/wp\/v2\/posts\/10840","targetHints":{"allow":["GET"]}}],"collection":[{"href":"https:\/\/radiorevelacionfm.cl\/index.php?rest_route=\/wp\/v2\/posts"}],"about":[{"href":"https:\/\/radiorevelacionfm.cl\/index.php?rest_route=\/wp\/v2\/types\/post"}],"author":[{"embeddable":true,"href":"https:\/\/radiorevelacionfm.cl\/index.php?rest_route=\/wp\/v2\/users\/1"}],"replies":[{"embeddable":true,"href":"https:\/\/radiorevelacionfm.cl\/index.php?rest_route=%2Fwp%2Fv2%2Fcomments&post=10840"}],"version-history":[{"count":2,"href":"https:\/\/radiorevelacionfm.cl\/index.php?rest_route=\/wp\/v2\/posts\/10840\/revisions"}],"predecessor-version":[{"id":10857,"href":"https:\/\/radiorevelacionfm.cl\/index.php?rest_route=\/wp\/v2\/posts\/10840\/revisions\/10857"}],"wp:featuredmedia":[{"embeddable":true,"href":"https:\/\/radiorevelacionfm.cl\/index.php?rest_route=\/wp\/v2\/media\/5555"}],"wp:attachment":[{"href":"https:\/\/radiorevelacionfm.cl\/index.php?rest_route=%2Fwp%2Fv2%2Fmedia&parent=10840"}],"wp:term":[{"taxonomy":"category","embeddable":true,"href":"https:\/\/radiorevelacionfm.cl\/index.php?rest_route=%2Fwp%2Fv2%2Fcategories&post=10840"},{"taxonomy":"post_tag","embeddable":true,"href":"https:\/\/radiorevelacionfm.cl\/index.php?rest_route=%2Fwp%2Fv2%2Ftags&post=10840"}],"curies":[{"name":"wp","href":"https:\/\/api.w.org\/{rel}","templated":true}]}}