{"id":10832,"date":"2021-11-15T18:18:26","date_gmt":"2021-11-15T21:18:26","guid":{"rendered":"https:\/\/radiorevelacionfm.cl\/?p=10832"},"modified":"2021-11-15T18:18:26","modified_gmt":"2021-11-15T21:18:26","slug":"felinos-silvestres-seran-monitoreados-en-parque-pumalin-douglas-tompkins","status":"publish","type":"post","link":"https:\/\/radiorevelacionfm.cl\/?p=10832","title":{"rendered":"Felinos silvestres ser\u00e1n monitoreados en Parque Pumal\u00edn Douglas Tompkins"},"content":{"rendered":"<div class=\"flex_column av_one_full  flex_column_div av-zero-column-padding first  avia-builder-el-0  el_before_av_one_full  avia-builder-el-first  \" style='border-radius:0px; '><div  class='avia-image-container  av-styling-    avia-builder-el-1  avia-builder-el-no-sibling  avia-align-center '  itemprop=\"image\" itemscope=\"itemscope\" itemtype=\"https:\/\/schema.org\/ImageObject\"  ><div class='avia-image-container-inner'><div class='avia-image-overlay-wrap'><img decoding=\"async\" class='wp-image-10833 avia-img-lazy-loading-not-10833 avia_image' src=\"https:\/\/radiorevelacionfm.cl\/wp-content\/uploads\/2021\/11\/Creditos-Foto-Maricela-Nunez1-1.jpg\" alt='' title='Cr\u00e9ditos Foto Maricela N\u00fa\u00f1ez1 (1)' height=\"600\" width=\"856\"  itemprop=\"thumbnailUrl\" srcset=\"https:\/\/radiorevelacionfm.cl\/wp-content\/uploads\/2021\/11\/Creditos-Foto-Maricela-Nunez1-1.jpg 856w, https:\/\/radiorevelacionfm.cl\/wp-content\/uploads\/2021\/11\/Creditos-Foto-Maricela-Nunez1-1-300x210.jpg 300w, https:\/\/radiorevelacionfm.cl\/wp-content\/uploads\/2021\/11\/Creditos-Foto-Maricela-Nunez1-1-768x538.jpg 768w, https:\/\/radiorevelacionfm.cl\/wp-content\/uploads\/2021\/11\/Creditos-Foto-Maricela-Nunez1-1-705x494.jpg 705w, https:\/\/radiorevelacionfm.cl\/wp-content\/uploads\/2021\/11\/Creditos-Foto-Maricela-Nunez1-1-600x421.jpg 600w\" sizes=\"(max-width: 856px) 100vw, 856px\" \/><\/div><\/div><\/div><\/div><div class=\"flex_column av_one_full  flex_column_div av-zero-column-padding first  avia-builder-el-2  el_after_av_one_full  el_before_av_one_full  column-top-margin\" style='border-radius:0px; '><section class=\"av_textblock_section \"  itemscope=\"itemscope\" itemtype=\"https:\/\/schema.org\/BlogPosting\" itemprop=\"blogPost\" ><div class='avia_textblock  '   itemprop=\"text\" ><p style=\"text-align: center;\"><strong><span style=\"font-size: 18pt;\">Felinos silvestres ser\u00e1n monitoreados en Parque Pumal\u00edn Douglas Tompkins<\/span><\/strong><\/p>\n<div id=\"gtx-trans\" style=\"position: absolute; left: -50px; top: 4.31534px;\">\n<div class=\"gtx-trans-icon\"><\/div>\n<\/div>\n<\/div><\/section><\/div><div class=\"flex_column av_one_full  flex_column_div av-zero-column-padding first  avia-builder-el-4  el_after_av_one_full  el_before_av_hr  column-top-margin\" style='border-radius:0px; '><section class=\"av_textblock_section \"  itemscope=\"itemscope\" itemtype=\"https:\/\/schema.org\/BlogPosting\" itemprop=\"blogPost\" ><div class='avia_textblock  '   itemprop=\"text\" ><p style=\"font-weight: 400; text-align: justify;\">En el marco del trabajo colaborativo entre CONAF, Fundaci\u00f3n Rewilding Chile y Panthera, organizaci\u00f3n internacional reconocida por el trabajo en la conservaci\u00f3n de felinos silvestres, se instalar\u00e1n cerca de 100 c\u00e1maras trampa en diferentes rincones del Parque Nacional.<\/p>\n<p style=\"font-weight: 400; text-align: justify;\">Con el objetivo de incrementar cuantitativa y cualitativamente el conocimiento de la ecolog\u00eda de estas especies, y su rango de distribuci\u00f3n en los ecosistemas patag\u00f3nicos, se ha iniciado un trabajo colaborativo pionero en el Parque Nacional Pumal\u00edn Douglas Tompkins.<\/p>\n<p style=\"font-weight: 400; text-align: justify;\">A trav\u00e9s de la instalaci\u00f3n de c\u00e1maras trampa y el posterior an\u00e1lisis de datos, se buscar\u00e1 conocer m\u00e1s sobre la ocupaci\u00f3n, distribuci\u00f3n y estado poblacional de felinos como la g\u00fci\u00f1a (Leopardus guigna), especie nativa pertenecientes al g\u00e9nero Leopardus y su interacci\u00f3n con otras especies como el puma (Puma concolor).<\/p>\n<p style=\"font-weight: 400; text-align: justify;\">El monitoreo, tambi\u00e9n permitir\u00e1 identificar amenazas y factores limitantes para estos animales y recopilar informaci\u00f3n sobre la interacci\u00f3n espacial y temporal con otras especies y predadores.<\/p>\n<p style=\"font-weight: 400; text-align: justify;\">Toda la informaci\u00f3n recabada, ser\u00e1 un insumo relevante para orientar las acciones del plan de manejo y conservaci\u00f3n de CONAF en el Parque Nacional. Hoy debido a la fragmentaci\u00f3n de su h\u00e1bitat, la disminuci\u00f3n de sus fuentes de alimento, la caza y el ataque de perros asilvestrados, los felinos silvestres de Chile se encuentran bajo amenaza por lo que urge potenciar iniciativas para conocer m\u00e1s sobre su estado.<\/p>\n<p style=\"font-weight: 400; text-align: justify;\">A futuro, y en el marco del mismo trabajo colaborativo, las c\u00e1maras ser\u00e1n trasladadas e instaladas en el Parque Nacional Patagonia, para el monitoreo y posterior estudio de especies de felinos silvestres que habitan en este sector de la Regi\u00f3n de Ays\u00e9n.<\/p>\n<\/div><\/section><\/div><div  style='height:50px' class='hr hr-invisible   avia-builder-el-6  el_after_av_one_full  el_before_av_social_share '><span class='hr-inner ' ><span class='hr-inner-style'><\/span><\/span><\/div><\/p>\n<div  class='av-social-sharing-box  avia-builder-el-7  el_after_av_hr  el_before_av_hr  '><div class='av-share-box'><h5 class='av-share-link-description av-no-toc '>Compartir esta noticia<\/h5><ul class='av-share-box-list noLightbox'><li class='av-share-link av-social-link-facebook' ><a target=\"_blank\" aria-label=\"Compartir en Facebook\" href='https:\/\/www.facebook.com\/sharer.php?u=https:\/\/radiorevelacionfm.cl\/?p=10832&#038;t=Felinos%20silvestres%20ser%C3%A1n%20monitoreados%20en%20Parque%20Pumal%C3%ADn%20Douglas%20Tompkins' aria-hidden='false' data-av_icon='\ue8f3' data-av_iconfont='entypo-fontello' title='' data-avia-related-tooltip='Compartir en Facebook' rel=\"noopener\"><span class='avia_hidden_link_text'>Compartir en Facebook<\/span><\/a><\/li><li class='av-share-link av-social-link-twitter' ><a target=\"_blank\" aria-label=\"Compartir en Twitter\" href='https:\/\/twitter.com\/share?text=Felinos%20silvestres%20ser%C3%A1n%20monitoreados%20en%20Parque%20Pumal%C3%ADn%20Douglas%20Tompkins&#038;url=https:\/\/radiorevelacionfm.cl\/?p=10832' aria-hidden='false' data-av_icon='\ue8f1' data-av_iconfont='entypo-fontello' title='' data-avia-related-tooltip='Compartir en Twitter' rel=\"noopener\"><span class='avia_hidden_link_text'>Compartir en Twitter<\/span><\/a><\/li><li class='av-share-link av-social-link-whatsapp' ><a target=\"_blank\" aria-label=\"Compartir en Whatsapp\" href='https:\/\/api.whatsapp.com\/send?text=https:\/\/radiorevelacionfm.cl\/?p=10832' aria-hidden='false' data-av_icon='\uf232' data-av_iconfont='entypo-fontello' title='' data-avia-related-tooltip='Compartir en Whatsapp' rel=\"noopener\"><span class='avia_hidden_link_text'>Compartir en Whatsapp<\/span><\/a><\/li><li class='av-share-link av-social-link-linkedin' ><a target=\"_blank\" aria-label=\"Compartir en LinkedIn\" href='https:\/\/linkedin.com\/shareArticle?mini=true&#038;title=Felinos%20silvestres%20ser%C3%A1n%20monitoreados%20en%20Parque%20Pumal%C3%ADn%20Douglas%20Tompkins&#038;url=https:\/\/radiorevelacionfm.cl\/?p=10832' aria-hidden='false' data-av_icon='\ue8fc' data-av_iconfont='entypo-fontello' title='' data-avia-related-tooltip='Compartir en LinkedIn' rel=\"noopener\"><span class='avia_hidden_link_text'>Compartir en LinkedIn<\/span><\/a><\/li><li class='av-share-link av-social-link-mail' ><a  aria-label=\"Compartir por correo\" href='mailto:?subject=Felinos%20silvestres%20ser%C3%A1n%20monitoreados%20en%20Parque%20Pumal%C3%ADn%20Douglas%20Tompkins&#038;body=https:\/\/radiorevelacionfm.cl\/?p=10832' aria-hidden='false' data-av_icon='\ue805' data-av_iconfont='entypo-fontello' title='' data-avia-related-tooltip='Compartir por correo'><span class='avia_hidden_link_text'>Compartir por correo<\/span><\/a><\/li><\/ul><\/div><\/div>\n<div  style='height:50px' class='hr hr-invisible   avia-builder-el-8  el_after_av_social_share  el_before_av_comments_list '><span class='hr-inner ' ><span class='hr-inner-style'><\/span><\/span><\/div>\n<div  class='av-buildercomment  av-blog-meta-html-info-disabled av-blog-meta-tag-disabled  '><\/div>\n","protected":false},"excerpt":{"rendered":"","protected":false},"author":1,"featured_media":10833,"comment_status":"open","ping_status":"open","sticky":false,"template":"","format":"standard","meta":{"footnotes":""},"categories":[39],"tags":[],"class_list":["post-10832","post","type-post","status-publish","format-standard","has-post-thumbnail","hentry","category-medio-ambiente"],"jetpack_featured_media_url":"https:\/\/radiorevelacionfm.cl\/wp-content\/uploads\/2021\/11\/Creditos-Foto-Maricela-Nunez1-1.jpg","_links":{"self":[{"href":"https:\/\/radiorevelacionfm.cl\/index.php?rest_route=\/wp\/v2\/posts\/10832","targetHints":{"allow":["GET"]}}],"collection":[{"href":"https:\/\/radiorevelacionfm.cl\/index.php?rest_route=\/wp\/v2\/posts"}],"about":[{"href":"https:\/\/radiorevelacionfm.cl\/index.php?rest_route=\/wp\/v2\/types\/post"}],"author":[{"embeddable":true,"href":"https:\/\/radiorevelacionfm.cl\/index.php?rest_route=\/wp\/v2\/users\/1"}],"replies":[{"embeddable":true,"href":"https:\/\/radiorevelacionfm.cl\/index.php?rest_route=%2Fwp%2Fv2%2Fcomments&post=10832"}],"version-history":[{"count":2,"href":"https:\/\/radiorevelacionfm.cl\/index.php?rest_route=\/wp\/v2\/posts\/10832\/revisions"}],"predecessor-version":[{"id":10835,"href":"https:\/\/radiorevelacionfm.cl\/index.php?rest_route=\/wp\/v2\/posts\/10832\/revisions\/10835"}],"wp:featuredmedia":[{"embeddable":true,"href":"https:\/\/radiorevelacionfm.cl\/index.php?rest_route=\/wp\/v2\/media\/10833"}],"wp:attachment":[{"href":"https:\/\/radiorevelacionfm.cl\/index.php?rest_route=%2Fwp%2Fv2%2Fmedia&parent=10832"}],"wp:term":[{"taxonomy":"category","embeddable":true,"href":"https:\/\/radiorevelacionfm.cl\/index.php?rest_route=%2Fwp%2Fv2%2Fcategories&post=10832"},{"taxonomy":"post_tag","embeddable":true,"href":"https:\/\/radiorevelacionfm.cl\/index.php?rest_route=%2Fwp%2Fv2%2Ftags&post=10832"}],"curies":[{"name":"wp","href":"https:\/\/api.w.org\/{rel}","templated":true}]}}