{"id":10825,"date":"2021-11-16T09:17:57","date_gmt":"2021-11-16T12:17:57","guid":{"rendered":"https:\/\/radiorevelacionfm.cl\/?p=10825"},"modified":"2021-11-16T09:17:57","modified_gmt":"2021-11-16T12:17:57","slug":"asociacion-gremial-de-mujeres-campesinas-participaron-en-taller-sobre-posesiones-efectivas","status":"publish","type":"post","link":"https:\/\/radiorevelacionfm.cl\/?p=10825","title":{"rendered":"Asociaci\u00f3n Gremial de Mujeres Campesinas participaron en taller sobre Posesiones Efectivas"},"content":{"rendered":"<div class=\"flex_column av_one_full  flex_column_div av-zero-column-padding first  avia-builder-el-0  el_before_av_one_full  avia-builder-el-first  \" style='border-radius:0px; '><div  class='avia-image-container  av-styling-    avia-builder-el-1  avia-builder-el-no-sibling  avia-align-center '  itemprop=\"image\" itemscope=\"itemscope\" itemtype=\"https:\/\/schema.org\/ImageObject\"  ><div class='avia-image-container-inner'><div class='avia-image-overlay-wrap'><img decoding=\"async\" class='wp-image-10827 avia-img-lazy-loading-not-10827 avia_image' src=\"https:\/\/radiorevelacionfm.cl\/wp-content\/uploads\/2021\/11\/charla-mujeres-campesinas-1-1_optimized.jpg\" alt='' title='charla-mujeres-campesinas-1-(1)_optimized' height=\"600\" width=\"1066\"  itemprop=\"thumbnailUrl\" srcset=\"https:\/\/radiorevelacionfm.cl\/wp-content\/uploads\/2021\/11\/charla-mujeres-campesinas-1-1_optimized.jpg 1066w, https:\/\/radiorevelacionfm.cl\/wp-content\/uploads\/2021\/11\/charla-mujeres-campesinas-1-1_optimized-300x169.jpg 300w, https:\/\/radiorevelacionfm.cl\/wp-content\/uploads\/2021\/11\/charla-mujeres-campesinas-1-1_optimized-1030x580.jpg 1030w, https:\/\/radiorevelacionfm.cl\/wp-content\/uploads\/2021\/11\/charla-mujeres-campesinas-1-1_optimized-768x432.jpg 768w, https:\/\/radiorevelacionfm.cl\/wp-content\/uploads\/2021\/11\/charla-mujeres-campesinas-1-1_optimized-705x397.jpg 705w, https:\/\/radiorevelacionfm.cl\/wp-content\/uploads\/2021\/11\/charla-mujeres-campesinas-1-1_optimized-600x338.jpg 600w\" sizes=\"(max-width: 1066px) 100vw, 1066px\" \/><\/div><\/div><\/div><\/div><div class=\"flex_column av_one_full  flex_column_div av-zero-column-padding first  avia-builder-el-2  el_after_av_one_full  el_before_av_one_full  column-top-margin\" style='border-radius:0px; '><section class=\"av_textblock_section \"  itemscope=\"itemscope\" itemtype=\"https:\/\/schema.org\/BlogPosting\" itemprop=\"blogPost\" ><div class='avia_textblock  '   itemprop=\"text\" ><p style=\"text-align: center;\"><strong><span style=\"font-size: 18pt;\">Asociaci\u00f3n Gremial de Mujeres Campesinas participaron en taller sobre Posesiones Efectivas <\/span><\/strong><\/p>\n<div id=\"gtx-trans\" style=\"position: absolute; left: -50px; top: 4.31534px;\">\n<div class=\"gtx-trans-icon\"><\/div>\n<\/div>\n<\/div><\/section><\/div><div class=\"flex_column av_one_full  flex_column_div av-zero-column-padding first  avia-builder-el-4  el_after_av_one_full  el_before_av_hr  column-top-margin\" style='border-radius:0px; '><section class=\"av_textblock_section \"  itemscope=\"itemscope\" itemtype=\"https:\/\/schema.org\/BlogPosting\" itemprop=\"blogPost\" ><div class='avia_textblock  '   itemprop=\"text\" ><p style=\"text-align: justify;\">Socias de la Asociaci\u00f3n Gremial de Mujeres Campesinas participaron de una charla denominada \u201cProcedimientos y solicitudes de Posesiones Efectivas\u201d actividad realizada por el abogado del Servicio de Registro Civil e Identificaci\u00f3n, Cristian Carrasco Barra, y que se llev\u00f3 a cabo el pasado viernes en dependencias de su sede en Coyhaique.<\/p>\n<p style=\"text-align: justify;\">El asesor jur\u00eddico del Servicio de Registro Civil e Identificaci\u00f3n, Cristian Carrasco se refiri\u00f3 a la tem\u00e1tica abordada en esta oportunidad, se\u00f1alando que \u201cconcurrimos a realizar la charla denominada \u201cProcedimientos y solicitudes de Posesiones Efectivas ante el Servicio de Registro Civil e Identificaci\u00f3n\u201d a la Asociaci\u00f3n Gremial de Mujeres Campesinas, donde participaron un gran n\u00famero de socias, las que estuvieron muy atentas a la charla desarrollada sobre un tema que no creemos menor, por cuanto tiene muchas consecuencias en lo administrativo y en lo legal, toda vez que fallece alg\u00fan ser querido, en consecuencia absorbimos una gran cantidad de consultas, fue una actividad muy provechosa porque las socias as\u00ed lo manifestaron y dejamos invitada a un gran grupo de usuarias para poder concurrir a nuestro servicio y poder continuar haciendo las consultas que correspondan, para poder colaborar con la tramitaci\u00f3n y solicitud de posesiones efectivas que nuestros usuarios y usuarias requieran\u201d.<\/p>\n<p style=\"text-align: justify;\">La Presidenta de la AG de Mujeres Campesinas, Guillermina Miranda agradeci\u00f3 la oportunidad de participar de este tipo de actividades se\u00f1alando que \u201cfue muy interesante la informaci\u00f3n entregada por don Cristian, qui\u00e9n adem\u00e1s tuvo mucha voluntad para responder todas nuestras preguntas, agradecemos tambi\u00e9n al Seremi Don Luis Prieto por estar presente con las mujeres del campo, no nos queda m\u00e1s que darle gracias a todo su equipo por la disponibilidad y la buena voluntad para con estas charlas informativas, ya que fue muy provechoso para nosotras, porque es muy importante que nuestras socias vayan aprendiendo sobre estos temas, que a veces si uno no los vive jam\u00e1s se informa, pero hay que estar informada antes que pasen las cosas y el estar organizadas, nos permite tener mayor llegada con las autoridades\u201d.<\/p>\n<p style=\"text-align: justify;\">Finalmente, el Seremi de Justicia y DD.HH Luis Prieto destac\u00f3 la realizaci\u00f3n de este tipo de acciones con la comunidad se\u00f1alando que \u201csiempre hemos estado disponibles para generar estas instancias informativas, en donde son los profesionales de nuestros servicios relacionados y dependientes, quienes concurren hacia distintos grupos de inter\u00e9s, para entregar sus conocimientos, como recientemente lo hemos hecho con la ECA de Gendarmer\u00eda, la dupla Jur\u00eddico-Social del programa Adulto Mayor de la CAJ, o hace alg\u00fan tiempo atr\u00e1s con psicolog\u00eda forense del SML, acercando de dicha forma nuestro Ministerio a las personas\u201d concluy\u00f3.<\/p>\n<\/div><\/section><\/div><div  style='height:50px' class='hr hr-invisible   avia-builder-el-6  el_after_av_one_full  el_before_av_social_share '><span class='hr-inner ' ><span class='hr-inner-style'><\/span><\/span><\/div><\/p>\n<div  class='av-social-sharing-box  avia-builder-el-7  el_after_av_hr  el_before_av_hr  '><div class='av-share-box'><h5 class='av-share-link-description av-no-toc '>Compartir esta noticia<\/h5><ul class='av-share-box-list noLightbox'><li class='av-share-link av-social-link-facebook' ><a target=\"_blank\" aria-label=\"Compartir en Facebook\" href='https:\/\/www.facebook.com\/sharer.php?u=https:\/\/radiorevelacionfm.cl\/?p=10825&#038;t=Asociaci%C3%B3n%20Gremial%20de%20Mujeres%20Campesinas%20participaron%20en%20taller%20sobre%20Posesiones%20Efectivas' aria-hidden='false' data-av_icon='\ue8f3' data-av_iconfont='entypo-fontello' title='' data-avia-related-tooltip='Compartir en Facebook' rel=\"noopener\"><span class='avia_hidden_link_text'>Compartir en Facebook<\/span><\/a><\/li><li class='av-share-link av-social-link-twitter' ><a target=\"_blank\" aria-label=\"Compartir en Twitter\" href='https:\/\/twitter.com\/share?text=Asociaci%C3%B3n%20Gremial%20de%20Mujeres%20Campesinas%20participaron%20en%20taller%20sobre%20Posesiones%20Efectivas&#038;url=https:\/\/radiorevelacionfm.cl\/?p=10825' aria-hidden='false' data-av_icon='\ue8f1' data-av_iconfont='entypo-fontello' title='' data-avia-related-tooltip='Compartir en Twitter' rel=\"noopener\"><span class='avia_hidden_link_text'>Compartir en Twitter<\/span><\/a><\/li><li class='av-share-link av-social-link-whatsapp' ><a target=\"_blank\" aria-label=\"Compartir en Whatsapp\" href='https:\/\/api.whatsapp.com\/send?text=https:\/\/radiorevelacionfm.cl\/?p=10825' aria-hidden='false' data-av_icon='\uf232' data-av_iconfont='entypo-fontello' title='' data-avia-related-tooltip='Compartir en Whatsapp' rel=\"noopener\"><span class='avia_hidden_link_text'>Compartir en Whatsapp<\/span><\/a><\/li><li class='av-share-link av-social-link-linkedin' ><a target=\"_blank\" aria-label=\"Compartir en LinkedIn\" href='https:\/\/linkedin.com\/shareArticle?mini=true&#038;title=Asociaci%C3%B3n%20Gremial%20de%20Mujeres%20Campesinas%20participaron%20en%20taller%20sobre%20Posesiones%20Efectivas&#038;url=https:\/\/radiorevelacionfm.cl\/?p=10825' aria-hidden='false' data-av_icon='\ue8fc' data-av_iconfont='entypo-fontello' title='' data-avia-related-tooltip='Compartir en LinkedIn' rel=\"noopener\"><span class='avia_hidden_link_text'>Compartir en LinkedIn<\/span><\/a><\/li><li class='av-share-link av-social-link-mail' ><a  aria-label=\"Compartir por correo\" href='mailto:?subject=Asociaci%C3%B3n%20Gremial%20de%20Mujeres%20Campesinas%20participaron%20en%20taller%20sobre%20Posesiones%20Efectivas&#038;body=https:\/\/radiorevelacionfm.cl\/?p=10825' aria-hidden='false' data-av_icon='\ue805' data-av_iconfont='entypo-fontello' title='' data-avia-related-tooltip='Compartir por correo'><span class='avia_hidden_link_text'>Compartir por correo<\/span><\/a><\/li><\/ul><\/div><\/div>\n<div  style='height:50px' class='hr hr-invisible   avia-builder-el-8  el_after_av_social_share  el_before_av_comments_list '><span class='hr-inner ' ><span class='hr-inner-style'><\/span><\/span><\/div>\n<div  class='av-buildercomment  av-blog-meta-html-info-disabled av-blog-meta-tag-disabled  '><\/div>\n","protected":false},"excerpt":{"rendered":"","protected":false},"author":1,"featured_media":10827,"comment_status":"open","ping_status":"open","sticky":false,"template":"","format":"standard","meta":{"footnotes":""},"categories":[38],"tags":[],"class_list":["post-10825","post","type-post","status-publish","format-standard","has-post-thumbnail","hentry","category-regional"],"jetpack_featured_media_url":"https:\/\/radiorevelacionfm.cl\/wp-content\/uploads\/2021\/11\/charla-mujeres-campesinas-1-1_optimized.jpg","_links":{"self":[{"href":"https:\/\/radiorevelacionfm.cl\/index.php?rest_route=\/wp\/v2\/posts\/10825","targetHints":{"allow":["GET"]}}],"collection":[{"href":"https:\/\/radiorevelacionfm.cl\/index.php?rest_route=\/wp\/v2\/posts"}],"about":[{"href":"https:\/\/radiorevelacionfm.cl\/index.php?rest_route=\/wp\/v2\/types\/post"}],"author":[{"embeddable":true,"href":"https:\/\/radiorevelacionfm.cl\/index.php?rest_route=\/wp\/v2\/users\/1"}],"replies":[{"embeddable":true,"href":"https:\/\/radiorevelacionfm.cl\/index.php?rest_route=%2Fwp%2Fv2%2Fcomments&post=10825"}],"version-history":[{"count":2,"href":"https:\/\/radiorevelacionfm.cl\/index.php?rest_route=\/wp\/v2\/posts\/10825\/revisions"}],"predecessor-version":[{"id":10848,"href":"https:\/\/radiorevelacionfm.cl\/index.php?rest_route=\/wp\/v2\/posts\/10825\/revisions\/10848"}],"wp:featuredmedia":[{"embeddable":true,"href":"https:\/\/radiorevelacionfm.cl\/index.php?rest_route=\/wp\/v2\/media\/10827"}],"wp:attachment":[{"href":"https:\/\/radiorevelacionfm.cl\/index.php?rest_route=%2Fwp%2Fv2%2Fmedia&parent=10825"}],"wp:term":[{"taxonomy":"category","embeddable":true,"href":"https:\/\/radiorevelacionfm.cl\/index.php?rest_route=%2Fwp%2Fv2%2Fcategories&post=10825"},{"taxonomy":"post_tag","embeddable":true,"href":"https:\/\/radiorevelacionfm.cl\/index.php?rest_route=%2Fwp%2Fv2%2Ftags&post=10825"}],"curies":[{"name":"wp","href":"https:\/\/api.w.org\/{rel}","templated":true}]}}